{"id":1204853,"date":"2026-07-31T03:32:37","date_gmt":"2026-07-31T03:32:37","guid":{"rendered":"https:\/\/www.europesays.com\/de\/1204853\/"},"modified":"2026-07-31T03:32:37","modified_gmt":"2026-07-31T03:32:37","slug":"ukraine-news-patriot-produktion-in-der-ukraine-koennte-laut-botschafterin-jahre-dauern","status":"publish","type":"post","link":"https:\/\/www.europesays.com\/de\/1204853\/","title":{"rendered":"Ukraine-News: Patriot-Produktion in der Ukraine k\u00f6nnte laut Botschafterin Jahre dauern"},"content":{"rendered":"<p>        <img decoding=\"async\" src=\"https:\/\/www.europesays.com\/de\/wp-content\/uploads\/2026\/07\/patriot-raketen-100.webp\" alt=\"Archiv: Bodengest\u00fctzte Flugabwehrraketen-Systeme vom Typ &quot;Patriot&quot; sind auf dem Flughafen Warschau-Radom zu sehen.\" title=\"Archiv: Bodengest\u00fctzte Flugabwehrraketen-Systeme vom Typ &quot;Patriot&quot; sind auf dem Flughafen Warschau-Radom zu sehen. | picture alliance\/dpa\/pap | Pawel Supernak\" class=\"responsive\"\/><\/p>\n<p class=\"topline\">Ukraine-News<\/p>\n<p class=\"author\">von MDR AKTUELL<\/p>\n<p>\n                Stand: 31.07.2026 04:20 Uhr<\/p>\n<p>\n        04:20 Uhr\n    <\/p>\n<p>    Drohnenangriff l\u00f6st Br\u00e4nde in russischer Region Wolgograd aus<\/p>\n<p class=\"\">Bei einem Drohnenangriff sind in der russischen Region Wolgograd nach Beh\u00f6rdenangaben eine Energieanlage und mehrere Lagerhallen in Brand geraten. Gouverneur Andrej Botscharow zufolge mussten f\u00fcnf Menschen medizinisch behandelt werden.<\/p>\n<p class=\"\">Welche Anlagen genau betroffen sind, teilten die Beh\u00f6rden zun\u00e4chst nicht mit. In der Region befindet sich unter anderem eine \u00d6lraffinerie des russischen Konzerns Lukoil. (Quelle: Reuters)<\/p>\n<p>\n        03:57 Uhr\n    <\/p>\n<p>    Rum\u00e4nien l\u00e4sst wegen Flugk\u00f6rpern Kampfjets aufsteigen<\/p>\n<p class=\"\">Rum\u00e4nien hat nach der Ortung von Flugk\u00f6rpern nahe der Grenze zur Ukraine vorsorglich zwei Kampfjets aufsteigen lassen. Das Nato- und EU-Mitglied warnte zudem die Bev\u00f6lkerung im grenznahen Bezirk Tulcea. Weitere Angaben zu den Flugk\u00f6rpern machten die rum\u00e4nischen Beh\u00f6rden zun\u00e4chst nicht. (Quelle: Reuters)<\/p>\n<p>\n        03:22 Uhr\n    <\/p>\n<p>    Ukraine: Patriot-Produktion k\u00f6nnte Jahre dauern<\/p>\n<p class=\"\">Die Ukraine rechnet nicht mit einer schnellen Genehmigung f\u00fcr die eigene Produktion von Patriot-Abfangraketen. Botschafterin Olha Stefanischyna erkl\u00e4rte, die Verhandlungen mit dem US-Verteidigungsministerium liefen, der Prozess k\u00f6nne jedoch ein bis f\u00fcnf Jahre dauern.<\/p>\n<p class=\"\">US-Pr\u00e4sident Donald Trump \u00e4u\u00dferte sich einem Medienbericht zufolge zur\u00fcckhaltend zu einer Lizenzvergabe. Der &#8222;Financial Times&#8220; zufolge erkl\u00e4rte Trump, es handle sich um eine au\u00dfergew\u00f6hnliche Waffe, bei deren Weitergabe Vorsicht geboten sei. Die Ukraine dr\u00e4ngt angesichts der anhaltenden russischen Luftangriffe auf eine rasche St\u00e4rkung ihrer Luftverteidigung. (Quelle: Reuters)<\/p>\n<p>\n        02:37 Uhr\n    <\/p>\n<p>    Selenskyj: Russland setzt wieder nordkoreanische Rakete ein<\/p>\n<p class=\"\">Russland hat bei seinem j\u00fcngsten Gro\u00dfangriff auf die Ukraine nach Angaben von Pr\u00e4sident Wolodymyr Selenskyj erstmals seit l\u00e4ngerer Zeit wieder eine ballistische Rakete aus Nordkorea eingesetzt. Die Rakete habe ein Wohnhaus in Raduschne bei Krywyj Rih getroffen, wo sechs Mitglieder einer Familie get\u00f6tet worden seien. Unabh\u00e4ngig \u00fcberpr\u00fcfen lassen sich die Angaben bislang nicht.<\/p>\n<p class=\"\">Selenskyj warf Moskau vor, seine milit\u00e4rische Zusammenarbeit mit Nordkorea weiter auszubauen. Nach ukrainischen und westlichen Erkenntnissen liefert Pj\u00f6ngjang unter anderem ballistische Raketen, Artillerie und Munition an Russland.<\/p>\n<p>\n        01:49 Uhr\n    <\/p>\n<p>    Russland stuft Telegram-Chef Durow als Terroristen ein<\/p>\n<p class=\"\">Russland hat den Gr\u00fcnder des Messengerdienstes Telegram, Pawel Durow, als &#8222;Terroristen und Extremisten&#8220; eingestuft. Der russische Inlandsgeheimdienst FSB wirft Telegram vor, dem ukrainischen Geheimdienst erm\u00f6glicht zu haben, \u00fcber die Plattform Russen f\u00fcr Sabotage- und Terrorakte anzuwerben. Zuvor hatte Moskau Durow bereits international zur Fahndung ausgeschrieben.<\/p>\n<p class=\"\">Durow und Telegram wiesen die Vorw\u00fcrfe zur\u00fcck. Der Unternehmer erkl\u00e4rte, die Einstufung sei eine Reaktion darauf, dass er Forderungen nach Massen\u00fcberwachung und Zensur abgelehnt habe. (Quelle: AFP)<\/p>\n<p>\n        00:05 Uhr\n    <\/p>\n<p>    Die Ereignisse gestern \u2013 30. Juli 2026<\/p>\n<p class=\"\">Russland hat die Ukraine in der Nacht massiv mit Raketen, Marschflugk\u00f6rpern und Drohnen angegriffen. Nach ukrainischen Angaben wurden mindestens acht Menschen get\u00f6tet und mehr als ein Dutzend verletzt. In Krywyj Rih starben sechs Menschen, darunter zwei Kinder. Je ein weiteres Todesopfer wurde aus Kiew und dem Gebiet Poltawa gemeldet. Auch Lwiw und weitere St\u00e4dte waren betroffen.<\/p>\n<p>\n            <strong>Video:<\/strong><br \/>\n            Tote und Verletzte in der Ukraine (1 Min)\n        <\/p>\n<p class=\"\">Ein mutma\u00dflich russischer Marschflugk\u00f6rper drang zudem in den polnischen Luftraum ein und schlug auf einem Feld im Osten des Landes ein. Verletzt wurde niemand. Nach Angaben von Ministerpr\u00e4sident Donald Tusk handelte es sich wahrscheinlich um eine russische Rakete vom Typ Ch-101. Eine abschlie\u00dfende Best\u00e4tigung stand noch aus. Polen und die Nato aktivierten Luft- und Bodenverteidigungssysteme. Unter anderem stiegen zwei polnische F-16-Kampfjets auf.<\/p>\n<p>\n            <strong>Video:<\/strong><br \/>\n            Mutma\u00dflich russische Rakete im polnischen Luftraum gesichtet (1 Min)\n        <\/p>\n<p class=\"\">Die Ukraine setzte ihre Angriffe auf russische Ziele fort. Das ukrainische Milit\u00e4r meldete Treffer auf vier russischen Tankern im Schwarzen und im Asowschen Meer. Russland berichtete vom Abschuss von 258 ukrainischen Drohnen. In der Region Pensa geriet nach einem Drohnenangriff ein Logistikzentrum des Online-H\u00e4ndlers Wildberries in Brand. Mindestens ein Mensch wurde verletzt, rund 200 Besch\u00e4ftigte wurden evakuiert.<\/p>\n<p class=\"\">Zugleich beeintr\u00e4chtigt die russische Blockade der ukrainischen Schwarzmeerh\u00e4fen den Eisenerzexport. Das Bergbaukombinat Poltawa k\u00fcndigte einen F\u00f6rderstopp von 10 bis 20 Tagen an. Auch das Kombinat in Krywyj Rih schr\u00e4nkte die F\u00f6rderung ein. Ausl\u00e4ndische Schiffe meiden derzeit nach ukrainischen Angaben die H\u00e4fen am Schwarzen Meer.<\/p>\n<p>\n        00:00 Uhr\n    <\/p>\n<p>    Ukraine-News am Freitag, 31. Juli 2026<\/p>\n<p class=\"\">Guten Tag! In unseren Ukraine-News halten wir Sie weiterhin \u00fcber die Entwicklungen im Krieg gegen die Ukraine auf dem aktuellen Stand. Alle wichtigen Nachrichten dazu erscheinen hier im Lauf des Tages.<\/p>\n<p class=\"\">Die Berichterstattung \u00fcber den Russland-Ukraine-Krieg ist komplex. Angaben zu Kriegsverlauf, Beschuss und Opfern durch offizielle Stellen der russischen und der ukrainischen Konfliktparteien k\u00f6nnen in der aktuellen Lage nicht unmittelbar von unabh\u00e4ngiger Stelle \u00fcberpr\u00fcft werden. Es gibt eine Vielzahl von Medienvertretern vor Ort, darunter auch unabh\u00e4ngige Journalisten aus verschiedenen L\u00e4ndern. Bei der Bewertung von Informationen sind verschiedene Quellen und eine kritische Haltung unerl\u00e4sslich, um ein m\u00f6glichst umfassendes Bild zu erhalten. Alles das ber\u00fccksichtigt der MDR in seinen Berichten \u00fcber den Russland-Ukraine-Krieg.<\/p>\n<p>        <img decoding=\"async\" src=\"https:\/\/www.europesays.com\/de\/wp-content\/uploads\/2026\/06\/ukraine-276.webp\" alt=\"Rettungskr\u00e4fte beseitigen Tr\u00fcmmer und suchen nach Menschen in einem Wohnblock, der von einer Rakete getroffen wurde.\" title=\"Rettungskr\u00e4fte beseitigen Tr\u00fcmmer und suchen nach Menschen in einem Wohnblock, der von einer Rakete getroffen wurde. | picture alliance\/dpa\/Ukrinform | -\" class=\"responsive\" loading=\"lazy\"\/><\/p>\n<p>Hintergr\u00fcnde<\/p>\n<p>Am 24. Februar 2022 hat Russland die Ukraine \u00fcberfallen. Doch die ukrainische Armee kann sich halten und konnte Gebiete zur\u00fcckerobern, der Westen unterst\u00fctzt sie. Aktuelle Nachrichten und Hintergr\u00fcnde.<\/p>\n<p>        <img decoding=\"async\" src=\"https:\/\/www.europesays.com\/de\/wp-content\/uploads\/2026\/06\/podcast-cover-was-tun-herr-general-100.webp\" alt=\"Der fr\u00fchere NATO-General und Generalleutnant a.D. Erhard B\u00fchler\" title=\"Der fr\u00fchere NATO-General und Generalleutnant a.D. Erhard B\u00fchler | MDR \/ Erhard B\u00fchler \" class=\"responsive\" loading=\"lazy\"\/><\/p>\n<p>Audio | MDR AKTUELL<\/p>\n<p>Krieg in Europa. Welche Strategie verfolgt die russische Armee, wie stehen die Chancen der ukrainischen Verteidiger? Einsch\u00e4tzungen der milit\u00e4rischen Lage und der Kriegsfolgen vom fr\u00fcheren NATO-General Erhard B\u00fchler.<\/p>\n<p>        <img decoding=\"async\" src=\"https:\/\/www.europesays.com\/de\/wp-content\/uploads\/2026\/06\/podcast-putins-krieg-100.webp\" alt=\"Podcast Putins Krieg\" title=\"Podcast Putins Krieg | dpa\/MDR\" class=\"responsive\" loading=\"lazy\"\/><\/p>\n<p>Podcast-Reihe<\/p>\n<p>Russland f\u00fchrt Krieg gegen die Ukraine &#8211; Zerst\u00f6rung, Leid und Flucht. In diesem Podcast b\u00fcndeln wir Interviews und Berichte rund um den Krieg, seine Folgen f\u00fcr die Welt, Europa und in Deutschland.<\/p>\n","protected":false},"excerpt":{"rendered":"Ukraine-News von MDR AKTUELL Stand: 31.07.2026 04:20 Uhr 04:20 Uhr Drohnenangriff l\u00f6st Br\u00e4nde in russischer Region Wolgograd aus&hellip;\n","protected":false},"author":2,"featured_media":1204854,"comment_status":"","ping_status":"","sticky":false,"template":"","format":"standard","meta":{"footnotes":"","_share_on_mastodon":"0"},"categories":[4012],"tags":[331,332,66372,13,15333,4046,85316,14,15,885,7851,14795,12024,307,12,116,251192,6075,113,317,64],"class_list":["post-1204853","post","type-post","status-publish","format-standard","has-post-thumbnail","category-ukraine","tag-aktuelle-nachrichten","tag-aktuelle-news","tag-durow","tag-headlines","tag-kampfjets","tag-krieg","tag-luftverteidigung","tag-nachrichten","tag-news","tag-nordkorea","tag-patriot","tag-raketen","tag-rumaenien","tag-russland","tag-schlagzeilen","tag-selenskyj","tag-stefanischyna","tag-telegram","tag-trump","tag-ukraine","tag-usa"],"share_on_mastodon":{"url":"https:\/\/pubeurope.com\/@de\/117012487979608305","error":""},"_links":{"self":[{"href":"https:\/\/www.europesays.com\/de\/wp-json\/wp\/v2\/posts\/1204853","targetHints":{"allow":["GET"]}}],"collection":[{"href":"https:\/\/www.europesays.com\/de\/wp-json\/wp\/v2\/posts"}],"about":[{"href":"https:\/\/www.europesays.com\/de\/wp-json\/wp\/v2\/types\/post"}],"author":[{"embeddable":true,"href":"https:\/\/www.europesays.com\/de\/wp-json\/wp\/v2\/users\/2"}],"replies":[{"embeddable":true,"href":"https:\/\/www.europesays.com\/de\/wp-json\/wp\/v2\/comments?post=1204853"}],"version-history":[{"count":0,"href":"https:\/\/www.europesays.com\/de\/wp-json\/wp\/v2\/posts\/1204853\/revisions"}],"wp:featuredmedia":[{"embeddable":true,"href":"https:\/\/www.europesays.com\/de\/wp-json\/wp\/v2\/media\/1204854"}],"wp:attachment":[{"href":"https:\/\/www.europesays.com\/de\/wp-json\/wp\/v2\/media?parent=1204853"}],"wp:term":[{"taxonomy":"category","embeddable":true,"href":"https:\/\/www.europesays.com\/de\/wp-json\/wp\/v2\/categories?post=1204853"},{"taxonomy":"post_tag","embeddable":true,"href":"https:\/\/www.europesays.com\/de\/wp-json\/wp\/v2\/tags?post=1204853"}],"curies":[{"name":"wp","href":"https:\/\/api.w.org\/{rel}","templated":true}]}}