{"id":1204904,"date":"2026-07-31T04:12:15","date_gmt":"2026-07-31T04:12:15","guid":{"rendered":"https:\/\/www.europesays.com\/de\/1204904\/"},"modified":"2026-07-31T04:12:15","modified_gmt":"2026-07-31T04:12:15","slug":"fortuna-duesseldorf-alexander-ende-laesst-favoriten-rolle-kalt-sport","status":"publish","type":"post","link":"https:\/\/www.europesays.com\/de\/1204904\/","title":{"rendered":"Fortuna D\u00fcsseldorf: Alexander Ende l\u00e4sst Favoriten-Rolle kalt | Sport"},"content":{"rendered":"<p><a class=\"skip-content skip-content--link\" href=\"#in-content-skip-link-target-v-0-0\">TTS-Player \u00fcberspringen\u21b5<\/a><a id=\"in-content-skip-link-target-v-0-0\" class=\"skip-content--target-link-hidden skip-content skip-content--target-link\" href=\"#in-content-skip-link-target-v-0-0\">Artikel weiterlesen<\/a><\/p>\n<p data-21134c99=\"0-2422\"><b>D\u00fcsseldorf \u2013 Noch vor wenigen Wochen lag <\/b><a href=\"https:\/\/www.bild.de\/sport\/fussball\/fortuna-duesseldorf\/startseite-fortuna-duesseldorf-31148850.bild.html\" class=\"text-link\" rel=\"nofollow noopener\" target=\"_blank\"><b>Fortuna D\u00fcsseldorf<\/b><\/a><b> in Schutt und Asche nach dem Abstieg in die <\/b><a href=\"https:\/\/www.bild.de\/sport\/fussball\/3-liga\/home-15770732.bild.html\" class=\"text-link\" rel=\"nofollow noopener\" target=\"_blank\"><b>3. Liga<\/b><\/a><b>. Kein Fan oder Verantwortlicher hatte dieses Szenario so wirklich auf der Rechnung. Und damals sah die Zukunft des Kult-Klubs finster aus. Da bef\u00fcrchteten viele einen Durchmarsch in die 4. Liga wie vor 25 Jahren. Zumal nicht mal mehr zehn Spieler unter Vertrag standen.<\/b><\/p>\n<p data-21134c99=\"0-2422\">Keine zweieinhalb Monate sp\u00e4ter hat sich das Bild v\u00f6llig gedreht. 15 neue Profis holten Manager Samir Arabi (47) und Trainer Alexander Ende (46) und sammelten damit Anerkennung von Experten. Die Fans fangen sp\u00e4testens seit dem 2:1-Testsieg \u00fcber Borussia Dortmund wieder an, an ihre Fortuna zu glauben.<\/p>\n<p data-21134c99=\"0-2422\">Bei den Wettanbietern rangiert D\u00fcsseldorf inzwischen auf den Spitzenpl\u00e4tzen in Sachen Aufstieg und sogar Meisterschaft. Endes Trainer-Kollegen in der 3. Liga sehen D\u00fcsseldorf neben Hansa Rostock als die Aufstiegsfavoriten.<\/p>\n<p>Abstieg nach Aufstiegs-Ank\u00fcndigung<\/p>\n<p data-21134c99=\"0-2422\">\u00dcber den hat bei Fortuna bisher nur der Kapit\u00e4n Jorrit Hendrix (31) geredet: \u201eDieser Verein geh\u00f6rt nicht in die 3. Liga. Deswegen bin ich auch zur\u00fcckgekommen, um ihn dahin zubringen, wo er hingeh\u00f6rt.\u201c Alle anderen im Klub halten den Ball flach, weil man dies vor den Aufstiegen 2012 und 2018 auch erfolgreich machte. Und weil die Klubf\u00fchrung den Aufstieg vor einem Jahr vollmundig ank\u00fcndigte und so richtig auf die Nase fiel.<\/p>\n<p data-21134c99=\"0-2422\">Und was sagt Ende angesichts der Vorhersagen der Trainer-Kollegen und den Quoten bei den Wettanbietern? Der Trainer gelassen auf BILD-Nachfrage: \u201eWeg von den Spielern: Egal, wie wir den Kader aufgef\u00fcllt h\u00e4tten, w\u00e4re Fortuna immer wieder als Favorit genannt worden. Als Absteiger, gro\u00dfer Verein, gro\u00dfe Stadt w\u00e4ren wir immer mit in dieses Thema mit reingehoben worden.\u201c<\/p>\n<p>Mehr zum Thema<\/p>\n<p data-21134c99=\"0-2422\">Aber Ende und Arabi holten nicht nur die meisten neuen Spieler (15) aller Drittligisten, sondern deren Qualit\u00e4t sorgt bei Konkurrenz und Fans f\u00fcr Anerkennung: Der Trainer: \u201eJetzt haben wir nat\u00fcrlich die ein oder andere Verpflichtung mit Namen, die auch die Menschen kennen. Und das tr\u00e4gt dann nicht dazu bei, dass man weniger Erwartungshaltung hat.\u201c<\/p>\n<p data-21134c99=\"0-2422\">Aber das l\u00e4sst den Trainer fast kalt: \u201eIch bin im Tagesgesch\u00e4ft. Ich arbeite mit der Mannschaft auf den Punkt hin. Aber die Euphorie und den positiven Zuspruch nehme ich gerne mit. Das ist auch wichtig. Alles andere interessiert mich nicht.\u201c Und das Wort \u201eAufstieg\u201c nimmt Ende erst gar nicht in den Mund \u2026<\/p>\n","protected":false},"excerpt":{"rendered":"TTS-Player \u00fcberspringen\u21b5Artikel weiterlesen D\u00fcsseldorf \u2013 Noch vor wenigen Wochen lag Fortuna D\u00fcsseldorf in Schutt und Asche nach dem&hellip;\n","protected":false},"author":2,"featured_media":1204905,"comment_status":"","ping_status":"","sticky":false,"template":"","format":"standard","meta":{"footnotes":"","_share_on_mastodon":"0"},"categories":[1831],"tags":[13054,5876,3364,29,3405,3132,347,30,16484,1209,819],"class_list":["post-1204904","post","type-post","status-publish","format-standard","has-post-thumbnail","category-duesseldorf","tag-abstieg","tag-aufstieg","tag-de","tag-deutschland","tag-duesseldorf","tag-fortuna-duesseldorf","tag-fussball","tag-germany","tag-joerg-zschoche","tag-nordrhein-westfalen","tag-sport-leuchtturm-essen"],"share_on_mastodon":{"url":"","error":""},"_links":{"self":[{"href":"https:\/\/www.europesays.com\/de\/wp-json\/wp\/v2\/posts\/1204904","targetHints":{"allow":["GET"]}}],"collection":[{"href":"https:\/\/www.europesays.com\/de\/wp-json\/wp\/v2\/posts"}],"about":[{"href":"https:\/\/www.europesays.com\/de\/wp-json\/wp\/v2\/types\/post"}],"author":[{"embeddable":true,"href":"https:\/\/www.europesays.com\/de\/wp-json\/wp\/v2\/users\/2"}],"replies":[{"embeddable":true,"href":"https:\/\/www.europesays.com\/de\/wp-json\/wp\/v2\/comments?post=1204904"}],"version-history":[{"count":0,"href":"https:\/\/www.europesays.com\/de\/wp-json\/wp\/v2\/posts\/1204904\/revisions"}],"wp:featuredmedia":[{"embeddable":true,"href":"https:\/\/www.europesays.com\/de\/wp-json\/wp\/v2\/media\/1204905"}],"wp:attachment":[{"href":"https:\/\/www.europesays.com\/de\/wp-json\/wp\/v2\/media?parent=1204904"}],"wp:term":[{"taxonomy":"category","embeddable":true,"href":"https:\/\/www.europesays.com\/de\/wp-json\/wp\/v2\/categories?post=1204904"},{"taxonomy":"post_tag","embeddable":true,"href":"https:\/\/www.europesays.com\/de\/wp-json\/wp\/v2\/tags?post=1204904"}],"curies":[{"name":"wp","href":"https:\/\/api.w.org\/{rel}","templated":true}]}}