{"id":1204970,"date":"2026-07-31T04:55:45","date_gmt":"2026-07-31T04:55:45","guid":{"rendered":"https:\/\/www.europesays.com\/de\/1204970\/"},"modified":"2026-07-31T04:55:45","modified_gmt":"2026-07-31T04:55:45","slug":"fdp-fordert-transparente-pruefung-der-einsatzfaehigkeit-des-landesamtes-in-mainz","status":"publish","type":"post","link":"https:\/\/www.europesays.com\/de\/1204970\/","title":{"rendered":"FDP fordert transparente Pr\u00fcfung der Einsatzf\u00e4higkeit des Landesamtes in Mainz"},"content":{"rendered":"<p>Mainz\/Ahrweiler. Nach Medienberichten \u00fcber interne Probleme beim Landesamt f\u00fcr Brand- und Katastrophenschutz fordert die FDP Rheinland-Pfalz eine transparente Pr\u00fcfung seiner personellen, organisatorischen und technischen Einsatzf\u00e4higkeit. <\/p>\n<p>Berichtet wird unter anderem \u00fcber Personalfluktuation, eine m\u00f6gliche Unterbesetzung des 24\/7-Lagezentrums sowie Digitalisierungsdefizite. Zudem ermittelt die Staatsanwaltschaft Koblenz gegen den Pr\u00e4sidenten des Landesamtes wegen des Anfangsverdachts der Untreue. Dabei gilt uneingeschr\u00e4nkt die Unschuldsvermutung. <\/p>\n<p>\u201eDas Landesamt wurde als zentrale Konsequenz aus der Flutkatastrophe geschaffen. Deshalb muss zweifelsfrei feststehen, dass es im Ernstfall personell, technisch und organisatorisch voll handlungsf\u00e4hig ist. Die Landesregierung darf die aufgeworfenen Fragen nicht lediglich mit der laufenden Aufbauphase erkl\u00e4ren\u201c, sagt der FDP-Landesvorsitzende Stefan Thoma. <\/p>\n<p>Ulrich van Bebber, Kreisvorsitzender der FDP im besonders von der Flut betroffenen Kreis Ahrweiler, erg\u00e4nzt: \u201eDie Menschen im Ahrtal haben erlebt, welche Folgen unklare Zust\u00e4ndigkeiten und mangelhafte Kommunikation haben k\u00f6nnen. Die Lehren aus der Flut m\u00fcssen sich im Ernstfall praktisch bew\u00e4hren \u2013 durch klare F\u00fchrung, funktionierende Technik und eine vertrauensvolle Zusammenarbeit mit den Einsatzkr\u00e4ften vor Ort.\u201c <\/p>\n<p>Die FDP fordert vom Innenministerium einen \u00f6ffentlichen Bericht \u00fcber die personelle Besetzung, die Funktionsf\u00e4higkeit des Lagezentrums, den Stand der Digitalisierung und die Zusammenarbeit mit Kommunen und Leitstellen. Zugleich m\u00fcsse durch regelm\u00e4\u00dfige \u00dcbungen nachgewiesen werden, dass das Landesamt auch bei gr\u00f6\u00dferen und l\u00e4nger dauernden Krisen zuverl\u00e4ssig arbeiten kann. <\/p>\n<p>Die operative Leistungsf\u00e4higkeit des Landesamtes m\u00fcsse unabh\u00e4ngig vom strafrechtlichen Ermittlungsverfahren gepr\u00fcft werden. \u201eEs geht nicht um Vorverurteilungen oder vorschnelle personelle Forderungen. Es geht um die Sicherheit der Menschen und das Vertrauen der Einsatzkr\u00e4fte\u201c, betont Thoma. <\/p>\n<p>                <a href=\"https:\/\/www.blick-aktuell.de\/Berichte\/Flut-Denkmal-im-Ahrtal-Grundsteinlegung-verzoegert-sich--669631.html?StoryId=670585\" rel=\"nofollow noopener\" target=\"_blank\">&#13;<br \/>\n                  <img decoding=\"async\" class=\"img-responsive WebStoryLink-Image\" src=\"https:\/\/www.europesays.com\/de\/wp-content\/uploads\/2026\/07\/Flut-Denkmal-im-Ahrtal-Grundsteinlegung-verzoegert-sich--669631t.jpg\" alt=\"Flut-Denkmal im Ahrtal: Grundsteinlegung verz\u00f6gert sich \"\/>&#13;<br \/>\n                <\/a><\/p>\n<p>                <a href=\"https:\/\/www.blick-aktuell.de\/Berichte\/We-AHR-strong-Fuenf-Jahre-spaeter-ein-neuer-Blick-669475.html?StoryId=670585\" rel=\"nofollow noopener\" target=\"_blank\">&#13;<br \/>\n                  <img decoding=\"async\" class=\"img-responsive WebStoryLink-Image\" src=\"https:\/\/www.europesays.com\/de\/wp-content\/uploads\/2026\/07\/We-AHR-strong-Fuenf-Jahre-spaeter-ein-neuer-Blick-669475t.jpg\" alt=\"\u201eWe AHR strong \u2013 F\u00fcnf Jahre sp\u00e4ter, ein neuer Blick\u201c\"\/>&#13;<br \/>\n                <\/a><\/p>\n<p>                <a href=\"https:\/\/www.blick-aktuell.de\/Berichte\/HeimatLand-002-Der-Olivenhain-im-Ahrtal-660893.html?StoryId=670585\" rel=\"nofollow noopener\" target=\"_blank\">&#13;<br \/>\n                  <img decoding=\"async\" class=\"img-responsive WebStoryLink-Image\" src=\"https:\/\/www.europesays.com\/de\/wp-content\/uploads\/2026\/06\/HeimatLand-002-Der-Olivenhain-im-Ahrtal-660893t.jpg\" alt=\"\u201eHeimat?Land!\u201c #002: Der Olivenhain im Ahrtal\"\/>&#13;<br \/>\n                <\/a><\/p>\n","protected":false},"excerpt":{"rendered":"Mainz\/Ahrweiler. Nach Medienberichten \u00fcber interne Probleme beim Landesamt f\u00fcr Brand- und Katastrophenschutz fordert die FDP Rheinland-Pfalz eine transparente&hellip;\n","protected":false},"author":2,"featured_media":1204971,"comment_status":"","ping_status":"","sticky":false,"template":"","format":"standard","meta":{"footnotes":"","_share_on_mastodon":"0"},"categories":[1847],"tags":[3364,29,548,663,3934,187,30,13,190799,2052,1425,251205,251206,1427,14,15,1756,12,217447,251204,4544],"class_list":["post-1204970","post","type-post","status-publish","format-standard","has-post-thumbnail","category-wiesbaden","tag-de","tag-deutschland","tag-eu","tag-europa","tag-europe","tag-fdp","tag-germany","tag-headlines","tag-heimatreporter","tag-hessen","tag-koblenz","tag-landesamt-fr-brand-und-katastrophenschutz","tag-landkreis-ahrweiler","tag-mainz","tag-nachrichten","tag-news","tag-rheinland-pfalz","tag-schlagzeilen","tag-stefan-thoma","tag-ulrich-van-bebber","tag-wiesbaden"],"share_on_mastodon":{"url":"https:\/\/pubeurope.com\/@de\/117012814010679467","error":""},"_links":{"self":[{"href":"https:\/\/www.europesays.com\/de\/wp-json\/wp\/v2\/posts\/1204970","targetHints":{"allow":["GET"]}}],"collection":[{"href":"https:\/\/www.europesays.com\/de\/wp-json\/wp\/v2\/posts"}],"about":[{"href":"https:\/\/www.europesays.com\/de\/wp-json\/wp\/v2\/types\/post"}],"author":[{"embeddable":true,"href":"https:\/\/www.europesays.com\/de\/wp-json\/wp\/v2\/users\/2"}],"replies":[{"embeddable":true,"href":"https:\/\/www.europesays.com\/de\/wp-json\/wp\/v2\/comments?post=1204970"}],"version-history":[{"count":0,"href":"https:\/\/www.europesays.com\/de\/wp-json\/wp\/v2\/posts\/1204970\/revisions"}],"wp:featuredmedia":[{"embeddable":true,"href":"https:\/\/www.europesays.com\/de\/wp-json\/wp\/v2\/media\/1204971"}],"wp:attachment":[{"href":"https:\/\/www.europesays.com\/de\/wp-json\/wp\/v2\/media?parent=1204970"}],"wp:term":[{"taxonomy":"category","embeddable":true,"href":"https:\/\/www.europesays.com\/de\/wp-json\/wp\/v2\/categories?post=1204970"},{"taxonomy":"post_tag","embeddable":true,"href":"https:\/\/www.europesays.com\/de\/wp-json\/wp\/v2\/tags?post=1204970"}],"curies":[{"name":"wp","href":"https:\/\/api.w.org\/{rel}","templated":true}]}}