{"id":1205050,"date":"2026-07-31T05:49:15","date_gmt":"2026-07-31T05:49:15","guid":{"rendered":"https:\/\/www.europesays.com\/de\/1205050\/"},"modified":"2026-07-31T05:49:15","modified_gmt":"2026-07-31T05:49:15","slug":"frankfurt-mann-soll-ehefrau-aus-22-stock-gestossen-haben-urteil-erwartet","status":"publish","type":"post","link":"https:\/\/www.europesays.com\/de\/1205050\/","title":{"rendered":"Frankfurt: Mann soll Ehefrau aus 22. Stock gesto\u00dfen haben \u2013 Urteil erwartet"},"content":{"rendered":"<p>Heimt\u00fcckischer Mord in Frankfurter Hotel? <\/p>\n<p>Urteil f\u00e4llt: Mann soll Ehefrau aus 22. Stock gesto\u00dfen haben<\/p>\n<p>31.07.2026 &#8211; 07:43 UhrLesedauer: 2 Min.<\/p>\n<p><a href=\"#focus-0\" class=\"transition-colors block text-current relative\" data-sctrack=\"FocusGalleryImage.Reference\"><img fetchpriority=\"high\" data-testid=\"Opener.Image\"   loading=\"eager\" src=\"https:\/\/www.europesays.com\/de\/wp-content\/uploads\/2026\/07\/justitia-mit-waage-und-schwert-im-gerechtigkeitsbrunnen-auf-dem-roemerberg-archivbild-der-angeklagte.jpeg\" alt=\"Justitia mit Waage und Schwert im Gerechtigkeitsbrunnen auf dem R\u00f6merberg (Archivbild): Der Angeklagte \u00e4u\u00dferte sich im Prozess nicht zu den Vorw\u00fcrfen.\" title=\"Justitia mit Waage und Schwert im Gerechtigkeitsbrunnen auf dem R\u00f6merberg (Archivbild): Der Angeklagte \u00e4u\u00dferte sich im Prozess nicht zu den Vorw\u00fcrfen.\" width=\"3600\" height=\"2025\" class=\"bg-[url:var(--lqipURL)] bg-cover bg-center flex h-full w-full max-w-full\" style=\"--lqipURL:url('https:\/\/images.t-online.de\/2026\/07\/xj3z0zVmfO7q\/0x115:3600x2025\/fit-in\/150x0\/filters:blur(25)\/justitia-mit-waage-und-schwert-im-gerechtigkeitsbrunnen-auf-dem-roemerberg-archivbild-der-angeklagte-aeusserte-sich-im-prozess-nicht-zu-den-vorwuerfen.jpg')\" decoding=\"async\"\/><img loading=\"lazy\" src=\"https:\/\/frankfurt.t-online.de\/s\/paper\/_next\/static\/media\/zoom-in.f7dae02f.svg\" alt=\"Vergr\u00f6\u00dfern des Bildes\" title=\"Vergr\u00f6\u00dfern des Bildes\" class=\"block h-[calc(var(--height)_\/_16_*_1rem)] w-[calc(var(--width)_\/_16_*_1rem)] max-w-none absolute right-8 bottom-8 rounded-4 bg-snow p-8\" style=\"--width:32;--height:32\" decoding=\"async\"\/><\/a><\/p>\n<p>Justitia mit Waage und Schwert im Gerechtigkeitsbrunnen auf dem R\u00f6merberg (Archivbild): Der Angeklagte \u00e4u\u00dferte sich im Prozess nicht zu den Vorw\u00fcrfen. (Quelle: Imago\/Jan Huebner)<\/p>\n<p><img loading=\"lazy\" src=\"https:\/\/frankfurt.t-online.de\/s\/paper\/_next\/static\/media\/audio-volume.6689034c.svg\" alt=\"\" title=\"\" class=\"block h-[calc(var(--height)_\/_16_*_1rem)] w-[calc(var(--width)_\/_16_*_1rem)] max-w-none group-hover:brightness-0 group-hover:invert\" style=\"--width:16;--height:16\" decoding=\"async\"\/>Vorlesen<\/p>\n<p>Aktuelle Zeit:0:00Gesamtdauer:0:00<\/p>\n<p>1x<\/p>\n<p class=\"text-center\">Jetzt neu bei t-online:<\/p>\n<p class=\"text-center\">Schriftgr\u00f6\u00dfe anpassen!<\/p>\n<p><img loading=\"lazy\" src=\"https:\/\/frankfurt.t-online.de\/s\/paper\/_next\/static\/media\/font-sizes.32942e33.svg\" alt=\"\" title=\"\" class=\"block h-[calc(var(--height)_\/_16_*_1rem)] w-[calc(var(--width)_\/_16_*_1rem)] max-w-none group-hover:hidden group-aria-expanded:hidden\" style=\"--width:16;--height:16\" decoding=\"async\"\/><img loading=\"lazy\" src=\"https:\/\/frankfurt.t-online.de\/s\/paper\/_next\/static\/media\/font-sizes-dark-mode.e382645c.svg\" alt=\"\" title=\"\" class=\"block h-[calc(var(--height)_\/_16_*_1rem)] w-[calc(var(--width)_\/_16_*_1rem)] max-w-none hidden group-hover:block group-aria-expanded:block\" style=\"--width:16;--height:16\" decoding=\"async\"\/><img loading=\"lazy\" src=\"https:\/\/frankfurt.t-online.de\/s\/paper\/_next\/static\/media\/sharing-menu-icon.1eb71368.svg\" alt=\"\" title=\"\" class=\"block h-[calc(var(--height)_\/_16_*_1rem)] w-[calc(var(--width)_\/_16_*_1rem)] max-w-none group-hover:brightness-0 group-hover:invert\" style=\"--width:16;--height:16\" decoding=\"async\"\/>Artikel teilen<\/p>\n<p class=\"font-bold text-18 leading-17 user-text-lg:text-22 user-text-xl:text-24\">Die Frankfurter Staatsanwaltschaft fordert lebenslange Haft wegen Mordes, die Verteidigung einen Freispruch: Nach fast vier Monaten Prozess f\u00e4llt nun das Urteil.<\/p>\n<p class=\"text-18 leading-17 user-text-lg:text-22 user-text-xl:text-24\">Das <a href=\"https:\/\/www.t-online.de\/themen\/landgericht-frankfurt\/\" class=\"transition-colors cursor-pointer no-underline md:hover:text-magenta md:focus:text-magenta border-b border-solid border-current text-salemsfur md:hover:border-magenta\" data-tracking=\"{&quot;action&quot;:&quot;click&quot;,&quot;category&quot;:&quot;intextLink&quot;,&quot;label&quot;:&quot;https:\/\/www.t-online.de\/themen\/landgericht-frankfurt\/&quot;}\" data-sctrack=\"BodyAnchor\" rel=\"nofollow noopener\" target=\"_blank\">Landgericht Frankfurt<\/a> will an diesem Freitag (10 Uhr) das Urteil gegen einen 60 Jahre alten Deutsch-Briten verk\u00fcnden. Die Staatsanwaltschaft wirft ihm vor, seine Ehefrau im Mai 2023 aus dem 22. Stock eines Frankfurter Hotels gesto\u00dfen und damit heimt\u00fcckisch ermordet zu haben. Nach Auffassung der Anklage wollte der Mann mit seiner mehr als 20 Jahre j\u00fcngeren Geliebten zusammenleben und sich zugleich die finanziellen Folgen einer Scheidung ersparen.<\/p>\n<p class=\"text-18 leading-17 user-text-lg:text-22 user-text-xl:text-24\">Die Staatsanw\u00e4ltin forderte deshalb eine lebenslange Freiheitsstrafe wegen Mordes. Die Verteidigung pl\u00e4dierte dagegen auf Freispruch und verwies auf aus ihrer Sicht bestehende Zweifel an der Schuld des Angeklagten. Der 60-J\u00e4hrige \u00e4u\u00dferte sich w\u00e4hrend des fast vier Monate dauernden Prozesses nicht.<\/p>\n<p>Ehemann spricht von einem Unfall<\/p>\n<p class=\"text-18 leading-17 user-text-lg:text-22 user-text-xl:text-24\">Das Ehepaar war elf Jahre verheiratet und lebte mit den beiden gemeinsamen Kindern in einem Einfamilienhaus in Rodgau im Landkreis Offenbach. Weil eine Trennung den Mann finanziell ruiniert h\u00e4tte, soll er den Entschluss gefasst haben, seine Frau zu t\u00f6ten.<\/p>\n<p class=\"text-18 leading-17 user-text-lg:text-22 user-text-xl:text-24\">Den Ermittlungen zufolge buchte der Angeklagte daf\u00fcr ein Hotelzimmer im 22. Stock eines Frankfurter Hotels. Dort soll er seine alkoholisierte 40 Jahre alte Ehefrau am Abend des Vatertags im Mai 2023 \u00fcber das Balkongel\u00e4nder gesto\u00dfen haben. Die Frau st\u00fcrzte 61 Meter in die Tiefe und war sofort tot.<\/p>\n<p class=\"text-18 leading-17 user-text-lg:text-22 user-text-xl:text-24\">Der Angeklagte erkl\u00e4rte, es habe sich um einen Unfall gehandelt. Nach dem Tod seiner Frau soll er mit seiner neuen Partnerin und den Kindern ein gemeinsames Leben begonnen sowie \u00fcber eine Spendenkampagne auf GoFundMe mehr als 10.000 Euro eingenommen haben. Nach Ermittlungen der Polizei wurde der Mann im April 2025 festgenommen und befindet sich seitdem in Untersuchungshaft.<\/p>\n","protected":false},"excerpt":{"rendered":"Heimt\u00fcckischer Mord in Frankfurter Hotel? Urteil f\u00e4llt: Mann soll Ehefrau aus 22. Stock gesto\u00dfen haben 31.07.2026 &#8211; 07:43&hellip;\n","protected":false},"author":2,"featured_media":1205051,"comment_status":"","ping_status":"","sticky":false,"template":"","format":"standard","meta":{"footnotes":"","_share_on_mastodon":"0"},"categories":[1829],"tags":[722,29,2050,2051,13272,251217,30,2052,7085,2183,17316,1997],"class_list":["post-1205050","post","type-post","status-publish","format-standard","has-post-thumbnail","category-frankfurt-am-main","tag-722","tag-deutschland","tag-frankfurt","tag-frankfurt-am-main","tag-freispruch","tag-gerechtigkeitsbrunnen","tag-germany","tag-hessen","tag-landgericht-frankfurt-am-main","tag-mord","tag-roemerberg","tag-staatsanwaltschaft"],"share_on_mastodon":{"url":"","error":""},"_links":{"self":[{"href":"https:\/\/www.europesays.com\/de\/wp-json\/wp\/v2\/posts\/1205050","targetHints":{"allow":["GET"]}}],"collection":[{"href":"https:\/\/www.europesays.com\/de\/wp-json\/wp\/v2\/posts"}],"about":[{"href":"https:\/\/www.europesays.com\/de\/wp-json\/wp\/v2\/types\/post"}],"author":[{"embeddable":true,"href":"https:\/\/www.europesays.com\/de\/wp-json\/wp\/v2\/users\/2"}],"replies":[{"embeddable":true,"href":"https:\/\/www.europesays.com\/de\/wp-json\/wp\/v2\/comments?post=1205050"}],"version-history":[{"count":0,"href":"https:\/\/www.europesays.com\/de\/wp-json\/wp\/v2\/posts\/1205050\/revisions"}],"wp:featuredmedia":[{"embeddable":true,"href":"https:\/\/www.europesays.com\/de\/wp-json\/wp\/v2\/media\/1205051"}],"wp:attachment":[{"href":"https:\/\/www.europesays.com\/de\/wp-json\/wp\/v2\/media?parent=1205050"}],"wp:term":[{"taxonomy":"category","embeddable":true,"href":"https:\/\/www.europesays.com\/de\/wp-json\/wp\/v2\/categories?post=1205050"},{"taxonomy":"post_tag","embeddable":true,"href":"https:\/\/www.europesays.com\/de\/wp-json\/wp\/v2\/tags?post=1205050"}],"curies":[{"name":"wp","href":"https:\/\/api.w.org\/{rel}","templated":true}]}}