{"id":1205069,"date":"2026-07-31T05:59:16","date_gmt":"2026-07-31T05:59:16","guid":{"rendered":"https:\/\/www.europesays.com\/de\/1205069\/"},"modified":"2026-07-31T05:59:16","modified_gmt":"2026-07-31T05:59:16","slug":"anschlag-auf-den-csd-jetzt-bloss-nicht-spalten-lassen","status":"publish","type":"post","link":"https:\/\/www.europesays.com\/de\/1205069\/","title":{"rendered":"Anschlag auf den CSD: Jetzt blo\u00df nicht spalten lassen?"},"content":{"rendered":"<p>                    <a href=\"https:\/\/www.zeit.de\/autoren\/B\/Jochen_Bittner\/index.xml\" title=\"Jochen Bittner\" data-ct-row=\"author\" data-ct-column=\"false\" data-ct-label=\"image\" rel=\"nofollow noopener\" target=\"_blank\"><br \/>\n    <img loading=\"lazy\" decoding=\"async\" class=\"article-header__author-image\" alt=\"Jochen Bittner\"  src=\"https:\/\/www.europesays.com\/de\/wp-content\/uploads\/2026\/02\/square__46x46.png\" width=\"46\" height=\"46\" \/><\/p>\n<p>    <\/a><\/p>\n<p>\n                        Das klingt gut. Aber nach dem Terroranschlag auf den CSD in Berlin braucht es eine neue Brandmauer \u2013 gegen\u00fcber dem reaktion\u00e4ren Islam.\n                    <\/p>\n<p>                Schlie\u00dfen<br \/>\n                Artikelzusammenfassung<\/p>\n<p>Der Text zieht nach dem t\u00f6dlichen Attentat auf den Berliner CSD eine harte Linie: Nicht die Gesellschaft insgesamt, sondern vor allem muslimische Milieus seien in der Frage von Queerfeindlichkeit l\u00e4ngst gespalten. Der Autor arbeitet sich dann an Verbandsfunktion\u00e4ren, Imamen und einem Milieu ab, das Homosexualit\u00e4t als \u201eS\u00fcnde\u201c, \u201eAbnormalit\u00e4t\u201c oder sonstige moralische Fehlprogrammierung framet, und pr\u00e4sentiert Burhan Kesici vom Islamrat als besonders grelles Beispiel dieser reaktion\u00e4ren Tonspur. Parallel r\u00fcckt er progressive muslimische Stimmen wie Seyran Ate\u015f, Mouhanad Khorchide, Ahmad Mansour und Murat Kayman ins Spotlight, die seit Jahren Reformen, Religionskritik und eine klare Brandmauer gegen politischen Islam fordern \u2013 und daf\u00fcr bedroht statt breit unterst\u00fctzt werden. Scharf kritisiert der Text zudem linke und mediale Routinen, die aus Angst vor dem Vorwurf des \u201eantimuslimischen Rassismus\u201c lieber um den hei\u00dfen Brei podcasten, statt Homophobie, Islamismus und autorit\u00e4re Ideologie beim Namen zu nennen. Am Ende steht ein unmissverst\u00e4ndlicher Call to Action: Reaktion\u00e4re islamische Akteure m\u00fcssten politisch und gesellschaftlich so entschieden isoliert werden wie andere Feinde der offenen Gesellschaft, sonst bleibt der Liberalismus ein h\u00fcbsches, aber l\u00f6chriges B\u00fchnenbild.<\/p>\n<p>                Diese Zusammenfassung wurde mithilfe von K\u00fcnstlicher Intelligenz erstellt. Vereinzelt kann es dabei zu Fehlern kommen.<\/p>\n<p class=\"summy__feedback-paragraph\">Fanden Sie die Zusammenfassung hilfreich? <\/p>\n<p>                        Gef\u00e4llt mir<\/p>\n<p>                        Gef\u00e4llt mir<\/p>\n<p>                        Gef\u00e4llt mir nicht<\/p>\n<p>                        Gef\u00e4llt mir nicht<\/p>\n<p>                        Send<\/p>\n<p>            <img decoding=\"async\" class=\"article__media-item\" src=\"https:\/\/www.europesays.com\/de\/wp-content\/uploads\/2026\/07\/1785477556_622_wide__1000x562.jpeg\" alt=\"Anschlag auf den CSD: Der Anschlag auf den CSD in Berlin hat gezeigt, wohin Hass auf queere Menschen f\u00fchren kann.\"\/><\/p>\n<p>                    Der Anschlag auf den CSD in Berlin hat gezeigt, wohin Hass auf queere Menschen f\u00fchren kann.<br \/>\n            \u00a9\u00a0Ralf Hirschberger\/\u200bAFP via Getty Images<\/p>\n<p class=\"paragraph\">Die Gesellschaft d\u00fcrfe sich jetzt \u00bbnicht spalten lassen\u00ab, lautete einer der h\u00e4ufig ge\u00e4u\u00dferten W\u00fcnsche nach dem t\u00f6dlichen Attentat auf den Berliner <a class=\"rtr-entity\" href=\"https:\/\/www.zeit.de\/thema\/christopher-street-day\" rel=\"nofollow noopener\" target=\"_blank\">Christopher Street Day<\/a>. Er \u00fcbersieht leider etwas Wichtiges. Im Umgang mit homosexuellen und queeren Menschen ist vor allem der muslimische Teil der Gesellschaft l\u00e4ngst tief gespalten. Schwulenfeindlichkeit beginnt eben nicht bei Islamisten, die morden. Sie beginnt bei muslimischen Verbandsvertretern, die Homosexualit\u00e4t eine \u00bbAbnormalit\u00e4t\u00ab nennen, bei Imamen, die <a href=\"https:\/\/meet2respect.de\/islam-meets-lgbti-in-der-dar-as-salam-moschee\/\" target=\"_blank\" rel=\"nofollow noopener\">von \u00bbS\u00fcnde\u00ab sprechen<\/a> oder bei Schulkindern, <a href=\"https:\/\/www.welt.de\/politik\/deutschland\/article256346404\/homosexueller-grundschullehrer-wie-der-hilferuf-eines-lehrers-die-schwaechen-des-berliner-bildungssystems-offenlegt.html\" target=\"_blank\" rel=\"nofollow noopener\">die schwule Lehrer drangsalieren<\/a>.<\/p>\n","protected":false},"excerpt":{"rendered":"Das klingt gut. Aber nach dem Terroranschlag auf den CSD in Berlin braucht es eine neue Brandmauer \u2013&hellip;\n","protected":false},"author":2,"featured_media":1205070,"comment_status":"","ping_status":"","sticky":false,"template":"","format":"standard","meta":{"footnotes":"","_share_on_mastodon":"0"},"categories":[1825],"tags":[251223,296,20326,30485,29,30,7175,555,16,1448],"class_list":["post-1205069","post","type-post","status-publish","format-standard","has-post-thumbnail","category-berlin","tag-anschlag-auf-den-csd","tag-berlin","tag-bundesrepublik-deutschland","tag-christopher-street-day","tag-deutschland","tag-germany","tag-homosexualitaet","tag-islam","tag-politik","tag-zdf"],"share_on_mastodon":{"url":"https:\/\/pubeurope.com\/@de\/117013066513270955","error":""},"_links":{"self":[{"href":"https:\/\/www.europesays.com\/de\/wp-json\/wp\/v2\/posts\/1205069","targetHints":{"allow":["GET"]}}],"collection":[{"href":"https:\/\/www.europesays.com\/de\/wp-json\/wp\/v2\/posts"}],"about":[{"href":"https:\/\/www.europesays.com\/de\/wp-json\/wp\/v2\/types\/post"}],"author":[{"embeddable":true,"href":"https:\/\/www.europesays.com\/de\/wp-json\/wp\/v2\/users\/2"}],"replies":[{"embeddable":true,"href":"https:\/\/www.europesays.com\/de\/wp-json\/wp\/v2\/comments?post=1205069"}],"version-history":[{"count":0,"href":"https:\/\/www.europesays.com\/de\/wp-json\/wp\/v2\/posts\/1205069\/revisions"}],"wp:featuredmedia":[{"embeddable":true,"href":"https:\/\/www.europesays.com\/de\/wp-json\/wp\/v2\/media\/1205070"}],"wp:attachment":[{"href":"https:\/\/www.europesays.com\/de\/wp-json\/wp\/v2\/media?parent=1205069"}],"wp:term":[{"taxonomy":"category","embeddable":true,"href":"https:\/\/www.europesays.com\/de\/wp-json\/wp\/v2\/categories?post=1205069"},{"taxonomy":"post_tag","embeddable":true,"href":"https:\/\/www.europesays.com\/de\/wp-json\/wp\/v2\/tags?post=1205069"}],"curies":[{"name":"wp","href":"https:\/\/api.w.org\/{rel}","templated":true}]}}