{"id":1205124,"date":"2026-07-31T06:34:17","date_gmt":"2026-07-31T06:34:17","guid":{"rendered":"https:\/\/www.europesays.com\/de\/1205124\/"},"modified":"2026-07-31T06:34:17","modified_gmt":"2026-07-31T06:34:17","slug":"beliebtes-zusammenkommen-in-steinhagen-brockhagen-mit-ganz-viel-musik-haller-kreisblatt","status":"publish","type":"post","link":"https:\/\/www.europesays.com\/de\/1205124\/","title":{"rendered":"Beliebtes Zusammenkommen in Steinhagen-Brockhagen mit ganz viel Musik\u00a0\u00a0 | Haller Kreisblatt"},"content":{"rendered":"<p id=\"absatz1\" class=\"em_text\">Steinhagen-Brockhagen. Die Vorfreude auf das Sommerfest des Heimatvereins Brockhagen steigt. Die Organisatoren laden f\u00fcr Freitag, 14. August, an die Alte Dorfschule ein. Beginn ist ab 18 Uhr. Bei schlechtem Wetter wird die Veranstaltung ins Innere der Dorfschule verlegt. \u201eWir wollen an einem hoffentlich lauen Sommerabend bekannte und weniger bekannte Lieder gemeinsam singen, ein wenig kl\u00f6nen und gemeinsam eine Kleinigkeit essen und trinken\u201c, k\u00fcndigt Heimatvereinsvorsitzender Gerhard Genuit an.<\/p>\n<p id=\"absatz2\" class=\"em_text\">Auf dem Programm steht unter anderem ein Auftritt des Akkordeonorchesters, das viele Jahre von Werner Recker geleitet wurde, der die Leitung an Guido Welt \u00fcbergibt. Dar\u00fcber hinaus wird der Ukulele-Kreis seinen Beitrag zum Sommersingen leisten. Hans-Heino Bante-Ortega und Gerhard Genuit werden ebenfalls in die Saiten greifen. <br \/>\u201eIn der Vergangenheit lag der Fokus der Veranstaltung allein auf dem gemeinsamen Singen von Liedern\u201c, f\u00fcgt Gerhard Genuit hinzu. \u201eDieses Mal wollen wir den Rahmen erweitern und bieten neben den \u00fcblichen Getr\u00e4nken auch eine Kleinigkeit zu essen an. Es wird W\u00fcrstchen und Kartoffelsalat geben.\u201c Auf diese Weise erh\u00e4lt die Veranstaltung mehr den Charakter eines Sommerfestes.<\/p>\n<p id=\"absatz3\" class=\"em_text\">Der Heimatverein Brockhagen gr\u00fcndete sich 1985 mit dem Ziel, eine Dorfchronik zu entwickeln. Mit der Zeit kamen immer mehr Gruppen und Aktionen dazu. Darunter sind Freizeitangebote wie Musizieren, Tanzen und Radfahren. Auch das Elektro-Dorfauto und das geplante Nahw\u00e4rmenetz f\u00fcr Brockhagen gehen auf die Initiative des Heimatvereins zur\u00fcck.<\/p>\n<p id=\"absatz4\">\ud83d\udcf2<b class=\"bold\"> Aktuelle News bekommen Sie t\u00e4glich \u00fcber den<\/b> <a href=\"https:\/\/www.whatsapp.com\/channel\/0029VagU0FW1SWsxhmHz2v0q\" rel=\"noreferrer noopener nofollow\" target=\"_blank\" title=\"https:\/\/www.whatsapp.com\/channel\/0029VagU0FW1SWsxhmHz2v0q\">WhatsApp-Kanal des HK<\/a> <\/p>\n","protected":false},"excerpt":{"rendered":"Steinhagen-Brockhagen. Die Vorfreude auf das Sommerfest des Heimatvereins Brockhagen steigt. Die Organisatoren laden f\u00fcr Freitag, 14. August, an&hellip;\n","protected":false},"author":2,"featured_media":1205125,"comment_status":"","ping_status":"","sticky":false,"template":"","format":"standard","meta":{"footnotes":"","_share_on_mastodon":"0"},"categories":[1841],"tags":[1605,33445,102818,3364,29,251228,251230,30,31391,198715,19081,164252,229797,735,1613,1209,32990,251229,16382,86042],"class_list":["post-1205124","post","type-post","status-publish","format-standard","has-post-thumbnail","category-bielefeld","tag-bielefeld","tag-brockhagen","tag-cnt_aufmacher","tag-de","tag-deutschland","tag-dorfschule","tag-gerhard-genuit","tag-germany","tag-heimatverein","tag-meta_artikelklasse_nische","tag-meta_copyrights_hk","tag-meta_eo_zusammenfassung","tag-meta_prio_1","tag-meta_themen_medien_kultur","tag-meta_userneeds_informieremich","tag-nordrhein-westfalen","tag-sommerfest","tag-sommersingen","tag-steinhagen","tag-vorfreude"],"share_on_mastodon":{"url":"https:\/\/pubeurope.com\/@de\/117013202088530081","error":""},"_links":{"self":[{"href":"https:\/\/www.europesays.com\/de\/wp-json\/wp\/v2\/posts\/1205124","targetHints":{"allow":["GET"]}}],"collection":[{"href":"https:\/\/www.europesays.com\/de\/wp-json\/wp\/v2\/posts"}],"about":[{"href":"https:\/\/www.europesays.com\/de\/wp-json\/wp\/v2\/types\/post"}],"author":[{"embeddable":true,"href":"https:\/\/www.europesays.com\/de\/wp-json\/wp\/v2\/users\/2"}],"replies":[{"embeddable":true,"href":"https:\/\/www.europesays.com\/de\/wp-json\/wp\/v2\/comments?post=1205124"}],"version-history":[{"count":0,"href":"https:\/\/www.europesays.com\/de\/wp-json\/wp\/v2\/posts\/1205124\/revisions"}],"wp:featuredmedia":[{"embeddable":true,"href":"https:\/\/www.europesays.com\/de\/wp-json\/wp\/v2\/media\/1205125"}],"wp:attachment":[{"href":"https:\/\/www.europesays.com\/de\/wp-json\/wp\/v2\/media?parent=1205124"}],"wp:term":[{"taxonomy":"category","embeddable":true,"href":"https:\/\/www.europesays.com\/de\/wp-json\/wp\/v2\/categories?post=1205124"},{"taxonomy":"post_tag","embeddable":true,"href":"https:\/\/www.europesays.com\/de\/wp-json\/wp\/v2\/tags?post=1205124"}],"curies":[{"name":"wp","href":"https:\/\/api.w.org\/{rel}","templated":true}]}}