{"id":1205173,"date":"2026-07-31T07:06:17","date_gmt":"2026-07-31T07:06:17","guid":{"rendered":"https:\/\/www.europesays.com\/de\/1205173\/"},"modified":"2026-07-31T07:06:17","modified_gmt":"2026-07-31T07:06:17","slug":"dortmund-essen-s-bahn-s1-s2-und-s3-gesperrt-bereits-ab-heute","status":"publish","type":"post","link":"https:\/\/www.europesays.com\/de\/1205173\/","title":{"rendered":"Dortmund\u2013Essen: S-Bahn S1, S2 und S3 gesperrt \u2013 bereits ab heute"},"content":{"rendered":"<p>S-Bahn Ruhrgebiet <\/p>\n<p>Ausf\u00e4lle auf S-Bahn-Linien bereits heute Nacht<\/p>\n<p>31.07.2026 &#8211; 07:41 UhrLesedauer: 1 Min.<\/p>\n<p><a href=\"#focus-0\" class=\"transition-colors block text-current relative\" data-sctrack=\"FocusGalleryImage.Reference\"><img fetchpriority=\"high\" data-testid=\"Opener.Image\"   loading=\"eager\" src=\"https:\/\/www.europesays.com\/de\/wp-content\/uploads\/2026\/07\/nahverkehrszug-am-dortmunder-hauptbahnhof-deutschland-nordrhein-westfalen-ruhrgebiet-dortmund-local-.jpeg\" alt=\"imago images 0441111432\" title=\"imago images 0441111432\" width=\"5315\" height=\"2990\" class=\"bg-[url:var(--lqipURL)] bg-cover bg-center flex h-full w-full max-w-full\" style=\"--lqipURL:url('https:\/\/images.t-online.de\/2026\/07\/zkJJAXmYpUGF\/0x277:5315x2990\/fit-in\/150x0\/filters:blur(25)\/nahverkehrszug-am-dortmunder-hauptbahnhof-deutschland-nordrhein-westfalen-ruhrgebiet-dortmund-local-train-at-dortmund-main-station-germany-north-rhine-westphalia-ruhr-area-dortmund-blws705812-local-train-on-dortmund-central-station-germany-north-rhine-westphalia-ruhr-area-dortmund-local-train-at-dortmund-main-station-germany-north-rhine-westphalia-ruhr-area-dortmund-blws705812-copyright-xblickwinkel-s-xziesex.jpg')\" decoding=\"async\"\/><img loading=\"lazy\" src=\"https:\/\/dortmund.t-online.de\/s\/paper\/_next\/static\/media\/zoom-in.f7dae02f.svg\" alt=\"Vergr\u00f6\u00dfern des Bildes\" title=\"Vergr\u00f6\u00dfern des Bildes\" class=\"block h-[calc(var(--height)_\/_16_*_1rem)] w-[calc(var(--width)_\/_16_*_1rem)] max-w-none absolute right-8 bottom-8 rounded-4 bg-snow p-8\" style=\"--width:32;--height:32\" decoding=\"async\"\/><\/a><\/p>\n<p>Nahverkehrszug am Dortmunder Hauptbahnhof: Es gibt wieder Einschr\u00e4nkungen. (Quelle: IMAGO\/S. Ziese\/imago)<\/p>\n<p><img loading=\"lazy\" src=\"https:\/\/dortmund.t-online.de\/s\/paper\/_next\/static\/media\/audio-volume.6689034c.svg\" alt=\"\" title=\"\" class=\"block h-[calc(var(--height)_\/_16_*_1rem)] w-[calc(var(--width)_\/_16_*_1rem)] max-w-none group-hover:brightness-0 group-hover:invert\" style=\"--width:16;--height:16\" decoding=\"async\"\/>Vorlesen<\/p>\n<p>Aktuelle Zeit:0:00Gesamtdauer:0:00<\/p>\n<p>1x<\/p>\n<p class=\"text-center\">Jetzt neu bei t-online:<\/p>\n<p class=\"text-center\">Schriftgr\u00f6\u00dfe anpassen!<\/p>\n<p><img loading=\"lazy\" src=\"https:\/\/dortmund.t-online.de\/s\/paper\/_next\/static\/media\/font-sizes.32942e33.svg\" alt=\"\" title=\"\" class=\"block h-[calc(var(--height)_\/_16_*_1rem)] w-[calc(var(--width)_\/_16_*_1rem)] max-w-none group-hover:hidden group-aria-expanded:hidden\" style=\"--width:16;--height:16\" decoding=\"async\"\/><img loading=\"lazy\" src=\"https:\/\/dortmund.t-online.de\/s\/paper\/_next\/static\/media\/font-sizes-dark-mode.e382645c.svg\" alt=\"\" title=\"\" class=\"block h-[calc(var(--height)_\/_16_*_1rem)] w-[calc(var(--width)_\/_16_*_1rem)] max-w-none hidden group-hover:block group-aria-expanded:block\" style=\"--width:16;--height:16\" decoding=\"async\"\/><img loading=\"lazy\" src=\"https:\/\/dortmund.t-online.de\/s\/paper\/_next\/static\/media\/sharing-menu-icon.1eb71368.svg\" alt=\"\" title=\"\" class=\"block h-[calc(var(--height)_\/_16_*_1rem)] w-[calc(var(--width)_\/_16_*_1rem)] max-w-none group-hover:brightness-0 group-hover:invert\" style=\"--width:16;--height:16\" decoding=\"async\"\/>Artikel teilen<\/p>\n<p class=\"font-bold text-18 leading-17 user-text-lg:text-22 user-text-xl:text-24\">Br\u00fcckenarbeiten st\u00f6ren das S-Bahn-Netz im Ruhrgebiet im Sommer. Eine Kampfmittelsondierung sorgt zus\u00e4tzlich f\u00fcr Ausf\u00e4lle in der Nacht auf Samstag.<\/p>\n<p class=\"text-18 leading-17 user-text-lg:text-22 user-text-xl:text-24\">Ab Freitag, dem 31. Juli 2026, fallen drei S-Bahn-Linien im Ruhrgebiet auf mehreren Abschnitten aus. Betroffen sind die Linien S 1, S 2 und S 3 zwischen Dortmund, Essen und Hattingen \u2013 auf allen gesperrten Strecken fahren Ersatzbusse.<\/p>\n<p class=\"text-18 leading-17 user-text-lg:text-22 user-text-xl:text-24\">Den l\u00e4ngsten Einschnitt verursachen Br\u00fcckenarbeiten. Sie unterbrechen den Betrieb auf S 1 und S 2 vom 31. Juli, 21 Uhr bis zum 21. August 2026, 21 Uhr. Auf der S 1 entfallen Z\u00fcge zwischen Dortmund Hbf und Essen-Steele Ost sowie auf der Verbindung Dortmund Hbf \u2013 Essen Hbf. Die S 2 f\u00e4hrt zwischen Dortmund Hbf und Dortmund-Dorstfeld nicht. In den Morgen- und Abendstunden fallen bei einzelnen Z\u00fcgen zus\u00e4tzlich Halte zwischen Dortmund Hbf und Dortmund-Mengede aus.<\/p>\n<p>Kampfmittelsondierung st\u00f6rt S-Bahn im Ruhrgebiet<\/p>\n<p class=\"text-18 leading-17 user-text-lg:text-22 user-text-xl:text-24\">Wer in Dortmund-Huckarde in den Ersatzbus umsteigen muss, findet die Haltestelle am S-Bahnhof Huckarde \u2013 sie wurde dauerhaft dorthin verlegt.<\/p>\n<p class=\"text-18 leading-17 user-text-lg:text-22 user-text-xl:text-24\">In der Nacht von Freitag auf Samstag kommt eine Kampfmittelsondierung hinzu. Die S 1 verkehrt zwischen Dortmund Hbf und Essen Hbf von 20.50 Uhr bis 04.35 Uhr nicht. Die S 3 ist zwischen Essen Hbf und Hattingen (Ruhr) Mitte von 20.35 Uhr bis 02.30 Uhr unterbrochen. Auch auf diesen Abschnitten ersetzen Busse die ausgefallenen Z\u00fcge.<\/p>\n","protected":false},"excerpt":{"rendered":"S-Bahn Ruhrgebiet Ausf\u00e4lle auf S-Bahn-Linien bereits heute Nacht 31.07.2026 &#8211; 07:41 UhrLesedauer: 1 Min. Nahverkehrszug am Dortmunder Hauptbahnhof:&hellip;\n","protected":false},"author":2,"featured_media":1205174,"comment_status":"","ping_status":"","sticky":false,"template":"","format":"standard","meta":{"footnotes":"","_share_on_mastodon":"0"},"categories":[1834],"tags":[44323,722,17161,1325,13375,3364,29,217,44987,3688,19442,30,233070,92281,1209,5522,3856],"class_list":["post-1205173","post","type-post","status-publish","format-standard","has-post-thumbnail","category-essen","tag-hattingen","tag-722","tag-17161","tag-ausfall","tag-brueckenarbeit","tag-de","tag-deutschland","tag-dortmund","tag-dortmund-hauptbahnhof","tag-essen","tag-essen-hauptbahnhof","tag-germany","tag-kampfmittelsondierung","tag-nahverkehrszug","tag-nordrhein-westfalen","tag-ruhr","tag-ruhrgebiet"],"share_on_mastodon":{"url":"https:\/\/pubeurope.com\/@de\/117013328469601985","error":""},"_links":{"self":[{"href":"https:\/\/www.europesays.com\/de\/wp-json\/wp\/v2\/posts\/1205173","targetHints":{"allow":["GET"]}}],"collection":[{"href":"https:\/\/www.europesays.com\/de\/wp-json\/wp\/v2\/posts"}],"about":[{"href":"https:\/\/www.europesays.com\/de\/wp-json\/wp\/v2\/types\/post"}],"author":[{"embeddable":true,"href":"https:\/\/www.europesays.com\/de\/wp-json\/wp\/v2\/users\/2"}],"replies":[{"embeddable":true,"href":"https:\/\/www.europesays.com\/de\/wp-json\/wp\/v2\/comments?post=1205173"}],"version-history":[{"count":0,"href":"https:\/\/www.europesays.com\/de\/wp-json\/wp\/v2\/posts\/1205173\/revisions"}],"wp:featuredmedia":[{"embeddable":true,"href":"https:\/\/www.europesays.com\/de\/wp-json\/wp\/v2\/media\/1205174"}],"wp:attachment":[{"href":"https:\/\/www.europesays.com\/de\/wp-json\/wp\/v2\/media?parent=1205173"}],"wp:term":[{"taxonomy":"category","embeddable":true,"href":"https:\/\/www.europesays.com\/de\/wp-json\/wp\/v2\/categories?post=1205173"},{"taxonomy":"post_tag","embeddable":true,"href":"https:\/\/www.europesays.com\/de\/wp-json\/wp\/v2\/tags?post=1205173"}],"curies":[{"name":"wp","href":"https:\/\/api.w.org\/{rel}","templated":true}]}}