{"id":1205394,"date":"2026-07-31T09:16:17","date_gmt":"2026-07-31T09:16:17","guid":{"rendered":"https:\/\/www.europesays.com\/de\/1205394\/"},"modified":"2026-07-31T09:16:17","modified_gmt":"2026-07-31T09:16:17","slug":"borussia-moenchengladbach-naechster-gladbach-star-kaputt-sport","status":"publish","type":"post","link":"https:\/\/www.europesays.com\/de\/1205394\/","title":{"rendered":"Borussia M\u00f6nchengladbach: N\u00e4chster Gladbach-Star kaputt! | Sport"},"content":{"rendered":"<p>N\u00e4chster R\u00fcckschlag f\u00fcr Gladbach: Nach dem Ausfall von Yukhym Konoplia (26), der mit einem Innenbandanriss monatelang ausf\u00e4llt, hat es nun einen weiteren Gladbach-Star richtig erwischt.<\/p>\n<p><b>Wie lange der Profi fehlt, warum dieser Ausfall sowohl f\u00fcr den Spieler als auch f\u00fcr den Klub so bitter ist, was Sport-Boss Rouven Schr\u00f6der (50) zu Gladbachs Doppel-Pech sagt \u2013 BILDplus!<\/b><\/p>\n","protected":false},"excerpt":{"rendered":"N\u00e4chster R\u00fcckschlag f\u00fcr Gladbach: Nach dem Ausfall von Yukhym Konoplia (26), der mit einem Innenbandanriss monatelang ausf\u00e4llt, hat&hellip;\n","protected":false},"author":2,"featured_media":1205395,"comment_status":"","ping_status":"","sticky":false,"template":"","format":"standard","meta":{"footnotes":"","_share_on_mastodon":"0"},"categories":[1849],"tags":[815,36587,3364,29,538,548,663,3934,30,13,4455,14,15,1209,100524,12,126094,819],"class_list":["post-1205394","post","type-post","status-publish","format-standard","has-post-thumbnail","category-moenchengladbach","tag-borussia-moenchengladbach","tag-chiarodia-fabio","tag-de","tag-deutschland","tag-erste-bundesliga","tag-eu","tag-europa","tag-europe","tag-germany","tag-headlines","tag-moenchengladbach","tag-nachrichten","tag-news","tag-nordrhein-westfalen","tag-polanski-eugen","tag-schlagzeilen","tag-schroeder-rouven","tag-sport-leuchtturm-essen"],"share_on_mastodon":{"url":"https:\/\/pubeurope.com\/@de\/117013839186163097","error":""},"_links":{"self":[{"href":"https:\/\/www.europesays.com\/de\/wp-json\/wp\/v2\/posts\/1205394","targetHints":{"allow":["GET"]}}],"collection":[{"href":"https:\/\/www.europesays.com\/de\/wp-json\/wp\/v2\/posts"}],"about":[{"href":"https:\/\/www.europesays.com\/de\/wp-json\/wp\/v2\/types\/post"}],"author":[{"embeddable":true,"href":"https:\/\/www.europesays.com\/de\/wp-json\/wp\/v2\/users\/2"}],"replies":[{"embeddable":true,"href":"https:\/\/www.europesays.com\/de\/wp-json\/wp\/v2\/comments?post=1205394"}],"version-history":[{"count":0,"href":"https:\/\/www.europesays.com\/de\/wp-json\/wp\/v2\/posts\/1205394\/revisions"}],"wp:featuredmedia":[{"embeddable":true,"href":"https:\/\/www.europesays.com\/de\/wp-json\/wp\/v2\/media\/1205395"}],"wp:attachment":[{"href":"https:\/\/www.europesays.com\/de\/wp-json\/wp\/v2\/media?parent=1205394"}],"wp:term":[{"taxonomy":"category","embeddable":true,"href":"https:\/\/www.europesays.com\/de\/wp-json\/wp\/v2\/categories?post=1205394"},{"taxonomy":"post_tag","embeddable":true,"href":"https:\/\/www.europesays.com\/de\/wp-json\/wp\/v2\/tags?post=1205394"}],"curies":[{"name":"wp","href":"https:\/\/api.w.org\/{rel}","templated":true}]}}