{"id":1205520,"date":"2026-07-31T10:26:18","date_gmt":"2026-07-31T10:26:18","guid":{"rendered":"https:\/\/www.europesays.com\/de\/1205520\/"},"modified":"2026-07-31T10:26:18","modified_gmt":"2026-07-31T10:26:18","slug":"ehemaliger-bundesliga-trainer-wird-nachfolger-von-juergen-klopp-sport","status":"publish","type":"post","link":"https:\/\/www.europesays.com\/de\/1205520\/","title":{"rendered":"Ehemaliger Bundesliga-Trainer wird Nachfolger von J\u00fcrgen Klopp | Sport"},"content":{"rendered":"<p><a class=\"skip-content skip-content--link\" href=\"#in-content-skip-link-target-v-0-0\">TTS-Player \u00fcberspringen\u21b5<\/a><a id=\"in-content-skip-link-target-v-0-0\" class=\"skip-content--target-link-hidden skip-content skip-content--target-link\" href=\"#in-content-skip-link-target-v-0-0\">Artikel weiterlesen<\/a><\/p>\n<p data-21134c99=\"0-2731\"><b>Das ging fix! Nur gut eine Woche nach dem <\/b><a href=\"https:\/\/www.bild.de\/sport\/fussball\/juergen-klopp-legt-beim-dfb-los-6a6844941ff9bc89d88113ad\" class=\"text-link\" rel=\"nofollow noopener\" target=\"_blank\"><b>Abgang von J\u00fcrgen Klopp (59) zum DFB<\/b><\/a><b> hat Red Bull einen Nachfolger f\u00fcr die Stelle als \u201eGlobal Head of Soccer\u201c gefunden: Nach BILD-Informationen \u00fcbernimmt Roger Schmidt (59) ab 1. Oktober. Die Personalie wurde inzwischen best\u00e4tigt.<\/b><\/p>\n<p data-21134c99=\"0-2731\">Der Fu\u00dfball-Fachmann ist aufgrund seiner \u00fcber zwanzigj\u00e4hrigen Erfahrung als Trainer eine absolute Top-Besetzung. Dazu kommt: Schmidt kennt den Red-Bull-Kosmos, war von 2012 bis 2014 Trainer bei Red Bull Salzburg. Und war seit jeher hoch angesehen beim Brause-Giganten.<\/p>\n<p data-21134c99=\"0-2731\">Nun das Comeback fernab der Seitenlinie. Schmidt wird als globaler Fu\u00dfball-Boss die weltweit sieben Red-Bull-Klubs verantworten (Leipzig, New York, Salzburg, Bragantino\/Brasilien, \u014cmiya Ardija\/Japan sowie Leeds und Paris FC mit Minderheitsbeteiligungen).<\/p>\n<p><img decoding=\"async\" width=\"992\" height=\"558\" alt=\"Roger Schmidt war unter anderem Trainer be der PSV Eindhoven\" loading=\"lazy\" src=\"https:\/\/www.europesays.com\/de\/wp-content\/uploads\/2026\/07\/68911278373651e14eb1b0b505d32c00,66a3f73b.jpeg\"   class=\"landscape\"\/><\/p>\n<p class=\"fig__caption__text\">Roger Schmidt war unter anderem Trainer bei der PSV Eindhoven<\/p>\n<p>Foto: WITTERS<\/p>\n<p data-21134c99=\"0-2731\">Seit Oktober 2025 war Schmidt als globaler Fu\u00dfballberater f\u00fcr die h\u00f6chste japanische Spielklasse (J. League) angestellt. Zuvor hatte er bis 2024 Benfica Lissabon trainiert. In seiner Deb\u00fctsaison 2022\/23 war er souver\u00e4n portugiesischer Meister geworden und hatte das Viertelfinale der Champions League erreicht. Schmidt steht f\u00fcr intensiven, offensiven Pressingfu\u00dfball und passt auch daher perfekt zur Red-Bull-Philosophie.<\/p>\n<p data-21134c99=\"0-2731\">Red-Bull-Boss Oliver Mintzlaff: \u201eWir freuen uns sehr, Roger Schmidt wieder bei Red Bull begr\u00fc\u00dfen zu d\u00fcrfen. Mit seiner langj\u00e4hrigen Erfahrung, seiner herausragenden Fu\u00dfballkompetenz und seinem klaren Verst\u00e4ndnis f\u00fcr unsere Philosophie ist er die richtige Person, um die sportliche Ausrichtung unseres globalen Fu\u00dfball-Portfolios zu verantworten. Im Laufe seiner Karriere hat er sich einen hervorragenden Ruf f\u00fcr die Entwicklung junger Talente und deren erfolgreiche F\u00f6rderung auf h\u00f6chstem Niveau erarbeitet.\u201c<\/p>\n<p>Auch der DFB wollte Schmidt<\/p>\n<p data-21134c99=\"0-2731\">Schmidt ist damit Teil der Doppelspitze im \u201eGlobal Soccer Team\u201c von Red Bull. Er ist f\u00fcr den sportlichen Bereich zust\u00e4ndig, Florian Scholz (47) verantwortet den administrativen Teil.<\/p>\n<p data-21134c99=\"0-2731\">Schmidt sagt: \u201eIch freue mich sehr auf diese neue Herausforderung und bin stolz darauf, k\u00fcnftig wieder Teil der Red-Bull-Familie zu sein. Das internationale Club-Portfolio von Red Bull ist einzigartig, ambitioniert und gepr\u00e4gt von einer klaren Philosophie, junge Talente zu entwickeln und gleichzeitig auf h\u00f6chstem Niveau erfolgreich zu sein. Genau diese Kombination macht diese Aufgabe f\u00fcr mich besonders reizvoll.\u201c<\/p>\n<p data-21134c99=\"0-2731\">In der Vergangenheit hatten immer wieder gro\u00dfe Klubs um ihn gebuhlt, darunter auch Borussia Dortmund, der <a href=\"https:\/\/www.bild.de\/sport\/fussball\/bayern-muenchen\/startseite-fc-bayern-muenchen-31074450.bild.html\" class=\"text-link\" rel=\"nofollow noopener\" target=\"_blank\">FC Bayern<\/a> und im vergangenen Sommer RB Leipzig. Auch beim DFB war er 2023 ein Kandidat auf den Bundestrainer-Job, bevor ihn Julian Nagelsmann (39) bekam.<\/p>\n<p data-21134c99=\"0-2731\">Red-Bull-Boss Oliver Mintzlaff (50) hat intensiv um Schmidt gek\u00e4mpft \u2013 und ihn bekommen \u2026<\/p>\n","protected":false},"excerpt":{"rendered":"TTS-Player \u00fcberspringen\u21b5Artikel weiterlesen Das ging fix! Nur gut eine Woche nach dem Abgang von J\u00fcrgen Klopp (59) zum&hellip;\n","protected":false},"author":2,"featured_media":1205521,"comment_status":"","ping_status":"","sticky":false,"template":"","format":"standard","meta":{"footnotes":"","_share_on_mastodon":"0"},"categories":[136],"tags":[1263,29,481,538,954,30,7645,1656,5134,1655,1651,48170,265,3460,1576,1261],"class_list":["post-1205520","post","type-post","status-publish","format-standard","has-post-thumbnail","category-sport","tag-aufmacher-bereich","tag-deutschland","tag-dfb","tag-erste-bundesliga","tag-fc-liverpool","tag-germany","tag-klopp-juergen","tag-new-york-red-bulls","tag-quad-teaser","tag-rb-leipzig","tag-red-bull","tag-red-bull-salzburg","tag-sport","tag-sport-leuchtturm-leipzig","tag-super-a-teaser","tag-toralarm-top-news"],"share_on_mastodon":{"url":"https:\/\/pubeurope.com\/@de\/117014115896924529","error":""},"_links":{"self":[{"href":"https:\/\/www.europesays.com\/de\/wp-json\/wp\/v2\/posts\/1205520","targetHints":{"allow":["GET"]}}],"collection":[{"href":"https:\/\/www.europesays.com\/de\/wp-json\/wp\/v2\/posts"}],"about":[{"href":"https:\/\/www.europesays.com\/de\/wp-json\/wp\/v2\/types\/post"}],"author":[{"embeddable":true,"href":"https:\/\/www.europesays.com\/de\/wp-json\/wp\/v2\/users\/2"}],"replies":[{"embeddable":true,"href":"https:\/\/www.europesays.com\/de\/wp-json\/wp\/v2\/comments?post=1205520"}],"version-history":[{"count":0,"href":"https:\/\/www.europesays.com\/de\/wp-json\/wp\/v2\/posts\/1205520\/revisions"}],"wp:featuredmedia":[{"embeddable":true,"href":"https:\/\/www.europesays.com\/de\/wp-json\/wp\/v2\/media\/1205521"}],"wp:attachment":[{"href":"https:\/\/www.europesays.com\/de\/wp-json\/wp\/v2\/media?parent=1205520"}],"wp:term":[{"taxonomy":"category","embeddable":true,"href":"https:\/\/www.europesays.com\/de\/wp-json\/wp\/v2\/categories?post=1205520"},{"taxonomy":"post_tag","embeddable":true,"href":"https:\/\/www.europesays.com\/de\/wp-json\/wp\/v2\/tags?post=1205520"}],"curies":[{"name":"wp","href":"https:\/\/api.w.org\/{rel}","templated":true}]}}