{"id":1205537,"date":"2026-07-31T10:37:08","date_gmt":"2026-07-31T10:37:08","guid":{"rendered":"https:\/\/www.europesays.com\/de\/1205537\/"},"modified":"2026-07-31T10:37:08","modified_gmt":"2026-07-31T10:37:08","slug":"kiel-warnte-vibrionen-in-der-ostsee-bereits-zwei-tote","status":"publish","type":"post","link":"https:\/\/www.europesays.com\/de\/1205537\/","title":{"rendered":"Kiel warnte: Vibrionen in der Ostsee \u2013 bereits zwei Tote"},"content":{"rendered":"<p>Kiel warnte fr\u00fchzeitig <\/p>\n<p>Nach zwei Toten durch Vibrionen: Wer besonders gef\u00e4hrdet ist<\/p>\n<p>Aktualisiert am 31.07.2026 &#8211; 09:52 UhrLesedauer: 2 Min.<\/p>\n<p><a href=\"#focus-0\" class=\"transition-colors block text-current relative\" data-sctrack=\"FocusGalleryImage.Reference\"><img fetchpriority=\"high\" data-testid=\"Opener.Image\"   loading=\"eager\" src=\"https:\/\/www.europesays.com\/de\/wp-content\/uploads\/2026\/07\/falckensteiner-strand-der-falkensteiner-strand-und-der-leuchtturm-friedrichsort-an-der-kieler-foerde.jpeg\" alt=\"imago images 0824352375\" title=\"imago images 0824352375\" width=\"5460\" height=\"3071\" class=\"bg-[url:var(--lqipURL)] bg-cover bg-center flex h-full w-full max-w-full\" style=\"--lqipURL:url('https:\/\/images.t-online.de\/2026\/07\/sp9uKjSWPzRg\/0x284:5460x3071\/fit-in\/150x0\/filters:blur(25)\/falckensteiner-strand-der-falkensteiner-strand-und-der-leuchtturm-friedrichsort-an-der-kieler-foerde-von-oben-gesehen-kiel-schleswig-holstein-deutschland-falckenstein-beach-and-friedrichsort-lighthouse-at-the-kieler-foerde-seen-from-above-kiel-schleswig-holstein-germany-falckensteiner-strand-falkensteiner-strand-and-friedrichsort-lighthouse-at-the-kiel-fjord-seen-from-above-kiel-schleswig-holstein-germany-falckenstein-beach-and-friedrichsort-lighthouse-at-the-kiel-fjord-seen-from-above-kiel-sch.jpg')\" decoding=\"async\"\/><img loading=\"lazy\" src=\"https:\/\/www.t-online.de\/s\/paper\/_next\/static\/media\/zoom-in.f7dae02f.svg\" alt=\"Vergr\u00f6\u00dfern des Bildes\" title=\"Vergr\u00f6\u00dfern des Bildes\" class=\"block h-[calc(var(--height)_\/_16_*_1rem)] w-[calc(var(--width)_\/_16_*_1rem)] max-w-none absolute right-8 bottom-8 rounded-4 bg-snow p-8\" style=\"--width:32;--height:32\" decoding=\"async\"\/><\/a><\/p>\n<p>Kieler F\u00f6rde von oben: Gute Wasserwerte sch\u00fctzen nicht vor Vibrionen im Ostseewasser. (Quelle: IMAGO\/Peter Schickert\/imago)<\/p>\n<p><img loading=\"lazy\" src=\"https:\/\/www.t-online.de\/s\/paper\/_next\/static\/media\/audio-volume.6689034c.svg\" alt=\"\" title=\"\" class=\"block h-[calc(var(--height)_\/_16_*_1rem)] w-[calc(var(--width)_\/_16_*_1rem)] max-w-none group-hover:brightness-0 group-hover:invert\" style=\"--width:16;--height:16\" decoding=\"async\"\/>Vorlesen<\/p>\n<p>Aktuelle Zeit:0:00Gesamtdauer:0:00<\/p>\n<p>1x<\/p>\n<p class=\"text-center\">Jetzt neu bei t-online:<\/p>\n<p class=\"text-center\">Schriftgr\u00f6\u00dfe anpassen!<\/p>\n<p><img loading=\"lazy\" src=\"https:\/\/www.t-online.de\/s\/paper\/_next\/static\/media\/font-sizes.32942e33.svg\" alt=\"\" title=\"\" class=\"block h-[calc(var(--height)_\/_16_*_1rem)] w-[calc(var(--width)_\/_16_*_1rem)] max-w-none group-hover:hidden group-aria-expanded:hidden\" style=\"--width:16;--height:16\" decoding=\"async\"\/><img loading=\"lazy\" src=\"https:\/\/www.t-online.de\/s\/paper\/_next\/static\/media\/font-sizes-dark-mode.e382645c.svg\" alt=\"\" title=\"\" class=\"block h-[calc(var(--height)_\/_16_*_1rem)] w-[calc(var(--width)_\/_16_*_1rem)] max-w-none hidden group-hover:block group-aria-expanded:block\" style=\"--width:16;--height:16\" decoding=\"async\"\/><img loading=\"lazy\" src=\"https:\/\/www.t-online.de\/s\/paper\/_next\/static\/media\/sharing-menu-icon.1eb71368.svg\" alt=\"\" title=\"\" class=\"block h-[calc(var(--height)_\/_16_*_1rem)] w-[calc(var(--width)_\/_16_*_1rem)] max-w-none group-hover:brightness-0 group-hover:invert\" style=\"--width:16;--height:16\" decoding=\"async\"\/>Artikel teilen<\/p>\n<p class=\"font-bold text-18 leading-17 user-text-lg:text-22 user-text-xl:text-24\">Vibrionen fordern in Deutschland bereits zwei Todesopfer. Das RKI schl\u00e4gt Alarm \u2013 die Saison startete 2026 besonders fr\u00fch.<\/p>\n<p class=\"text-18 leading-17 user-text-lg:text-22 user-text-xl:text-24\">In Deutschland sind in diesem Jahr bereits zwei Menschen nach einer Infektion mit Vibrionen gestorben. Das Robert Koch-Institut registrierte bislang 17 hierzulande erworbene Infektionen. Ob sich Betroffene in Schleswig-Holstein angesteckt haben, ist unklar. Eine Kieler Badestelle wird nicht genannt.<\/p>\n<p class=\"text-18 leading-17 user-text-lg:text-22 user-text-xl:text-24\">Bis zum 12. Juli waren dem RKI 14 F\u00e4lle gemeldet worden. Im gleichen Zeitraum war es 2023 nur ein Fall, 2024 waren es neun und 2025 vier. Die Vibrionensaison habe vergleichsweise fr\u00fch begonnen, teilte das Institut der Deutschen Presse-Agentur mit. Die Erkrankten sind zwischen drei und 95 Jahre alt, das mittlere Alter liegt bei 70 Jahren.<\/p>\n<p class=\"text-18 leading-17 user-text-lg:text-22 user-text-xl:text-24\">Kiels Gesundheitsamt hatte bereits Anfang Juli vor einem erh\u00f6hten Infektionsrisiko gewarnt. Vibrionen kommen nat\u00fcrlicherweise im Meer- und Brackwasser vor und vermehren sich besonders bei Temperaturen um 20 Grad.<\/p>\n<p>Meist geringes Risiko<\/p>\n<p class=\"text-18 leading-17 user-text-lg:text-22 user-text-xl:text-24\">F\u00fcr die meisten Badeg\u00e4ste ist das Risiko gering. Gef\u00e4hrdet sind vor allem \u00e4ltere und immungeschw\u00e4chte Menschen sowie Personen mit chronischen Erkrankungen oder offenen Wunden. Vibrionen k\u00f6nnen selbst durch kleine Verletzungen in den K\u00f6rper gelangen.<\/p>\n<p class=\"text-18 leading-17 user-text-lg:text-22 user-text-xl:text-24\">An den Str\u00e4nden in Schilksee und Falckenstein sollten Menschen mit frischen oder offenen Wunden weder baden noch durch das Wasser waten. Kleinere Verletzungen sollten wasserdicht abgedeckt werden. Nach Kontakt mit Ostseewasser empfiehlt das Kieler Gesundheitsamt, die betroffene Stelle mit Leitungswasser zu sp\u00fclen.<\/p>\n<p class=\"text-18 leading-17 user-text-lg:text-22 user-text-xl:text-24\">Warnzeichen sind schnelle R\u00f6tungen, starke Schwellungen, pochende Schmerzen, Fieber oder Sch\u00fcttelfrost. Betroffene sollten sofort \u00e4rztliche Hilfe suchen und auf den Kontakt mit Ostseewasser hinweisen.<\/p>\n<p>Keine umfassende Kontrolle<\/p>\n<p class=\"text-18 leading-17 user-text-lg:text-22 user-text-xl:text-24\">Nach Angaben des Landesportals Schleswig-Holstein erfasst die regul\u00e4re Badegew\u00e4sserkontrolle Vibrionen nicht umfassend. Das Land meldet derzeit zwar keine bakteriologischen Belastungen. Daraus l\u00e4sst sich jedoch nicht auf die Vibrionenkonzentration schlie\u00dfen. Die Erreger k\u00f6nnen auch bei einwandfreier Badegew\u00e4sserqualit\u00e4t auftreten.<\/p>\n<p class=\"text-18 leading-17 user-text-lg:text-22 user-text-xl:text-24\">Die Stadt Kiel kontrolliert ihre sechs offiziellen Badestellen von Mitte Mai bis Mitte September alle 14 Tage. Hasselfelde bleibt 2026 wegen Bauarbeiten geschlossen \u2013 nicht wegen einer Verunreinigung.<\/p>\n","protected":false},"excerpt":{"rendered":"Kiel warnte fr\u00fchzeitig Nach zwei Toten durch Vibrionen: Wer besonders gef\u00e4hrdet ist Aktualisiert am 31.07.2026 &#8211; 09:52 UhrLesedauer:&hellip;\n","protected":false},"author":2,"featured_media":1203941,"comment_status":"","ping_status":"","sticky":false,"template":"","format":"standard","meta":{"footnotes":"","_share_on_mastodon":"0"},"categories":[1852],"tags":[722,3364,2520,29,548,663,3934,30,13,4949,31705,14,15,2852,251015,16256,12,1971,233503],"class_list":["post-1205537","post","type-post","status-publish","format-standard","has-post-thumbnail","category-kiel","tag-722","tag-de","tag-deutsche-presse-agentur","tag-deutschland","tag-eu","tag-europa","tag-europe","tag-germany","tag-headlines","tag-kiel","tag-kieler-foerde","tag-nachrichten","tag-news","tag-ostsee","tag-ostseewasser","tag-rki","tag-schlagzeilen","tag-schleswig-holstein","tag-wasserwert"],"share_on_mastodon":{"url":"https:\/\/pubeurope.com\/@de\/117014159337174585","error":""},"_links":{"self":[{"href":"https:\/\/www.europesays.com\/de\/wp-json\/wp\/v2\/posts\/1205537","targetHints":{"allow":["GET"]}}],"collection":[{"href":"https:\/\/www.europesays.com\/de\/wp-json\/wp\/v2\/posts"}],"about":[{"href":"https:\/\/www.europesays.com\/de\/wp-json\/wp\/v2\/types\/post"}],"author":[{"embeddable":true,"href":"https:\/\/www.europesays.com\/de\/wp-json\/wp\/v2\/users\/2"}],"replies":[{"embeddable":true,"href":"https:\/\/www.europesays.com\/de\/wp-json\/wp\/v2\/comments?post=1205537"}],"version-history":[{"count":0,"href":"https:\/\/www.europesays.com\/de\/wp-json\/wp\/v2\/posts\/1205537\/revisions"}],"wp:featuredmedia":[{"embeddable":true,"href":"https:\/\/www.europesays.com\/de\/wp-json\/wp\/v2\/media\/1203941"}],"wp:attachment":[{"href":"https:\/\/www.europesays.com\/de\/wp-json\/wp\/v2\/media?parent=1205537"}],"wp:term":[{"taxonomy":"category","embeddable":true,"href":"https:\/\/www.europesays.com\/de\/wp-json\/wp\/v2\/categories?post=1205537"},{"taxonomy":"post_tag","embeddable":true,"href":"https:\/\/www.europesays.com\/de\/wp-json\/wp\/v2\/tags?post=1205537"}],"curies":[{"name":"wp","href":"https:\/\/api.w.org\/{rel}","templated":true}]}}