{"id":1205548,"date":"2026-07-31T10:43:13","date_gmt":"2026-07-31T10:43:13","guid":{"rendered":"https:\/\/www.europesays.com\/de\/1205548\/"},"modified":"2026-07-31T10:43:13","modified_gmt":"2026-07-31T10:43:13","slug":"so-geht-es-einer-augsburger-familie-nach-einem-einbruch-in-ihr-haus","status":"publish","type":"post","link":"https:\/\/www.europesays.com\/de\/1205548\/","title":{"rendered":"So geht es einer Augsburger Familie nach einem Einbruch in ihr Haus"},"content":{"rendered":"<p class=\"mb-6 text-xs-varying md:text-m lg:text-l font-serif group-[.font-sans]:font-sans \">\n    Im ersten Moment habe er sich nichts dabei gedacht, als er sah, dass die Schachtel im Schlafzimmer offen stand. Doch dann realisierte der Inninger, dass die schwere Goldkette, die darin verwahrt wird, fehlte. Kurz darauf fielen ihm im Raum immer mehr Ungereimtheiten auf. Die Nachttischkommode war leicht verschoben. Und nicht nur das: Auch die Ersparnisse der Kinder waren weg. Knapp 6000 Euro habe der 15-j\u00e4hrige Sohn der Augsburger Familie sich von klein auf zusammengespart, seine elfj\u00e4hrige Schwester mehr als 2000 Euro. \u201eEr wollte sich davon mit 18 ein <a href=\"https:\/\/www.ka-news.de\/auto\" target=\"_self\" class=\"underline \" rel=\"nofollow noopener\">Auto<\/a> kaufen\u201c, erz\u00e4hlt die Mutter am Tisch in der K\u00fcche und blickt auf die \u00dcberwachungskamera, die nun vom Fensterbrett aus den Garten \u00fcberwacht.\n  <\/p>\n","protected":false},"excerpt":{"rendered":"Im ersten Moment habe er sich nichts dabei gedacht, als er sah, dass die Schachtel im Schlafzimmer offen&hellip;\n","protected":false},"author":2,"featured_media":1197995,"comment_status":"","ping_status":"","sticky":false,"template":"","format":"standard","meta":{"footnotes":"","_share_on_mastodon":"0"},"categories":[1846],"tags":[680,513,772,3364,29,2819,548,663,3934,30,13,155397,983,30443,14,15,121,12],"class_list":["post-1205548","post","type-post","status-publish","format-standard","has-post-thumbnail","category-augsburg","tag-augsburg","tag-auto","tag-bayern","tag-de","tag-deutschland","tag-einbruch","tag-eu","tag-europa","tag-europe","tag-germany","tag-headlines","tag-inningen","tag-kripo","tag-lechhausen","tag-nachrichten","tag-news","tag-polizei","tag-schlagzeilen"],"share_on_mastodon":{"url":"https:\/\/pubeurope.com\/@de\/117014180893159254","error":""},"_links":{"self":[{"href":"https:\/\/www.europesays.com\/de\/wp-json\/wp\/v2\/posts\/1205548","targetHints":{"allow":["GET"]}}],"collection":[{"href":"https:\/\/www.europesays.com\/de\/wp-json\/wp\/v2\/posts"}],"about":[{"href":"https:\/\/www.europesays.com\/de\/wp-json\/wp\/v2\/types\/post"}],"author":[{"embeddable":true,"href":"https:\/\/www.europesays.com\/de\/wp-json\/wp\/v2\/users\/2"}],"replies":[{"embeddable":true,"href":"https:\/\/www.europesays.com\/de\/wp-json\/wp\/v2\/comments?post=1205548"}],"version-history":[{"count":0,"href":"https:\/\/www.europesays.com\/de\/wp-json\/wp\/v2\/posts\/1205548\/revisions"}],"wp:featuredmedia":[{"embeddable":true,"href":"https:\/\/www.europesays.com\/de\/wp-json\/wp\/v2\/media\/1197995"}],"wp:attachment":[{"href":"https:\/\/www.europesays.com\/de\/wp-json\/wp\/v2\/media?parent=1205548"}],"wp:term":[{"taxonomy":"category","embeddable":true,"href":"https:\/\/www.europesays.com\/de\/wp-json\/wp\/v2\/categories?post=1205548"},{"taxonomy":"post_tag","embeddable":true,"href":"https:\/\/www.europesays.com\/de\/wp-json\/wp\/v2\/tags?post=1205548"}],"curies":[{"name":"wp","href":"https:\/\/api.w.org\/{rel}","templated":true}]}}