{"id":1205644,"date":"2026-07-31T11:41:19","date_gmt":"2026-07-31T11:41:19","guid":{"rendered":"https:\/\/www.europesays.com\/de\/1205644\/"},"modified":"2026-07-31T11:41:19","modified_gmt":"2026-07-31T11:41:19","slug":"technoparade-zug-der-liebe-zug-der-liebe-in-berlin-nach-anschlag-auf-den-csd-abgesagt","status":"publish","type":"post","link":"https:\/\/www.europesays.com\/de\/1205644\/","title":{"rendered":"Technoparade \u00bbZug der Liebe\u00ab: \u00bbZug der Liebe\u00ab in Berlin nach Anschlag auf den CSD abgesagt"},"content":{"rendered":"<p class=\"paragraph article__item\">Nach dem <a href=\"https:\/\/www.zeit.de\/gesellschaft\/zeitgeschehen\/2026-07\/csd-berlin-auto-menschenmenge-islamistisches-motiv-gxe\" target=\"_blank\" rel=\"nofollow noopener\">Anschlag am Rande des Christopher Street<br \/>\nDay<\/a> in <a href=\"https:\/\/www.zeit.de\/thema\/berlin\" target=\"_blank\" rel=\"nofollow noopener\">Berlin<\/a> ist die f\u00fcr Ende August geplante Parade \u00bbZug der <a class=\"rtr-entity\" href=\"https:\/\/www.zeit.de\/thema\/liebe-und-sex\" rel=\"nofollow noopener\" target=\"_blank\">Liebe<\/a>\u00ab in der<br \/>\nHauptstadt abgesagt worden. Die Demonstration f\u00fcr Toleranz, Vielfalt und<br \/>\nSolidarit\u00e4t h\u00e4tte eigentlich am 29. August stattfinden sollen.\n<\/p>\n<p class=\"paragraph article__item\">Die Veranstalter teilten mit, dass die j\u00fcngsten<br \/>\nEreignisse rund um den <a class=\"rtr-entity\" href=\"https:\/\/www.zeit.de\/thema\/christopher-street-day\" rel=\"nofollow noopener\" target=\"_blank\">CSD<\/a> die Lage drastisch ver\u00e4ndert h\u00e4tten. F\u00fcr die<br \/>\nEntscheidung ausschlaggebend sei die sp\u00fcrbare Ver\u00e4nderung des<br \/>\ngesellschaftlichen Klimas. Demnach w\u00fcrde eine Parade in diesem Jahr erhebliche Auflagen mit sich bringen, von Wegfahrsperren \u00fcber Personenkontrollen bis<br \/>\nhin zu massiv aufger\u00fcsteten Polizisten. Das aktuelle, allgemeine Angstgef\u00fchl<br \/>\nund die restriktiven Rahmenbedingungen widerspr\u00e4chen fundamental der Grundidee der<br \/>\nVeranstaltung als Demonstration, die f\u00fcr einen unbeschwerten, angstfreien Raum<br \/>\ndes Protestes stehe.\n<\/p>\n<p class=\"paragraph article__item\">Zudem habe es im Vorfeld logistische Engp\u00e4sse, etwa bei den bestellten Lastwagen, gegeben. Auch eine Einigung  mit der Versammlungsbeh\u00f6rde \u00fcber die Lautst\u00e4rke stand noch aus.\n<\/p>\n<p>            Umzug \u00bbRave the Planet\u00ab in Berlin soll hingegen stattfinden            <\/p>\n<p class=\"paragraph article__item\">Die f\u00fcr den 15. August geplante Technoparade <a href=\"https:\/\/www.zeit.de\/gesellschaft\/zeitgeschehen\/2022-07\/loveparade-berlin-rave-the-planet-techno\" target=\"_blank\" rel=\"nofollow noopener\">\u00bbRave the Planet\u00ab<\/a> soll hingegen<br \/>\nstattfinden. Das sagten die Organisatoren in der RBB-Abendschau. Als Nachfolger der <a href=\"https:\/\/www.zeit.de\/thema\/loveparade\" target=\"_blank\" rel=\"nofollow noopener\">Loveparade<\/a> bringt auch \u00bbRave the Planet\u00ab Demonstration und Rave zusammen. Zu den Forderungen der Veranstalter z\u00e4hlen unter anderem die Anerkennung der<br \/>\nelektronischen Musikkultur als zu sch\u00fctzendes Kulturgut, die Abschaffung<br \/>\n von Tanzverboten und der Schutz von Kulturst\u00e4tten wie Clubs.\n<\/p>\n<p class=\"paragraph article__item\">Die Route der Veranstaltung verl\u00e4uft zwischen dem<br \/>\nBrandenburger Tor und der Siegess\u00e4ule auf der Stra\u00dfe des 17. Juni, wo<br \/>\ndie CSD-Parade stattfand und an deren Rande sich im Tiergarten der Anschlag<br \/>\nereignete. Der Gr\u00fcnder der<br \/>\nOrganisation, Matthias Roeingh, der als Dr. Motte bekannt wurde, sagte, die<br \/>\nVeranstalter h\u00e4tten sich viele Gedanken gemacht. Zudem habe man sich mit der Polizei<br \/>\n\u00fcber die neuen Bedingungen beraten. Laut der Mitveranstalterin<br \/>\nEllen Dosch-Roeingh gebe es kleine Adaptionen, aber aus beh\u00f6rdlicher Sicht und aus Sicht der<br \/>\nVeranstalter keinen Grund, diese Demonstration nicht durchzuf\u00fchren.\n<\/p>\n<p>            Berliner CSD-Verein will in Hamburg Zeichen setzen            <\/p>\n<p class=\"paragraph article__item\">Der Berliner CSD-Verein will mit einem Truck<br \/>\nam Hamburger CSD am<br \/>\nSamstag teilnehmen. Aus Respekt vor der verstorbenen Frau und den Verletzen soll auf<br \/>\ndem Truck dunkle Kleidung getragen werden. Wie der Berliner CSD-Verein mitteilte, soll mit der Teilnahme ein Signal an die queere Community und dar\u00fcber hinaus gesendet<br \/>\nwerden.\n<\/p>\n<p>                            \u00a9\u00a0Lea Dohle<\/p>\n<p>\n                                        Newsletter<br \/>\n                                        Was jetzt? \u2013 Der t\u00e4gliche Morgen\u00fcberblick<\/p>\n<p class=\"newsletter-signup__text\">Starten Sie mit unserem kurzen Nachrichten-Newsletter in den Tag. Erhalten Sie zudem freitags das digitale Magazin ZEIT am Wochenende.<\/p>\n<p class=\"newsletter-signup__datapolicy\" hidden=\"\">\n            Mit Ihrer Registrierung nehmen Sie die <a href=\"https:\/\/datenschutz.zeit.de\/zon#Newsletter\" target=\"_blank\" rel=\"nofollow noopener\">Datenschutzerkl\u00e4rung<\/a> zur Kenntnis.\n        <\/p>\n<p>    Vielen Dank! Wir haben Ihnen eine E-Mail geschickt.<\/p>\n<p>Pr\u00fcfen Sie Ihr Postfach und best\u00e4tigen Sie das Newsletter-Abonnement.<\/p>\n<p class=\"paragraph article__item\">Der Hamburger CSD findet nach<br \/>\ndem Anschlag im Umfeld des Berliner CSD unter versch\u00e4rften Sicherheitsma\u00dfnahmen<br \/>\nstatt. Im Vergleich zum Vorjahr sollen rund doppelt so viele Polizeikr\u00e4fte vor<br \/>\nOrt sein und das Umfeld verst\u00e4rkt kontrolliert werden.\n<\/p>\n<p class=\"paragraph article__item\">Am Rande des CSD war am Samstagabend ein Auto in<br \/>\neine Menschenmenge gefahren. Nach dem Angriff mit dem Fahrzeug soll ein T\u00e4ter weitere<br \/>\nMenschen mit einer Stichwaffe verletzt haben. Eine Frau wurde get\u00f6tet, 31 Menschen erlitten zum<br \/>\nTeil schwere Verletzungen. Der islamistisch motivierte <a href=\"https:\/\/www.zeit.de\/gesellschaft\/2026-07\/anschlag-auf-csd-mutmasslicher-attentaeter-abdul-b-offenbar-erschossen\" target=\"_blank\" rel=\"nofollow noopener\">Attent\u00e4ter wurde am Tag<br \/>\ndarauf bei der versuchten Festnahme von Polizisten erschossen<\/a>.\n<\/p>\n<p>Mehr zum Thema<\/p>\n<p>            Anschlag am Rande des CSD        <\/p>\n<p>                <a href=\"https:\/\/www.zeit.de\/zeit-magazin\/leben\/2026-07\/csd-berlin-anschlag-queere-community-protokoll-fs\" data-ct-label=\"CSD Berlin: \u00bbDie Pride wird sich nicht mehr anf\u00fchlen wie vor dem Anschlag\u00ab\" data-uuid=\"f46604e6-e199-4d6b-90b3-c709dff1bb50\" rel=\"nofollow noopener\" target=\"_blank\"><\/p>\n<p>        Z+ (abopflichtiger Inhalt);<\/p>\n<p>    CSD Berlin:<br \/>\n                        \u00bbDie Pride wird sich nicht mehr anf\u00fchlen wie vor dem Anschlag\u00ab<\/p>\n<p>                <\/a><\/p>\n<p>                <a href=\"https:\/\/www.zeit.de\/feuilleton\/2026-07\/reaktion-csd-anschlag-politiker-konservative-linke-spaltung\" data-ct-label=\"Reaktionen auf CSD-Anschlag: Da schauen sie dann lieber weg\" data-uuid=\"87ef7aa1-ad1d-4551-965e-c2d7a05bcc28\" rel=\"nofollow noopener\" target=\"_blank\"><\/p>\n<p>        Z+ (abopflichtiger Inhalt);<\/p>\n<p>    Reaktionen auf CSD-Anschlag:<br \/>\n                        Da schauen sie dann lieber weg<\/p>\n<p>                <\/a><\/p>\n<p>                <a href=\"https:\/\/www.zeit.de\/feuilleton\/2026-07\/anschlag-csd-berlin-angst-taeter-polizei\" data-ct-label=\"Anschlag auf den CSD: War das wirklich ein \u00bbAnschlag auf uns alle\u00ab?\" data-uuid=\"4dec22bf-9267-4cf1-9de7-f0e1b80a65ac\" rel=\"nofollow noopener\" target=\"_blank\"><\/p>\n<p>        Z+ (abopflichtiger Inhalt);<\/p>\n<p>    Anschlag auf den CSD:<br \/>\n                        War das wirklich ein \u00bbAnschlag auf uns alle\u00ab?<\/p>\n<p>                <\/a><\/p>\n","protected":false},"excerpt":{"rendered":"Nach dem Anschlag am Rande des Christopher Street Day in Berlin ist die f\u00fcr Ende August geplante Parade&hellip;\n","protected":false},"author":2,"featured_media":1205645,"comment_status":"","ping_status":"","sticky":false,"template":"","format":"standard","meta":{"footnotes":"","_share_on_mastodon":"0"},"categories":[1825],"tags":[1941,1939,296,1937,30485,29,30,1724,8321,1940,1938,14037,251302,2544],"class_list":["post-1205644","post","type-post","status-publish","format-standard","has-post-thumbnail","category-berlin","tag-aktuelle-nachrichten-aus-berlin","tag-aktuelle-news-aus-berlin","tag-berlin","tag-berlin-news","tag-christopher-street-day","tag-deutschland","tag-germany","tag-gesellschaft","tag-liebe","tag-nachrichten-aus-berlin","tag-news-aus-berlin","tag-queerness","tag-technoparade-zug-der-liebe","tag-terrorismus"],"share_on_mastodon":{"url":"https:\/\/pubeurope.com\/@de\/117014409336917069","error":""},"_links":{"self":[{"href":"https:\/\/www.europesays.com\/de\/wp-json\/wp\/v2\/posts\/1205644","targetHints":{"allow":["GET"]}}],"collection":[{"href":"https:\/\/www.europesays.com\/de\/wp-json\/wp\/v2\/posts"}],"about":[{"href":"https:\/\/www.europesays.com\/de\/wp-json\/wp\/v2\/types\/post"}],"author":[{"embeddable":true,"href":"https:\/\/www.europesays.com\/de\/wp-json\/wp\/v2\/users\/2"}],"replies":[{"embeddable":true,"href":"https:\/\/www.europesays.com\/de\/wp-json\/wp\/v2\/comments?post=1205644"}],"version-history":[{"count":0,"href":"https:\/\/www.europesays.com\/de\/wp-json\/wp\/v2\/posts\/1205644\/revisions"}],"wp:featuredmedia":[{"embeddable":true,"href":"https:\/\/www.europesays.com\/de\/wp-json\/wp\/v2\/media\/1205645"}],"wp:attachment":[{"href":"https:\/\/www.europesays.com\/de\/wp-json\/wp\/v2\/media?parent=1205644"}],"wp:term":[{"taxonomy":"category","embeddable":true,"href":"https:\/\/www.europesays.com\/de\/wp-json\/wp\/v2\/categories?post=1205644"},{"taxonomy":"post_tag","embeddable":true,"href":"https:\/\/www.europesays.com\/de\/wp-json\/wp\/v2\/tags?post=1205644"}],"curies":[{"name":"wp","href":"https:\/\/api.w.org\/{rel}","templated":true}]}}