{"id":1205774,"date":"2026-07-31T12:58:19","date_gmt":"2026-07-31T12:58:19","guid":{"rendered":"https:\/\/www.europesays.com\/de\/1205774\/"},"modified":"2026-07-31T12:58:19","modified_gmt":"2026-07-31T12:58:19","slug":"mord-in-frankfurt-mann-stoesst-ehefrau-vom-balkon-lebenslang","status":"publish","type":"post","link":"https:\/\/www.europesays.com\/de\/1205774\/","title":{"rendered":"Mord in Frankfurt: Mann st\u00f6\u00dft Ehefrau vom Balkon \u2013 lebenslang"},"content":{"rendered":"<p>Urteil in Frankfurt <\/p>\n<p>Mann st\u00f6\u00dft Frau vom Balkon \u2013 lebenslange Strafe<\/p>\n<p>31.07.2026 &#8211; 14:43 UhrLesedauer: 1 Min.<\/p>\n<p><a href=\"#focus-0\" class=\"transition-colors block text-current relative\" data-sctrack=\"FocusGalleryImage.Reference\"><img fetchpriority=\"high\" data-testid=\"Opener.Image\"   loading=\"eager\" src=\"https:\/\/www.europesays.com\/de\/wp-content\/uploads\/2026\/07\/im-landgericht-wurde-ein-urteil-gegen-einen-mann-verkuendet-der-seine-frau-in-die-tiefe-gestuerzt-ha.jpeg\" alt=\"Landgericht Frankfurt\" title=\"Landgericht Frankfurt\" width=\"2048\" height=\"1152\" class=\"bg-[url:var(--lqipURL)] bg-cover bg-center flex h-full w-full max-w-full\" style=\"--lqipURL:url('https:\/\/images.t-online.de\/2026\/07\/pk4N9G68sqRH\/0x107:2048x1152\/fit-in\/150x0\/filters:blur(25)\/im-landgericht-wurde-ein-urteil-gegen-einen-mann-verkuendet-der-seine-frau-in-die-tiefe-gestuerzt-hatte-symbolfoto.jpg')\" decoding=\"async\"\/><img loading=\"lazy\" src=\"https:\/\/frankfurt.t-online.de\/s\/paper\/_next\/static\/media\/zoom-in.f7dae02f.svg\" alt=\"Vergr\u00f6\u00dfern des Bildes\" title=\"Vergr\u00f6\u00dfern des Bildes\" class=\"block h-[calc(var(--height)_\/_16_*_1rem)] w-[calc(var(--width)_\/_16_*_1rem)] max-w-none absolute right-8 bottom-8 rounded-4 bg-snow p-8\" style=\"--width:32;--height:32\" decoding=\"async\"\/><\/a><\/p>\n<p>Im Landgericht (Symbolfoto) wurde ein Urteil gegen einen Mann verk\u00fcndet, der seine Frau in die Tiefe gest\u00fcrzt hatte. (Quelle: Helmut Fricke\/dpa\/dpa-bilder)<\/p>\n<p><img loading=\"lazy\" src=\"https:\/\/frankfurt.t-online.de\/s\/paper\/_next\/static\/media\/audio-volume.6689034c.svg\" alt=\"\" title=\"\" class=\"block h-[calc(var(--height)_\/_16_*_1rem)] w-[calc(var(--width)_\/_16_*_1rem)] max-w-none group-hover:brightness-0 group-hover:invert\" style=\"--width:16;--height:16\" decoding=\"async\"\/>Vorlesen<\/p>\n<p>Aktuelle Zeit:0:00Gesamtdauer:0:00<\/p>\n<p>1x<\/p>\n<p class=\"text-center\">Jetzt neu bei t-online:<\/p>\n<p class=\"text-center\">Schriftgr\u00f6\u00dfe anpassen!<\/p>\n<p><img loading=\"lazy\" src=\"https:\/\/frankfurt.t-online.de\/s\/paper\/_next\/static\/media\/font-sizes.32942e33.svg\" alt=\"\" title=\"\" class=\"block h-[calc(var(--height)_\/_16_*_1rem)] w-[calc(var(--width)_\/_16_*_1rem)] max-w-none group-hover:hidden group-aria-expanded:hidden\" style=\"--width:16;--height:16\" decoding=\"async\"\/><img loading=\"lazy\" src=\"https:\/\/frankfurt.t-online.de\/s\/paper\/_next\/static\/media\/font-sizes-dark-mode.e382645c.svg\" alt=\"\" title=\"\" class=\"block h-[calc(var(--height)_\/_16_*_1rem)] w-[calc(var(--width)_\/_16_*_1rem)] max-w-none hidden group-hover:block group-aria-expanded:block\" style=\"--width:16;--height:16\" decoding=\"async\"\/><img loading=\"lazy\" src=\"https:\/\/frankfurt.t-online.de\/s\/paper\/_next\/static\/media\/sharing-menu-icon.1eb71368.svg\" alt=\"\" title=\"\" class=\"block h-[calc(var(--height)_\/_16_*_1rem)] w-[calc(var(--width)_\/_16_*_1rem)] max-w-none group-hover:brightness-0 group-hover:invert\" style=\"--width:16;--height:16\" decoding=\"async\"\/>Artikel teilen<\/p>\n<p class=\"font-bold text-18 leading-17 user-text-lg:text-22 user-text-xl:text-24\">Ein 60-J\u00e4hriger wollte seine Aff\u00e4re nicht aufgeben und eine teure Scheidung vermeiden. Das Frankfurter Landgericht hat nun sein Urteil gesprochen.<\/p>\n<p class=\"text-18 leading-17 user-text-lg:text-22 user-text-xl:text-24\">Das Frankfurter Landgericht hat einen 60-j\u00e4hrigen Deutsch-Briten wegen Mordes zu lebenslanger Haft verurteilt. Der Mann hatte seine Ehefrau am Vatertag 2023 <a href=\"https:\/\/frankfurt.t-online.de\/region\/frankfurt-am-main\/id_101195704\/frankfurt-ehefrau-von-hotel-balkon-gestossen-mann-vor-gericht-.html\" class=\"transition-colors cursor-pointer no-underline md:hover:text-magenta md:focus:text-magenta border-b border-solid border-current text-salemsfur md:hover:border-magenta\" data-tracking=\"{&quot;action&quot;:&quot;click&quot;,&quot;category&quot;:&quot;intextLink&quot;,&quot;label&quot;:&quot;\/region\/frankfurt-am-main\/id_101195704\/frankfurt-ehefrau-von-hotel-balkon-gestossen-mann-vor-gericht-.html&quot;}\" data-sctrack=\"BodyAnchor\" rel=\"nofollow noopener\" target=\"_blank\">vom Balkon eines Frankfurter Hotels in den Tod gesto\u00dfen<\/a>. Das berichtet die Deutsche Presse-Agentur.<\/p>\n<p class=\"text-18 leading-17 user-text-lg:text-22 user-text-xl:text-24\">Das Paar war elf Jahre verheiratet und lebte mit seinen zwei Kindern in Rodgau im Landkreis Offenbach. Wenige Monate vor der Tat begann der Mann eine Beziehung mit einer Frau, die mehr als 20 Jahre j\u00fcnger war als er. Im Internet suchte er nach unauff\u00e4lligen T\u00f6tungsarten, buchte dann ein Zimmer in einem Frankfurter Hotel und st\u00fcrzte seine Frau 61 Meter in die Tiefe. Sie starb sofort.<\/p>\n<p class=\"text-18 leading-17 user-text-lg:text-22 user-text-xl:text-24\">Der Vorsitzende Richter der Schwurgerichtskammer richtete klare Worte an den Angeklagten: &#8222;Ihr Verhalten steht sittlich auf niedrigster Stufe.&#8220; Seine Frau habe er &#8222;wie einen M\u00fcllsack&#8220; \u00fcber das Balkongel\u00e4nder entsorgt. Mit dem Urteil folgte das Gericht dem Antrag der Staatsanw\u00e4ltin und der Nebenklage. Die Verteidigerin des Mannes hatte einen Freispruch beantragt.<\/p>\n<p class=\"text-18 leading-17 user-text-lg:text-22 user-text-xl:text-24\">Der Prozess hatte am 1. April begonnen. Zu der Tat hatte sich der Angeklagte nicht ge\u00e4u\u00dfert. Das Urteil ist noch nicht rechtskr\u00e4ftig.<\/p>\n","protected":false},"excerpt":{"rendered":"Urteil in Frankfurt Mann st\u00f6\u00dft Frau vom Balkon \u2013 lebenslange Strafe 31.07.2026 &#8211; 14:43 UhrLesedauer: 1 Min. Im&hellip;\n","protected":false},"author":2,"featured_media":1205775,"comment_status":"","ping_status":"","sticky":false,"template":"","format":"standard","meta":{"footnotes":"","_share_on_mastodon":"0"},"categories":[1829],"tags":[722,17161,29,2050,2051,3750,1404,30,2052,4933,7085,19613,5598,38738,8110,5778],"class_list":["post-1205774","post","type-post","status-publish","format-standard","has-post-thumbnail","category-frankfurt-am-main","tag-722","tag-17161","tag-deutschland","tag-frankfurt","tag-frankfurt-am-main","tag-gerichtsprozess","tag-gerichtsurteil","tag-germany","tag-hessen","tag-landgericht","tag-landgericht-frankfurt-am-main","tag-mordfall","tag-mordprozess","tag-prozesstag","tag-symbolfoto","tag-urteilsverkuendung"],"share_on_mastodon":{"url":"https:\/\/pubeurope.com\/@de\/117014714480656842","error":""},"_links":{"self":[{"href":"https:\/\/www.europesays.com\/de\/wp-json\/wp\/v2\/posts\/1205774","targetHints":{"allow":["GET"]}}],"collection":[{"href":"https:\/\/www.europesays.com\/de\/wp-json\/wp\/v2\/posts"}],"about":[{"href":"https:\/\/www.europesays.com\/de\/wp-json\/wp\/v2\/types\/post"}],"author":[{"embeddable":true,"href":"https:\/\/www.europesays.com\/de\/wp-json\/wp\/v2\/users\/2"}],"replies":[{"embeddable":true,"href":"https:\/\/www.europesays.com\/de\/wp-json\/wp\/v2\/comments?post=1205774"}],"version-history":[{"count":0,"href":"https:\/\/www.europesays.com\/de\/wp-json\/wp\/v2\/posts\/1205774\/revisions"}],"wp:featuredmedia":[{"embeddable":true,"href":"https:\/\/www.europesays.com\/de\/wp-json\/wp\/v2\/media\/1205775"}],"wp:attachment":[{"href":"https:\/\/www.europesays.com\/de\/wp-json\/wp\/v2\/media?parent=1205774"}],"wp:term":[{"taxonomy":"category","embeddable":true,"href":"https:\/\/www.europesays.com\/de\/wp-json\/wp\/v2\/categories?post=1205774"},{"taxonomy":"post_tag","embeddable":true,"href":"https:\/\/www.europesays.com\/de\/wp-json\/wp\/v2\/tags?post=1205774"}],"curies":[{"name":"wp","href":"https:\/\/api.w.org\/{rel}","templated":true}]}}