{"id":1205938,"date":"2026-07-31T14:30:18","date_gmt":"2026-07-31T14:30:18","guid":{"rendered":"https:\/\/www.europesays.com\/de\/1205938\/"},"modified":"2026-07-31T14:30:18","modified_gmt":"2026-07-31T14:30:18","slug":"anschlag-auf-csd-in-berlin-wie-die-queere-community-reagiert-politik","status":"publish","type":"post","link":"https:\/\/www.europesays.com\/de\/1205938\/","title":{"rendered":"Anschlag auf CSD in Berlin: Wie die queere Community reagiert &#8211; Politik"},"content":{"rendered":"<p data-manual=\"paragraph\" data-schema-org-speakable=\"true\" class=\"css-1eosz7k\">Eine knappe Woche ist der Anschlag auf den CSD in Berlin jetzt her. Eine Frau wurde get\u00f6tet, 29 Menschen teils schwer verletzt. Was hat dieser Anschlag in der queeren Community ausgel\u00f6st? Und was m\u00fcsste sich jetzt politisch und gesellschaftlich \u00e4ndern, damit queere Menschen in Sicherheit und Freiheit offen leben k\u00f6nnen? Dar\u00fcber spricht in dieser Folge von \u201eAuf den Punkt\u201c der politische Sprecher des CSD M\u00fcnchen, Bernd M\u00fcller. Er ist auch Stadtrat in M\u00fcnchen f\u00fcr die Rosa Liste.<\/p>\n<p data-manual=\"paragraph\" data-schema-org-speakable=\"true\" class=\"css-1eosz7k\">Er sagt: \u201eWenn die Politik ihre Worte der Trauer ernst meint, dann muss sie auch etwas daf\u00fcr tun, dass diese Gesellschaft bef\u00e4higt wird, queere Menschen als etwas Selbstverst\u00e4ndliches anzunehmen. Und das beginnt zuallererst in der Bildung, in der Aufkl\u00e4rung in der Schule, aber geht nat\u00fcrlich weiter dar\u00fcber hinaus.\u201c<\/p>\n<p data-manual=\"paragraph\" data-schema-org-speakable=\"true\" class=\"css-1eosz7k\">Die von Bundesministerin Karin Prien (CDU) angek\u00fcndigten K\u00fcrzungen im Bundesf\u00f6rderprogramm \u201eDemokratie leben!\u201c, das aufgesetzt wurde, um Demokratie und Vielfalt zu f\u00f6rdern, sieht er dementsprechend kritisch. \u201eWer an der Vielfalt r\u00fcttelt, der macht sich wirklich auf den Weg in einen AfD-freundlichen Staat.\u201c<\/p>\n<p data-manual=\"paragraph\" data-schema-org-speakable=\"true\" class=\"css-1eosz7k\">Weitere Nachrichten: Uefa stellt sich gegen die Investorenpl\u00e4ne der Fifa; circa 60 000 Menschen von Marokko aus in die spanische Enklave Ceuta gelangt.<\/p>\n<p data-manual=\"paragraph\" data-schema-org-speakable=\"true\" class=\"css-1eosz7k\"><strong>Zum Weiterlesen:<\/strong><\/p>\n<p data-manual=\"paragraph\" data-schema-org-speakable=\"true\" class=\"css-1eosz7k\"><a href=\"https:\/\/www.sueddeutsche.de\/meinung\/fritz-guentzler-cdu-verkehrsminister-merz-li.3523923\" rel=\"nofollow noopener\" target=\"_blank\">Den Text zum \u201eDann-doch-nicht-Minister\u201c Fritz G\u00fcntzler lesen Sie hier.<\/a><\/p>\n<p data-manual=\"paragraph\" data-schema-org-speakable=\"true\" class=\"css-1eosz7k\">Moderation, Redaktion: Johannes Korsche<\/p>\n<p data-manual=\"paragraph\" data-schema-org-speakable=\"true\" class=\"css-1eosz7k\">Redaktion: Nadja Schl\u00fcter<\/p>\n<p data-manual=\"paragraph\" data-schema-org-speakable=\"true\" class=\"css-1eosz7k\">Produktion: Juno Graner<\/p>\n<p data-manual=\"paragraph\" data-schema-org-speakable=\"true\" class=\"css-1eosz7k\">Zitiertes und zus\u00e4tzliches Audiomaterial \u00fcber \u201eJ\u00fcdisches Forum \u2013 JFDA\u201c.<\/p>\n<p data-manual=\"paragraph\" data-schema-org-speakable=\"true\" class=\"css-1eosz7k\"><strong>So k\u00f6nnen Sie unseren Nachrichtenpodcast abonnieren:<\/strong><\/p>\n<p data-manual=\"paragraph\" data-schema-org-speakable=\"true\" class=\"css-1eosz7k\">\u201eAuf den Punkt\u201c ist der t\u00e4gliche Nachrichtenpodcast der S\u00fcddeutschen Zeitung zu den wichtigsten Themen des Tages. Sie finden alle Folgen auf <a href=\"https:\/\/www.sueddeutsche.de\/thema\/Auf_den_Punkt\" rel=\"nofollow noopener\" target=\"_blank\">sz.de\/nachrichtenpodcast<\/a>. Verpassen Sie keine Folge und abonnieren Sie unser Audio-Angebot in Ihrer Lieblings-<a href=\"https:\/\/www.sueddeutsche.de\/thema\/Podcast\" rel=\"nofollow noopener\" target=\"_blank\">Podcast<\/a>-App oder bei <a href=\"https:\/\/apple.co\/2FyzNWA\" target=\"_blank\" rel=\"nofollow noopener\">iTunes<\/a> und <a href=\"https:\/\/spoti.fi\/2FA1hLq\" target=\"_blank\" rel=\"nofollow noopener\">Spotify<\/a>. Eine \u00dcbersicht \u00fcber all unsere Podcasts finden Sie unter <a href=\"https:\/\/www.sueddeutsche.de\/thema\/Podcast?utm_source=Shortlink&amp;utm_content=podcast\" rel=\"nofollow noopener\" target=\"_blank\">www.sz.de\/podcast<\/a> und <a href=\"https:\/\/www.sueddeutsche.de\/service\/sz-podcasts-hoeren-app-1.3988501\" rel=\"nofollow noopener\" target=\"_blank\">hier erfahren Sie, wie Sie unsere Podcasts h\u00f6ren k\u00f6nnen<\/a>.<\/p>\n<p data-manual=\"paragraph\" data-schema-org-speakable=\"true\" class=\"css-1eosz7k\">Sie haben Fragen oder Anregungen? Dann schreiben Sie uns: <a href=\"https:\/\/www.sueddeutsche.de\/politik\/mailto:podcast@sz.de\" rel=\"nofollow noopener\" target=\"_blank\">podcast@sz.de<\/a>.<\/p>\n","protected":false},"excerpt":{"rendered":"Eine knappe Woche ist der Anschlag auf den CSD in Berlin jetzt her. Eine Frau wurde get\u00f6tet, 29&hellip;\n","protected":false},"author":2,"featured_media":400604,"comment_status":"","ping_status":"","sticky":false,"template":"","format":"standard","meta":{"footnotes":"","_share_on_mastodon":"0"},"categories":[1825],"tags":[30546,106807,296,30485,29,30,148,19963,2043,16,21469,149],"class_list":["post-1205938","post","type-post","status-publish","format-standard","has-post-thumbnail","category-berlin","tag-csd","tag-auf-den-punkt","tag-berlin","tag-christopher-street-day","tag-deutschland","tag-germany","tag-leserdiskussion","tag-lgbtq-plus","tag-podcast","tag-politik","tag-queer","tag-sueddeutsche-zeitung"],"share_on_mastodon":{"url":"https:\/\/pubeurope.com\/@de\/117015073879244411","error":""},"_links":{"self":[{"href":"https:\/\/www.europesays.com\/de\/wp-json\/wp\/v2\/posts\/1205938","targetHints":{"allow":["GET"]}}],"collection":[{"href":"https:\/\/www.europesays.com\/de\/wp-json\/wp\/v2\/posts"}],"about":[{"href":"https:\/\/www.europesays.com\/de\/wp-json\/wp\/v2\/types\/post"}],"author":[{"embeddable":true,"href":"https:\/\/www.europesays.com\/de\/wp-json\/wp\/v2\/users\/2"}],"replies":[{"embeddable":true,"href":"https:\/\/www.europesays.com\/de\/wp-json\/wp\/v2\/comments?post=1205938"}],"version-history":[{"count":0,"href":"https:\/\/www.europesays.com\/de\/wp-json\/wp\/v2\/posts\/1205938\/revisions"}],"wp:featuredmedia":[{"embeddable":true,"href":"https:\/\/www.europesays.com\/de\/wp-json\/wp\/v2\/media\/400604"}],"wp:attachment":[{"href":"https:\/\/www.europesays.com\/de\/wp-json\/wp\/v2\/media?parent=1205938"}],"wp:term":[{"taxonomy":"category","embeddable":true,"href":"https:\/\/www.europesays.com\/de\/wp-json\/wp\/v2\/categories?post=1205938"},{"taxonomy":"post_tag","embeddable":true,"href":"https:\/\/www.europesays.com\/de\/wp-json\/wp\/v2\/tags?post=1205938"}],"curies":[{"name":"wp","href":"https:\/\/api.w.org\/{rel}","templated":true}]}}