{"id":1206024,"date":"2026-07-31T15:24:34","date_gmt":"2026-07-31T15:24:34","guid":{"rendered":"https:\/\/www.europesays.com\/de\/1206024\/"},"modified":"2026-07-31T15:24:34","modified_gmt":"2026-07-31T15:24:34","slug":"eu-verschaerft-aufnahmeregeln-fuer-wehrpflichtige-ukrainer","status":"publish","type":"post","link":"https:\/\/www.europesays.com\/de\/1206024\/","title":{"rendered":"EU versch\u00e4rft Aufnahmeregeln f\u00fcr wehrpflichtige Ukrainer"},"content":{"rendered":"<p>Die Europ\u00e4ische Union schr\u00e4nkt den Zugang zum vereinfachten Schutzstatus f\u00fcr wehrpflichtige Ukrainer ein. Dies berichtet die <a href=\"https:\/\/www.welt.de\/politik\/ausland\/article6a6b5dfedd06dd5ef2e3f9b1\/eu-erschwert-ukrainern-die-flucht-und-verschaerft-aufnahmeregeln-fuer-wehrpflichtige-maenner.html\" rel=\"nofollow noopener\" target=\"_blank\">Welt<\/a>. K\u00fcnftig profitieren wehrf\u00e4hige ukrainische M\u00e4nner in Deutschland und anderen EU-Staaten nicht mehr automatisch von den vereinfachten Aufnahmeregeln. Die Verordnung soll nach ihrer Ver\u00f6ffentlichung im EU-Amtsblatt einen Tag sp\u00e4ter in Kraft treten.<\/p>\n<p>                <img src=\"https:\/\/www.europesays.com\/de\/wp-content\/uploads\/2026\/07\/517180615_highres-1024x694.jpg\" alt=\"DUMITRU DORU \/ KEYSTONE\" itemprop=\"contentUrl\" class=\"story-img story-img--landscape\" loading=\"lazy\" decoding=\"async\"\/><\/p>\n<p>                                                                            Ukrainische Gefl\u00fcchtete warten in einem Hilfszentrum in Chisinau (Symbolbild)<br \/>\n                                                                            <\/p>\n<p>                                        DUMITRU DORU \/ KEYSTONE<\/p>\n<p>Nach den neuen Regeln erhalten nur noch Ukrainer den vereinfachten Schutzstatus, die ihren Wehrdienst bereits geleistet haben oder vom Wehrdienst freigestellt sind. M\u00e4nner, die in der Ukraine einem Ausreiseverbot unterliegen, m\u00fcssen stattdessen einen regul\u00e4ren Asylantrag stellen. Bereits erteilte Schutzstatus bleiben bestehen. Frauen, Kinder sowie M\u00e4nner mit Ausreiseerlaubnis fallen weiterhin unter die Massenzustromrichtlinie, deren Anwendung bis M\u00e4rz 2028 verl\u00e4ngert wurde. Die EU-Kommission begr\u00fcndet die \u00c4nderung mit einer Bitte der Ukraine. Wie die Welt berichtet, bef\u00fcrworteten auch Deutschland und weitere Mitgliedstaaten den Schritt.<\/p>\n<p>Bundesinnenminister Alexander Dobrindt (CSU) sprach sich auf EU-Ebene f\u00fcr die Einschr\u00e4nkungen aus. Justizministerin Stefanie Hubig (SPD) erkl\u00e4rte, es sei wichtig, dass die Ukraine wehrf\u00e4hig bleibe. Kritik kommt unter anderem von Gr\u00fcnen und Linken. Sie warnen vor zus\u00e4tzlichem Verwaltungsaufwand und sehen das Recht auf Kriegsdienstverweigerung beeintr\u00e4chtigt.<\/p>\n","protected":false},"excerpt":{"rendered":"Die Europ\u00e4ische Union schr\u00e4nkt den Zugang zum vereinfachten Schutzstatus f\u00fcr wehrpflichtige Ukrainer ein. Dies berichtet die Welt. K\u00fcnftig&hellip;\n","protected":false},"author":2,"featured_media":1206025,"comment_status":"","ping_status":"","sticky":false,"template":"","format":"standard","meta":{"footnotes":"","_share_on_mastodon":"0"},"categories":[3933],"tags":[331,332,548,663,158,57262,3934,3935,854,13,4045,382,14,15,16,12,14751,690],"class_list":["post-1206024","post","type-post","status-publish","format-standard","has-post-thumbnail","category-eu","tag-aktuelle-nachrichten","tag-aktuelle-news","tag-eu","tag-europa","tag-europaeische-union","tag-europaeische_union","tag-europe","tag-european-union","tag-gesetz","tag-headlines","tag-konflikt","tag-migration","tag-nachrichten","tag-news","tag-politik","tag-schlagzeilen","tag-schutzstatus","tag-wehrpflicht"],"share_on_mastodon":{"url":"https:\/\/pubeurope.com\/@de\/117015287792385531","error":""},"_links":{"self":[{"href":"https:\/\/www.europesays.com\/de\/wp-json\/wp\/v2\/posts\/1206024","targetHints":{"allow":["GET"]}}],"collection":[{"href":"https:\/\/www.europesays.com\/de\/wp-json\/wp\/v2\/posts"}],"about":[{"href":"https:\/\/www.europesays.com\/de\/wp-json\/wp\/v2\/types\/post"}],"author":[{"embeddable":true,"href":"https:\/\/www.europesays.com\/de\/wp-json\/wp\/v2\/users\/2"}],"replies":[{"embeddable":true,"href":"https:\/\/www.europesays.com\/de\/wp-json\/wp\/v2\/comments?post=1206024"}],"version-history":[{"count":0,"href":"https:\/\/www.europesays.com\/de\/wp-json\/wp\/v2\/posts\/1206024\/revisions"}],"wp:featuredmedia":[{"embeddable":true,"href":"https:\/\/www.europesays.com\/de\/wp-json\/wp\/v2\/media\/1206025"}],"wp:attachment":[{"href":"https:\/\/www.europesays.com\/de\/wp-json\/wp\/v2\/media?parent=1206024"}],"wp:term":[{"taxonomy":"category","embeddable":true,"href":"https:\/\/www.europesays.com\/de\/wp-json\/wp\/v2\/categories?post=1206024"},{"taxonomy":"post_tag","embeddable":true,"href":"https:\/\/www.europesays.com\/de\/wp-json\/wp\/v2\/tags?post=1206024"}],"curies":[{"name":"wp","href":"https:\/\/api.w.org\/{rel}","templated":true}]}}