{"id":1206044,"date":"2026-07-31T15:34:19","date_gmt":"2026-07-31T15:34:19","guid":{"rendered":"https:\/\/www.europesays.com\/de\/1206044\/"},"modified":"2026-07-31T15:34:19","modified_gmt":"2026-07-31T15:34:19","slug":"hannover-waehlt-im-september-die-kandidaten-fuer-das-oberbuergermeisteramt","status":"publish","type":"post","link":"https:\/\/www.europesays.com\/de\/1206044\/","title":{"rendered":"Hannover w\u00e4hlt im September: Die Kandidaten f\u00fcr das Oberb\u00fcrgermeisteramt"},"content":{"rendered":"<p>Kommunalwahlen <\/p>\n<p>Diese neun Bewerber wollen Oberb\u00fcrgermeister werden<\/p>\n<p>31.07.2026 &#8211; 17:30 UhrLesedauer: 1 Min.<\/p>\n<p><a href=\"#focus-0\" class=\"transition-colors block text-current relative\" data-sctrack=\"FocusGalleryImage.Reference\"><img fetchpriority=\"high\" data-testid=\"Opener.Image\"   loading=\"eager\" src=\"https:\/\/www.europesays.com\/de\/wp-content\/uploads\/2026\/07\/das-neue-rathaus-in-hannover-der-aufzug-faehrt-an-der-kuppel-entlang.jpg\" alt=\"Das Neue Rathaus in Hannover: Der Aufzug f\u00e4hrt an der Kuppel entlang.\" title=\"Das Neue Rathaus in Hannover: Der Aufzug f\u00e4hrt an der Kuppel entlang.\" width=\"5442\" height=\"3061\" class=\"bg-[url:var(--lqipURL)] bg-cover bg-center flex h-full w-full max-w-full\" style=\"--lqipURL:url('https:\/\/images.t-online.de\/2026\/07\/r6e0-H0GbYl1\/0x283:5442x3061\/fit-in\/150x0\/filters:blur(25)\/das-neue-rathaus-in-hannover-der-aufzug-faehrt-an-der-kuppel-entlang.jpg')\" decoding=\"async\"\/><img loading=\"lazy\" src=\"https:\/\/hannover.t-online.de\/s\/paper\/_next\/static\/media\/zoom-in.f7dae02f.svg\" alt=\"Vergr\u00f6\u00dfern des Bildes\" title=\"Vergr\u00f6\u00dfern des Bildes\" class=\"block h-[calc(var(--height)_\/_16_*_1rem)] w-[calc(var(--width)_\/_16_*_1rem)] max-w-none absolute right-8 bottom-8 rounded-4 bg-snow p-8\" style=\"--width:32;--height:32\" decoding=\"async\"\/><\/a><\/p>\n<p>Das Neue Rathaus in Hannover: Im September wird ein Stadtoberhaupt gew\u00e4hlt. (Quelle: cmturkmen)<\/p>\n<p><img loading=\"lazy\" src=\"https:\/\/hannover.t-online.de\/s\/paper\/_next\/static\/media\/audio-volume.6689034c.svg\" alt=\"\" title=\"\" class=\"block h-[calc(var(--height)_\/_16_*_1rem)] w-[calc(var(--width)_\/_16_*_1rem)] max-w-none group-hover:brightness-0 group-hover:invert\" style=\"--width:16;--height:16\" decoding=\"async\"\/>Vorlesen<\/p>\n<p>Aktuelle Zeit:0:00Gesamtdauer:0:00<\/p>\n<p>1x<\/p>\n<p class=\"text-center\">Jetzt neu bei t-online:<\/p>\n<p class=\"text-center\">Schriftgr\u00f6\u00dfe anpassen!<\/p>\n<p><img loading=\"lazy\" src=\"https:\/\/hannover.t-online.de\/s\/paper\/_next\/static\/media\/font-sizes.32942e33.svg\" alt=\"\" title=\"\" class=\"block h-[calc(var(--height)_\/_16_*_1rem)] w-[calc(var(--width)_\/_16_*_1rem)] max-w-none group-hover:hidden group-aria-expanded:hidden\" style=\"--width:16;--height:16\" decoding=\"async\"\/><img loading=\"lazy\" src=\"https:\/\/hannover.t-online.de\/s\/paper\/_next\/static\/media\/font-sizes-dark-mode.e382645c.svg\" alt=\"\" title=\"\" class=\"block h-[calc(var(--height)_\/_16_*_1rem)] w-[calc(var(--width)_\/_16_*_1rem)] max-w-none hidden group-hover:block group-aria-expanded:block\" style=\"--width:16;--height:16\" decoding=\"async\"\/><img loading=\"lazy\" src=\"https:\/\/hannover.t-online.de\/s\/paper\/_next\/static\/media\/sharing-menu-icon.1eb71368.svg\" alt=\"\" title=\"\" class=\"block h-[calc(var(--height)_\/_16_*_1rem)] w-[calc(var(--width)_\/_16_*_1rem)] max-w-none group-hover:brightness-0 group-hover:invert\" style=\"--width:16;--height:16\" decoding=\"async\"\/>Artikel teilen<\/p>\n<p class=\"font-bold text-18 leading-17 user-text-lg:text-22 user-text-xl:text-24\">Am 13. September stimmen die Menschen in Hannover \u00fcber ihren neuen Stadtrat und ihr Stadtoberhaupt ab. Die Kandidaten.<\/p>\n<p class=\"text-18 leading-17 user-text-lg:text-22 user-text-xl:text-24\">Der Wahlausschuss der Landeshauptstadt Hannover hat die Kandidaturen f\u00fcr die Kommunalwahl am 13. September zugelassen. Neun Personen bewerben sich um das Amt des Oberb\u00fcrgermeisters, knapp 1.750 Kandidatinnen und Kandidaten treten f\u00fcr den Stadtrat und die 13 Stadtbezirksr\u00e4te an.<\/p>\n<p class=\"text-18 leading-17 user-text-lg:text-22 user-text-xl:text-24\">F\u00fcr das Oberb\u00fcrgermeisteramt kandidieren:<\/p>\n<ul class=\"text-18 leading-17 block pl-24 *:pb-16 *:before:inline-block *:before:size-8 *:before:bg-magenta *:before:mt-0 *:before:mr-12 *:before:mb-2 *:before:-ml-[20px]\">\n<li>Amtsinhaber Belit Onay (Gr\u00fcne)<\/li>\n<li>Dr. Axel von der Ohe (SPD)<\/li>\n<li>Peter Karst (CDU)<\/li>\n<li>Maren Kaminski (Die Linke)<\/li>\n<li>Jessica Miriam Sch\u00fclke (AfD)<\/li>\n<li>Larissa Boch (Die PARTEI)<\/li>\n<li>Bruno Adam Wolf (Piraten)<\/li>\n<li>Thorsten Meyer (Die Hannoveraner)<\/li>\n<li>Muammer Duran (DAVA)<\/li>\n<\/ul>\n<p class=\"text-18 leading-17 user-text-lg:text-22 user-text-xl:text-24\">F\u00fcr den Stadtrat bewerben sich 662 Personen um 64 Mandate, f\u00fcr die Stadtbezirksr\u00e4te 1.071 Personen um 259 Sitze. Insgesamt treten 15 Parteien und W\u00e4hlergemeinschaften sowie vier Einzelkandidaten f\u00fcr den Rat an. Gr\u00fcne, SPD, CDU, Die Linke, AfD, FDP, Die Hannoveraner, Volt, Piraten, Die PARTEI und BSW sind in allen 14 Wahlbereichen vertreten. In einzelnen Wahlbereichen kandidieren zudem Freie W\u00e4hler, PdH, DAVA und BIG.<\/p>\n<ul class=\"text-18 leading-17 block pl-24 *:pb-16 *:before:inline-block *:before:size-8 *:before:bg-magenta *:before:mt-0 *:before:mr-12 *:before:mb-2 *:before:-ml-[20px]\">\n<li><strong class=\"font-bold\">Nachfolge von Steffen Krach:<\/strong> <a href=\"https:\/\/hannover.t-online.de\/region\/hannover\/id_101362394\/diese-bewerber-wollen-regionspraesident-in-hannover-werden.html\" class=\"transition-colors cursor-pointer no-underline md:hover:text-magenta md:focus:text-magenta border-b border-solid border-current text-salemsfur md:hover:border-magenta\" data-tracking=\"{&quot;action&quot;:&quot;click&quot;,&quot;category&quot;:&quot;intextLink&quot;,&quot;label&quot;:&quot;\/region\/hannover\/id_101362394\/diese-bewerber-wollen-regionspraesident-in-hannover-werden.html&quot;}\" data-sctrack=\"BodyAnchor\" rel=\"nofollow noopener\" target=\"_blank\">Diese Bewerber wollen Regionspr\u00e4sident werden<\/a><\/li>\n<\/ul>\n<p>So viele Hannoveraner sind wahlberechtigt<\/p>\n<p class=\"text-18 leading-17 user-text-lg:text-22 user-text-xl:text-24\">Wahlberechtigt sind voraussichtlich rund 400.000 Personen. Etwa 21.500 von ihnen nehmen zum ersten Mal an einer Rats- und Oberb\u00fcrgermeisterwahl teil, rund 13.000 gehen \u00fcberhaupt erstmals zur Wahl. Bei Kommunalwahlen in Niedersachsen sind bereits 16-J\u00e4hrige wahlberechtigt.<\/p>\n<p class=\"text-18 leading-17 user-text-lg:text-22 user-text-xl:text-24\">Die Wahlbenachrichtigungen sollen voraussichtlich ab der ersten Augustwoche und sp\u00e4testens bis zum 23. August zugestellt werden. Briefwahlunterlagen k\u00f6nnen bereits per E-Mail an briefwahl@hannover-stadt.de beantragt werden.<\/p>\n","protected":false},"excerpt":{"rendered":"Kommunalwahlen Diese neun Bewerber wollen Oberb\u00fcrgermeister werden 31.07.2026 &#8211; 17:30 UhrLesedauer: 1 Min. Das Neue Rathaus in Hannover:&hellip;\n","protected":false},"author":2,"featured_media":1206045,"comment_status":"","ping_status":"","sticky":false,"template":"","format":"standard","meta":{"footnotes":"","_share_on_mastodon":"0"},"categories":[1836],"tags":[722,17161,186,12171,251353,31,3364,29,536,30,46,251351,10917,32639,251352,251350,1411,96272,184,251354,81651],"class_list":["post-1206044","post","type-post","status-publish","format-standard","has-post-thumbnail","category-hannover","tag-722","tag-17161","tag-afd","tag-belit-onay","tag-bruno-adam","tag-cdu","tag-de","tag-deutschland","tag-die-linke","tag-germany","tag-hannover","tag-jessica-miriam-schuelke","tag-kommunalwahl","tag-kommunalwahlkampf","tag-larissa-boch","tag-maren-kaminski","tag-niedersachsen","tag-peter-karst","tag-spd","tag-thorsten-meyer","tag-wahlausschuss"],"share_on_mastodon":{"url":"https:\/\/pubeurope.com\/@de\/117015326164564647","error":""},"_links":{"self":[{"href":"https:\/\/www.europesays.com\/de\/wp-json\/wp\/v2\/posts\/1206044","targetHints":{"allow":["GET"]}}],"collection":[{"href":"https:\/\/www.europesays.com\/de\/wp-json\/wp\/v2\/posts"}],"about":[{"href":"https:\/\/www.europesays.com\/de\/wp-json\/wp\/v2\/types\/post"}],"author":[{"embeddable":true,"href":"https:\/\/www.europesays.com\/de\/wp-json\/wp\/v2\/users\/2"}],"replies":[{"embeddable":true,"href":"https:\/\/www.europesays.com\/de\/wp-json\/wp\/v2\/comments?post=1206044"}],"version-history":[{"count":0,"href":"https:\/\/www.europesays.com\/de\/wp-json\/wp\/v2\/posts\/1206044\/revisions"}],"wp:featuredmedia":[{"embeddable":true,"href":"https:\/\/www.europesays.com\/de\/wp-json\/wp\/v2\/media\/1206045"}],"wp:attachment":[{"href":"https:\/\/www.europesays.com\/de\/wp-json\/wp\/v2\/media?parent=1206044"}],"wp:term":[{"taxonomy":"category","embeddable":true,"href":"https:\/\/www.europesays.com\/de\/wp-json\/wp\/v2\/categories?post=1206044"},{"taxonomy":"post_tag","embeddable":true,"href":"https:\/\/www.europesays.com\/de\/wp-json\/wp\/v2\/tags?post=1206044"}],"curies":[{"name":"wp","href":"https:\/\/api.w.org\/{rel}","templated":true}]}}