{"id":1206100,"date":"2026-07-31T16:05:23","date_gmt":"2026-07-31T16:05:23","guid":{"rendered":"https:\/\/www.europesays.com\/de\/1206100\/"},"modified":"2026-07-31T16:05:23","modified_gmt":"2026-07-31T16:05:23","slug":"watzmann-ermittelt-andreas-giebel-lebt-patchwork-mit-4-kindern","status":"publish","type":"post","link":"https:\/\/www.europesays.com\/de\/1206100\/","title":{"rendered":"&#8222;Watzmann ermittelt&#8220;: Andreas Giebel lebt Patchwork mit 4 Kindern"},"content":{"rendered":"<p>Andreas Giebel und sein Patchworkleben <\/p>\n<p>&#8222;Watzmann ermittelt&#8220;-Star hat vier T\u00f6chter von drei Frauen<\/p>\n<p>31.07.2026 &#8211; 16:48 UhrLesedauer: 2 Min.<\/p>\n<p><a href=\"#focus-0\" class=\"transition-colors block text-current relative\" data-sctrack=\"FocusGalleryImage.Reference\"><img fetchpriority=\"high\" data-testid=\"Opener.Image\"   loading=\"eager\" src=\"https:\/\/www.europesays.com\/de\/wp-content\/uploads\/2026\/07\/andreas-giebel-er-steht-seit-2019-fuer-die-serie-watzmann-ermittelt-vor-der-kamera.jpg\" alt=\"Andreas Giebel: Er steht seit 2019 f\u00fcr die Serie &quot;Watzmann ermittelt&quot; vor der Kamera.\" title=\"Andreas Giebel: Er steht seit 2019 f\u00fcr die Serie &quot;Watzmann ermittelt&quot; vor der Kamera.\" width=\"3418\" height=\"1923\" class=\"bg-[url:var(--lqipURL)] bg-cover bg-center flex h-full w-full max-w-full\" style=\"--lqipURL:url('https:\/\/images.t-online.de\/2026\/07\/jmlCzadFw29W\/999x558:3418x1923\/fit-in\/150x0\/filters:blur(25)\/andreas-giebel-er-steht-seit-2019-fuer-die-serie-watzmann-ermittelt-vor-der-kamera.jpg')\" decoding=\"async\"\/><img loading=\"lazy\" src=\"https:\/\/muenchen.t-online.de\/s\/paper\/_next\/static\/media\/zoom-in.f7dae02f.svg\" alt=\"Vergr\u00f6\u00dfern des Bildes\" title=\"Vergr\u00f6\u00dfern des Bildes\" class=\"block h-[calc(var(--height)_\/_16_*_1rem)] w-[calc(var(--width)_\/_16_*_1rem)] max-w-none absolute right-8 bottom-8 rounded-4 bg-snow p-8\" style=\"--width:32;--height:32\" decoding=\"async\"\/><\/a><\/p>\n<p>Andreas Giebel: Er steht seit 2019 f\u00fcr die Serie &#8222;Watzmann ermittelt&#8220; vor der Kamera. (Quelle: IMAGO\/Frank Hoermann\/SVEN SIMON)<\/p>\n<p><img loading=\"lazy\" src=\"https:\/\/muenchen.t-online.de\/s\/paper\/_next\/static\/media\/audio-volume.6689034c.svg\" alt=\"\" title=\"\" class=\"block h-[calc(var(--height)_\/_16_*_1rem)] w-[calc(var(--width)_\/_16_*_1rem)] max-w-none group-hover:brightness-0 group-hover:invert\" style=\"--width:16;--height:16\" decoding=\"async\"\/>Vorlesen<\/p>\n<p>Aktuelle Zeit:0:00Gesamtdauer:0:00<\/p>\n<p>1x<\/p>\n<p class=\"text-center\">Jetzt neu bei t-online:<\/p>\n<p class=\"text-center\">Schriftgr\u00f6\u00dfe anpassen!<\/p>\n<p><img loading=\"lazy\" src=\"https:\/\/muenchen.t-online.de\/s\/paper\/_next\/static\/media\/font-sizes.32942e33.svg\" alt=\"\" title=\"\" class=\"block h-[calc(var(--height)_\/_16_*_1rem)] w-[calc(var(--width)_\/_16_*_1rem)] max-w-none group-hover:hidden group-aria-expanded:hidden\" style=\"--width:16;--height:16\" decoding=\"async\"\/><img loading=\"lazy\" src=\"https:\/\/muenchen.t-online.de\/s\/paper\/_next\/static\/media\/font-sizes-dark-mode.e382645c.svg\" alt=\"\" title=\"\" class=\"block h-[calc(var(--height)_\/_16_*_1rem)] w-[calc(var(--width)_\/_16_*_1rem)] max-w-none hidden group-hover:block group-aria-expanded:block\" style=\"--width:16;--height:16\" decoding=\"async\"\/><img loading=\"lazy\" src=\"https:\/\/muenchen.t-online.de\/s\/paper\/_next\/static\/media\/sharing-menu-icon.1eb71368.svg\" alt=\"\" title=\"\" class=\"block h-[calc(var(--height)_\/_16_*_1rem)] w-[calc(var(--width)_\/_16_*_1rem)] max-w-none group-hover:brightness-0 group-hover:invert\" style=\"--width:16;--height:16\" decoding=\"async\"\/>Artikel teilen<\/p>\n<p class=\"font-bold text-18 leading-17 user-text-lg:text-22 user-text-xl:text-24\">Im TV ermittelt Andreas Giebel als eigenwilliger Kommissar. Privat blickt der M\u00fcnchner auf zwei gescheiterte Ehen zur\u00fcck \u2013 und eine Familie, die dennoch zusammenh\u00e4lt.<\/p>\n<p class=\"text-18 leading-17 user-text-lg:text-22 user-text-xl:text-24\">Als Benedikt Beissl l\u00f6st Andreas Giebel seit 2019 Kriminalf\u00e4lle rund um den Berchtesgadener Watzmann. Der wortkarge Kommissar mit dem trockenen Humor geh\u00f6rt zu den bekanntesten Rollen des M\u00fcnchner Schauspielers. Zu Hause lebt der 68-J\u00e4hrige allerdings einen Familienalltag, der kaum in ein klassisches Schema passt: Giebel hat vier T\u00f6chter von drei Frauen, ist zum dritten Mal verheiratet und inzwischen auch Gro\u00dfvater.<\/p>\n<p>Mit Anfang 20 wird Giebel zum ersten Mal Vater<\/p>\n<p class=\"text-18 leading-17 user-text-lg:text-22 user-text-xl:text-24\">Giebel wuchs mit zwei Br\u00fcdern in M\u00fcnchen-Gro\u00dfhadern auf. Nach der Schule lie\u00df er sich zum Dekorateur ausbilden, weil er urspr\u00fcnglich B\u00fchnenbildner werden wollte. Sp\u00e4ter arbeitete er unter anderem als Masseur und Hausmeister an der Dom-Pedro-Grundschule. Bereits mit Anfang 20 kam seine erste Tochter zur Welt. Weitere T\u00f6chter aus zwei sp\u00e4teren Beziehungen folgten.<\/p>\n<p class=\"text-18 leading-17 user-text-lg:text-22 user-text-xl:text-24\">Beruflich stand Giebel zu dieser Zeit noch ganz am Anfang. Mit 21 Jahren trat er erstmals mit eigenen Texten auf, 1984 folgte sein erstes Kabarettprogramm &#8222;Der Mensch ist sein Fehler!&#8220;. Zwei Jahre sp\u00e4ter machte er das Kabarett zu seinem Hauptberuf.<\/p>\n<p><a href=\"#focus-1\" class=\"transition-colors block text-current relative\" data-sctrack=\"FocusGalleryImage.Reference\"><img   loading=\"lazy\" src=\"https:\/\/www.europesays.com\/de\/wp-content\/uploads\/2026\/07\/andreas-giebel-l-und-peter-marton-stehen-am-set-von-watzmann-ermittelt.jpg\" alt=\"Andreas Giebel (l) und Peter Marton\" title=\"Andreas Giebel (l) und Peter Marton\" width=\"640\" height=\"360\" class=\"h-full w-full max-w-full rounded-8\" decoding=\"async\"\/><img loading=\"lazy\" src=\"https:\/\/muenchen.t-online.de\/s\/paper\/_next\/static\/media\/zoom-in.f7dae02f.svg\" alt=\"Vergr\u00f6\u00dfern des Bildes\" title=\"Vergr\u00f6\u00dfern des Bildes\" class=\"block h-[calc(var(--height)_\/_16_*_1rem)] w-[calc(var(--width)_\/_16_*_1rem)] max-w-none absolute right-8 bottom-8 rounded-4 bg-snow p-8\" style=\"--width:32;--height:32\" decoding=\"async\"\/>Vom Hausmeister zum TV-Star: Andreas Giebel (l.) und Peter Marton stehen am Set von &#8222;Watzmann ermittelt&#8220;. (Quelle: Ursula D\u00fcren\/dpa\/Archivbild\/dpa)<\/a><\/p>\n<p class=\"text-18 leading-17 user-text-lg:text-22 user-text-xl:text-24\">Nicht alle T\u00f6chter wuchsen dauerhaft unter einem Dach auf. Dennoch habe Giebel versucht, den engen Kontakt zu allen vier Kindern zu bewahren und die einzelnen Teile der Familie zusammenzuhalten, hei\u00dft es in der BR-Dokumentation &#8222;Andreas Giebel \u2013 Ganz normal, was sonst&#8220;.<\/p>\n<p>Aus einer Freundschaft wird seine dritte Ehe<\/p>\n<p class=\"text-18 leading-17 user-text-lg:text-22 user-text-xl:text-24\">Heute lebt Giebel wieder dort, wo seine eigene Geschichte begann: in seinem Elternhaus in Gro\u00dfhadern. An seiner Seite ist seine dritte Ehefrau Karin. Kennengelernt hatten sich die beiden w\u00e4hrend seiner Zeit als Hausmeister. Zun\u00e4chst verband sie lediglich eine Bekanntschaft, aus der schlie\u00dflich eine Beziehung entstand: &#8222;Ich finde es sch\u00f6n, dass sich unsere Liebe aus einer Freundschaft entwickelt hat&#8220;, sagte Giebel Ende 2025 im Interview mit dem Magazin &#8222;Bunte&#8220;. Zu diesem Zeitpunkt waren Karin und er seit 27 Jahren verheiratet.<\/p>\n<p><a href=\"#focus-2\" class=\"transition-colors block text-current relative\" data-sctrack=\"FocusGalleryImage.Reference\"><img   loading=\"lazy\" src=\"https:\/\/www.europesays.com\/de\/wp-content\/uploads\/2026\/07\/andreas-karin-giebel-schauspieler-muenchen-19-052024-augustiner-keller-starkbier-maximator-augustine.jpeg\" alt=\"imago images 0420033173\" title=\"imago images 0420033173\" width=\"3000\" height=\"1688\" class=\"h-full w-full max-w-full rounded-8\" decoding=\"async\"\/><img loading=\"lazy\" src=\"https:\/\/muenchen.t-online.de\/s\/paper\/_next\/static\/media\/zoom-in.f7dae02f.svg\" alt=\"Vergr\u00f6\u00dfern des Bildes\" title=\"Vergr\u00f6\u00dfern des Bildes\" class=\"block h-[calc(var(--height)_\/_16_*_1rem)] w-[calc(var(--width)_\/_16_*_1rem)] max-w-none absolute right-8 bottom-8 rounded-4 bg-snow p-8\" style=\"--width:32;--height:32\" decoding=\"async\"\/>Andreas Giebel mit seiner Karin: Der M\u00fcnchner Schauspieler lebt mit seiner Familie in Gro\u00dfhadern. (Quelle: IMAGO\/B. Lindenthaler\/imago)<\/a><\/p>\n<p>Anderas Giebel: Vom Hausmeister zum Fernsehkommissar<\/p>\n<p class=\"text-18 leading-17 user-text-lg:text-22 user-text-xl:text-24\">Auch beruflich verlief Giebels Weg nicht geradlinig. Seine erste gro\u00dfe Fernsehrolle spielte er 1993 im M\u00fcnchner &#8222;Tatort: Alles Palermo&#8220;. Von 2004 bis 2016 pr\u00e4gte er als Polizeihauptmeister Xaver Bartl die BR-Serie &#8222;M\u00fcnchen 7&#8220;. Seit 2019 verk\u00f6rpert er in &#8222;Watzmann ermittelt&#8220; den Kriminalhauptkommissar Benedikt Beissl.<\/p>\n","protected":false},"excerpt":{"rendered":"Andreas Giebel und sein Patchworkleben &#8222;Watzmann ermittelt&#8220;-Star hat vier T\u00f6chter von drei Frauen 31.07.2026 &#8211; 16:48 UhrLesedauer: 2&hellip;\n","protected":false},"author":2,"featured_media":1206101,"comment_status":"","ping_status":"","sticky":false,"template":"","format":"standard","meta":{"footnotes":"","_share_on_mastodon":"0"},"categories":[1776],"tags":[251358,251360,1801,29,214,30,3523,1268,251359,1802,966,215,108485],"class_list":["post-1206100","post","type-post","status-publish","format-standard","has-post-thumbnail","category-prominente","tag-andreas-giebel","tag-benedikt-beissl","tag-celebrities","tag-deutschland","tag-entertainment","tag-germany","tag-kamera","tag-muenchen","tag-patchworkleben","tag-prominente","tag-schule","tag-unterhaltung","tag-watzmann"],"share_on_mastodon":{"url":"","error":""},"_links":{"self":[{"href":"https:\/\/www.europesays.com\/de\/wp-json\/wp\/v2\/posts\/1206100","targetHints":{"allow":["GET"]}}],"collection":[{"href":"https:\/\/www.europesays.com\/de\/wp-json\/wp\/v2\/posts"}],"about":[{"href":"https:\/\/www.europesays.com\/de\/wp-json\/wp\/v2\/types\/post"}],"author":[{"embeddable":true,"href":"https:\/\/www.europesays.com\/de\/wp-json\/wp\/v2\/users\/2"}],"replies":[{"embeddable":true,"href":"https:\/\/www.europesays.com\/de\/wp-json\/wp\/v2\/comments?post=1206100"}],"version-history":[{"count":0,"href":"https:\/\/www.europesays.com\/de\/wp-json\/wp\/v2\/posts\/1206100\/revisions"}],"wp:featuredmedia":[{"embeddable":true,"href":"https:\/\/www.europesays.com\/de\/wp-json\/wp\/v2\/media\/1206101"}],"wp:attachment":[{"href":"https:\/\/www.europesays.com\/de\/wp-json\/wp\/v2\/media?parent=1206100"}],"wp:term":[{"taxonomy":"category","embeddable":true,"href":"https:\/\/www.europesays.com\/de\/wp-json\/wp\/v2\/categories?post=1206100"},{"taxonomy":"post_tag","embeddable":true,"href":"https:\/\/www.europesays.com\/de\/wp-json\/wp\/v2\/tags?post=1206100"}],"curies":[{"name":"wp","href":"https:\/\/api.w.org\/{rel}","templated":true}]}}