{"id":1206140,"date":"2026-07-31T16:29:16","date_gmt":"2026-07-31T16:29:16","guid":{"rendered":"https:\/\/www.europesays.com\/de\/1206140\/"},"modified":"2026-07-31T16:29:16","modified_gmt":"2026-07-31T16:29:16","slug":"das-wird-bitter-beim-nahverkehr-im-landkreis-zeigt-sich-die-finanznot-jetzt-ganz-konkret","status":"publish","type":"post","link":"https:\/\/www.europesays.com\/de\/1206140\/","title":{"rendered":"Das wird bitter: Beim Nahverkehr im Landkreis zeigt sich die Finanznot jetzt ganz konkret"},"content":{"rendered":"<p class=\"mb-6 text-xs-varying md:text-m lg:text-l font-serif group-[.font-sans]:font-sans \">\n    Es ist ja nicht so, als h\u00e4tte uns niemand vorgewarnt: Seit Wochen und Monaten wird in den Medien <a href=\"https:\/\/www.augsburger-allgemeine.de\/schwabmuenchen\/finanznot-finanzkollaps-geld-bezirk-im-landkreis-augsburg-freibaeder-vereine-in-gefahr-3-114845497\" target=\"_self\" class=\"underline \" rel=\"nofollow noopener\">immer wieder berichtet, wie schlecht Kommunen<\/a> inzwischen finanziell dastehen. F\u00fcr B\u00fcrgerinnen und B\u00fcrger bleibt die Diskussion allerdings oft seltsam verschwommen und wenig konkret: Was juckt es uns schon wirklich, wenn Kommunen Aufgaben bezahlen m\u00fcssen, die ihnen die Bundesregierung angeschafft hat, wie immer wieder argumentiert wird? Schlie\u00dflich ist es doch in unsrem Interesse, dass die Kinder einen Platz in der Kita oder in der Ganztagsbetreuung haben. Das haben wir so gewollt.\n  <\/p>\n","protected":false},"excerpt":{"rendered":"Es ist ja nicht so, als h\u00e4tte uns niemand vorgewarnt: Seit Wochen und Monaten wird in den Medien&hellip;\n","protected":false},"author":2,"featured_media":1206141,"comment_status":"","ping_status":"","sticky":false,"template":"","format":"standard","meta":{"footnotes":"","_share_on_mastodon":"0"},"categories":[1846],"tags":[680,772,1173,3364,29,548,663,3934,241264,3079,30,13,5027,137026,137371,14,4186,15,12],"class_list":["post-1206140","post","type-post","status-publish","format-standard","has-post-thumbnail","category-augsburg","tag-augsburg","tag-bayern","tag-bundesregierung","tag-de","tag-deutschland","tag-eu","tag-europa","tag-europe","tag-finanznot","tag-gehalt","tag-germany","tag-headlines","tag-kommune","tag-landkreis-augsburg","tag-martin-sailer","tag-nachrichten","tag-nahverkehr","tag-news","tag-schlagzeilen"],"share_on_mastodon":{"url":"","error":""},"_links":{"self":[{"href":"https:\/\/www.europesays.com\/de\/wp-json\/wp\/v2\/posts\/1206140","targetHints":{"allow":["GET"]}}],"collection":[{"href":"https:\/\/www.europesays.com\/de\/wp-json\/wp\/v2\/posts"}],"about":[{"href":"https:\/\/www.europesays.com\/de\/wp-json\/wp\/v2\/types\/post"}],"author":[{"embeddable":true,"href":"https:\/\/www.europesays.com\/de\/wp-json\/wp\/v2\/users\/2"}],"replies":[{"embeddable":true,"href":"https:\/\/www.europesays.com\/de\/wp-json\/wp\/v2\/comments?post=1206140"}],"version-history":[{"count":0,"href":"https:\/\/www.europesays.com\/de\/wp-json\/wp\/v2\/posts\/1206140\/revisions"}],"wp:featuredmedia":[{"embeddable":true,"href":"https:\/\/www.europesays.com\/de\/wp-json\/wp\/v2\/media\/1206141"}],"wp:attachment":[{"href":"https:\/\/www.europesays.com\/de\/wp-json\/wp\/v2\/media?parent=1206140"}],"wp:term":[{"taxonomy":"category","embeddable":true,"href":"https:\/\/www.europesays.com\/de\/wp-json\/wp\/v2\/categories?post=1206140"},{"taxonomy":"post_tag","embeddable":true,"href":"https:\/\/www.europesays.com\/de\/wp-json\/wp\/v2\/tags?post=1206140"}],"curies":[{"name":"wp","href":"https:\/\/api.w.org\/{rel}","templated":true}]}}