{"id":1206250,"date":"2026-07-31T17:30:41","date_gmt":"2026-07-31T17:30:41","guid":{"rendered":"https:\/\/www.europesays.com\/de\/1206250\/"},"modified":"2026-07-31T17:30:41","modified_gmt":"2026-07-31T17:30:41","slug":"historisches-museum-frankfurt-fan-schmuggelt-influencer-portraet-zwischen-alte-gemaelde-unterhaltung","status":"publish","type":"post","link":"https:\/\/www.europesays.com\/de\/1206250\/","title":{"rendered":"Historisches Museum Frankfurt: Fan schmuggelt Influencer-Portr\u00e4t zwischen alte Gem\u00e4lde | Unterhaltung"},"content":{"rendered":"<p><a class=\"skip-content skip-content--link\" href=\"#in-content-skip-link-target-v-0-0\">TTS-Player \u00fcberspringen\u21b5<\/a><a id=\"in-content-skip-link-target-v-0-0\" class=\"skip-content--target-link-hidden skip-content skip-content--target-link\" href=\"#in-content-skip-link-target-v-0-0\">Artikel weiterlesen<\/a><\/p>\n<p data-32581ace=\"0-2763\">Frankfurt (Hessen) \u2013 <b>Ist das Kunst oder kann das weg? Zwischen historischen Gem\u00e4lden, Kirchenfragmenten und Zeugnissen deutscher Geschichte h\u00e4ngt pl\u00f6tzlich ein ungew\u00f6hnliches Portr\u00e4t: Die bekannten Streamer Rohat (23), Fibii (20) und Marli (27) haben es ins Historische Museum Frankfurt geschafft. Allerdings nicht offiziell.<\/b><\/p>\n<p data-32581ace=\"0-2763\">Ausgangspunkt ist ein Running Gag der Streaming-Szene. Fans spekulieren seit Monaten scherzhaft \u00fcber eine neue Beziehung zwischen Rohat Celik und Fibi Pfeifer \u2013 obwohl die beiden seit 2023 getrennt sind. <a href=\"https:\/\/www.bild.de\/unterhaltung\/bild-gg-eIZumISzxOpu8bwhgVQh\" class=\"text-link\" rel=\"nofollow noopener\" target=\"_blank\">Twitch<\/a>-Star Marli (b\u00fcrgerlich Marlon Mihm) griff den Witz auf: Er lie\u00df sich per KI in ein \u00e4lteres Bild der beiden hineinmontieren. Dann scherzte er in einem Stream: \u201eKann einer das Bild in ein Museum schmuggeln und da aufh\u00e4ngen? Das w\u00e4re todeskrass!\u201c<\/p>\n<p><img decoding=\"async\" width=\"992\" height=\"1178\" alt=\"Seit 2023 sind Fibii (plattform\u00fcbergreifend fast 3 Millionen Follower) und Rohat (fast 2,3 Millionen Follower) nicht mehr zusammen. Marli (\u00fcber 1,5 Millionen Follower) macht sich gerne \u00fcber das ehemalige Paar lustig\" loading=\"lazy\" src=\"https:\/\/www.europesays.com\/de\/wp-content\/uploads\/2026\/07\/47d1cb89bd672f199c13154a6f1dcab7,3359a4bc.jpeg\"   class=\"portrait\"\/><\/p>\n<p class=\"fig__caption__text\">Corpus Delicti: Dieses Bild lie\u00df Marli (\u00fcber 1,5 Millionen Follower) per KI erstellen. Er macht sich gern \u00fcber das ehemalige Paar lustig: Seit 2023 sind Fibii (fast 3 Millionen Follower) und Rohat (fast 2,3 Millionen Follower) nicht mehr zusammen<\/p>\n<p>Foto: Youtube.com\/baculum<\/p>\n<p>TikToker startet Mission im Museum<\/p>\n<p data-32581ace=\"0-2763\"><a href=\"https:\/\/www.bild.de\/bild\/themen\/organisationen\/tiktok-alle-infos-IMaygYpncH56GW0ZyfIA\" class=\"text-link\" rel=\"nofollow noopener\" target=\"_blank\">TikTok<\/a>-Creator Baculum nahm das offenbar ernst. Drei Tage sp\u00e4ter tauchte er mit einem Ausdruck des Bildes im Historischen Museum Frankfurt auf. In einem inzwischen viral gegangenen Video ist zu sehen, wie er das <a href=\"https:\/\/www.bild.de\/lifestyle\/kultur\/kunst\/thema-kunst-alle-infos-80204542.bild.html\" class=\"text-link\" rel=\"nofollow noopener\" target=\"_blank\">Portr\u00e4t<\/a> unbemerkt an einer Wand zwischen anderen Bildern befestigt. Museumsbesucher bleiben stehen, schauen irritiert auf das ungew\u00f6hnliche Motiv und r\u00e4tseln, wie die drei Streamer dort gelandet sind.<\/p>\n<p><img decoding=\"async\" width=\"992\" height=\"558\" alt=\"Das Historische Museum Frankfurt sagt gegen\u00fcber BILD: \u201eDas Team bedankt sich bei dem Influencer daf\u00fcr, sorgsam mit historischen Originalen umzugehen.\u201c Kein Gem\u00e4lde wurde bei dem Streich besch\u00e4digt\" loading=\"lazy\" src=\"https:\/\/www.europesays.com\/de\/wp-content\/uploads\/2026\/07\/8b2033bc037911f9f7a2c157898b1def,c5494c2b.jpeg\"   class=\"landscape\"\/><\/p>\n<p class=\"fig__caption__text\">KI kann weg: Der Ausdruck des KI-Bildes sorgte f\u00fcr Irritation im Historischen Museum Frankfurt<\/p>\n<p>Foto: Youtube.com\/baculum<\/p>\n<p data-32581ace=\"0-2763\">Lange bleibt die Aktion allerdings nicht unbemerkt. Als Mitarbeiter auf das Bild aufmerksam werden, verschwindet es wieder von der Wand. Baculum berichtet sp\u00e4ter, er habe sich vor dem Sicherheitsdienst sogar auf einer Toilette versteckt. Seine Version: \u201eIch l\u00fcge nicht, drei Securitys. Die haben mich unauff\u00e4llig gejagt.\u201c Gegen\u00fcber BILD best\u00e4tigte das Historische Museum <a href=\"https:\/\/www.bild.de\/regional\/frankfurt\/frankfurt-regional\/home-16342404.bild.html\" class=\"text-link\" rel=\"nofollow noopener\" target=\"_blank\">Frankfurt<\/a> eine solche Verfolgung jedoch nicht.<\/p>\n<p>Marli ist begeistert \u2013 Rohat nicht<\/p>\n<p data-32581ace=\"0-2763\">Marli feiert den Coup: Wenige Tage nach der Aktion trifft Baculum den Streamer pers\u00f6nlich. Dieser gratuliert ihm mit einem Handschlag und kommentiert: \u201eWar krass, stark gemacht!\u201c Rohat reagiert dagegen skeptisch und fragt trocken: \u201eKann man daf\u00fcr nicht verhaftet werden?\u201c<\/p>\n<p><img decoding=\"async\" width=\"992\" height=\"1178\" alt=\"Baculum landet mit dem Museums-Streich sein erstes virales Video. Mit nur 800 TikTok-Followern kann das fast 200.000 Mal angesehene Video sein Durchbruch werden\" loading=\"lazy\" src=\"https:\/\/www.europesays.com\/de\/wp-content\/uploads\/2026\/07\/c2cb40a1bdfc89752a8f68d16614f50d,e93734e6.jpeg\"   class=\"portrait\"\/><\/p>\n<p class=\"fig__caption__text\">Baculum landet mit dem Museumsstreich sein erstes virales Video. Trotz seiner nur 800 Follower erreichte es \u00fcber 200.000 Aufrufe<\/p>\n<p>Foto: Youtube.com\/baculum<\/p>\n<p>Historisches Museum Frankfurt reagiert auf den Coup<\/p>\n<p data-32581ace=\"0-2763\">Auf BILD-Anfrage reagiert das Historische <a href=\"https:\/\/www.bild.de\/themen\/specials\/museum\/unterhaltung-nachrichten-news-fotos-videos-19064474.bild.html\" class=\"text-link\" rel=\"nofollow noopener\" target=\"_blank\">Museum<\/a> Frankfurt gelassen auf die Aktion. Eine Sicherheitsl\u00fccke sehe man nicht, rechtliche Schritte seien auch nicht geplant. Stattdessen bedankt sich das Museum bei dem Influencer f\u00fcr sein \u201eGesp\u00fcr, sorgsam mit historischen Originalen umzugehen\u201c. Die Kunstwerke seien zu keiner Zeit in Gefahr gewesen. Au\u00dferdem lade man grunds\u00e4tzlich alle Menschen der Stadt dazu ein, den Kulturort Museum mitzugestalten: \u201eIm Grunde ist er dieser Aufforderung nachgekommen.\u201c <\/p>\n<p data-32581ace=\"0-2763\">Kritik gibt es lediglich am Motiv: Die Einrichtung bittet darum, \u201ekeine <a href=\"https:\/\/www.bild.de\/digital\/themenbuehnen\/kuenstliche-intelligenz\/thema-ki-alle-infos-84645260.bild.html\" class=\"text-link\" rel=\"nofollow noopener\" target=\"_blank\">KI<\/a>-ver\u00e4nderten Bilder, auf denen Menschen ungefragt abgebildet werden, ins Museum einzubringen\u201c. Man stehe klar f\u00fcr Respekt und gegen jede Form der Ausgrenzung.<\/p>\n","protected":false},"excerpt":{"rendered":"TTS-Player \u00fcberspringen\u21b5Artikel weiterlesen Frankfurt (Hessen) \u2013 Ist das Kunst oder kann das weg? Zwischen historischen Gem\u00e4lden, Kirchenfragmenten und&hellip;\n","protected":false},"author":2,"featured_media":1206251,"comment_status":"","ping_status":"","sticky":false,"template":"","format":"standard","meta":{"footnotes":"","_share_on_mastodon":"0"},"categories":[1775],"tags":[1793,29,214,30,2989,2075,1794,2264,154,151,1504,215],"class_list":["post-1206250","post","type-post","status-publish","format-standard","has-post-thumbnail","category-kunst-und-design","tag-art-and-design","tag-deutschland","tag-entertainment","tag-germany","tag-geschichte","tag-kunst","tag-kunst-und-design","tag-museum","tag-social-media","tag-tiktok","tag-twitch","tag-unterhaltung"],"share_on_mastodon":{"url":"https:\/\/pubeurope.com\/@de\/117015781762374135","error":""},"_links":{"self":[{"href":"https:\/\/www.europesays.com\/de\/wp-json\/wp\/v2\/posts\/1206250","targetHints":{"allow":["GET"]}}],"collection":[{"href":"https:\/\/www.europesays.com\/de\/wp-json\/wp\/v2\/posts"}],"about":[{"href":"https:\/\/www.europesays.com\/de\/wp-json\/wp\/v2\/types\/post"}],"author":[{"embeddable":true,"href":"https:\/\/www.europesays.com\/de\/wp-json\/wp\/v2\/users\/2"}],"replies":[{"embeddable":true,"href":"https:\/\/www.europesays.com\/de\/wp-json\/wp\/v2\/comments?post=1206250"}],"version-history":[{"count":0,"href":"https:\/\/www.europesays.com\/de\/wp-json\/wp\/v2\/posts\/1206250\/revisions"}],"wp:featuredmedia":[{"embeddable":true,"href":"https:\/\/www.europesays.com\/de\/wp-json\/wp\/v2\/media\/1206251"}],"wp:attachment":[{"href":"https:\/\/www.europesays.com\/de\/wp-json\/wp\/v2\/media?parent=1206250"}],"wp:term":[{"taxonomy":"category","embeddable":true,"href":"https:\/\/www.europesays.com\/de\/wp-json\/wp\/v2\/categories?post=1206250"},{"taxonomy":"post_tag","embeddable":true,"href":"https:\/\/www.europesays.com\/de\/wp-json\/wp\/v2\/tags?post=1206250"}],"curies":[{"name":"wp","href":"https:\/\/api.w.org\/{rel}","templated":true}]}}