{"id":1206266,"date":"2026-07-31T17:41:22","date_gmt":"2026-07-31T17:41:22","guid":{"rendered":"https:\/\/www.europesays.com\/de\/1206266\/"},"modified":"2026-07-31T17:41:22","modified_gmt":"2026-07-31T17:41:22","slug":"in-den-usa-15-jaehriger-zu-100-jahren-gefaengnis-verurteilt-news","status":"publish","type":"post","link":"https:\/\/www.europesays.com\/de\/1206266\/","title":{"rendered":"In den USA: 15-J\u00e4hriger zu 100 Jahren Gef\u00e4ngnis verurteilt | News"},"content":{"rendered":"<p><a class=\"skip-content skip-content--link\" href=\"#in-content-skip-link-target-v-0-0\">TTS-Player \u00fcberspringen\u21b5<\/a><a id=\"in-content-skip-link-target-v-0-0\" class=\"skip-content--target-link-hidden skip-content skip-content--target-link\" href=\"#in-content-skip-link-target-v-0-0\">Artikel weiterlesen<\/a><\/p>\n<p>Anderson (USA) \u2013 <b>Wenn Jo\u2019Majze L. (15) seine volle Strafe absitzen m\u00fcsste, w\u00e4re er 115 Jahre alt \u2013 unwahrscheinlich, dass der Jugendliche bis dahin noch lebt. Der Teenager k\u00f6nnte sein komplettes restliches Leben hinter Gittern verbringen, weil er am Mord an einer Frau (26) beteiligt war.<\/b><\/p>\n<p>Laut <a href=\"https:\/\/www.bild.de\/themen\/organisationen\/staatsanwaltschaft-alle-infos-und-news-KDJzQvfvRkaBLQ0vXYpd\" class=\"text-link\" rel=\"nofollow noopener\" target=\"_blank\">Staatsanwaltschaft<\/a> war L. einer von vier Mitgliedern der Gang Mickey Cobra Nation (MCN). Ihm wird vorgeworfen, gemeinsam mit anderen Gangmitgliedern einen Mordanschlag auf einen Zeugen eines fr\u00fcheren T\u00f6tungsdelikts geplant zu haben. Doch statt der Zielperson trafen die t\u00f6dlichen Kugeln vor einem Nachtclub die zuf\u00e4llig anwesende Dayla S. (26). Zwei weitere Frauen wurden angeschossen. Das berichtet unter anderem der US-amerikanische Fernsehsender <a href=\"https:\/\/m365.cloud.microsoft\/chat\/conversation\/b048357c-5958-409b-9ca0-86525fa40d81?fromcode=cmmyr718qsb\" target=\"_blank\" rel=\"nofollow noopener\" class=\"text-link\">ABC News<\/a>.<\/p>\n<p>L. k\u00f6nnte nach 20 Jahren wieder frei kommen<\/p>\n<p>Ende Juni 2026 wurde der 15-J\u00e4hrige verurteilt. Richter David H. verh\u00e4ngte gegen L. 50 Jahre Haft wegen <a href=\"https:\/\/www.bild.de\/themen\/ereignisse\/mord\/nachrichten-news-fotos-videos-21394242.bild.html\" class=\"text-link\" rel=\"nofollow noopener\" target=\"_blank\">Mordes<\/a> an Dayla S. F\u00fcr die Beteiligung an einer kriminellen Organisation bekam L. weitere 50 Jahre. Weil L. zum Tatzeitpunkt minderj\u00e4hrig war, kann er nach dem Recht des Bundesstaates Indiana nach mindestens 20 Jahren Haft eine \u00dcberpr\u00fcfung seiner Strafe beantragen. Hei\u00dft: Nach 20 Jahren k\u00f6nnte L. wieder auf freiem Fu\u00df kommen.<\/p>\n<p><img decoding=\"async\" width=\"992\" height=\"558\" alt=\"Rashawn S. (19) war ebenfalls an dem Mord von Dayla S. (26) beteiligt\" loading=\"lazy\" src=\"https:\/\/www.europesays.com\/de\/wp-content\/uploads\/2026\/07\/8840e9905b917bfa5dc4a67722d22b53,a838b5b5.jpeg\"   class=\"landscape\"\/><\/p>\n<p class=\"fig__caption__text\">Rashawn S. (19) war ebenfalls an dem Mord an Dayla S. (26) beteiligt<\/p>\n<p>Foto: Madison County District Attorney&#8217;s Office<\/p>\n<p>L. stand gemeinsam mit Rashawn S. vor Gericht. Der 19-J\u00e4hrige wurde insgesamt zu 125 Jahren <a href=\"https:\/\/www.bild.de\/themen\/specials\/gefaengnis\/news-fotos-videos-31693380.bild.html\" class=\"text-link\" rel=\"nofollow noopener\" target=\"_blank\">Haft<\/a> verurteilt \u2013 62,5 Jahre wegen Mordes und 62,5 weitere Jahre wegen der Beteiligung an einer kriminellen Organisation. Die Jury sah es als erwiesen an, dass er gemeinsam mit L. an den Todessch\u00fcssen beteiligt war. Neben L. und S. wurde auch der 19-j\u00e4hrige Kyree C. im Zusammenhang mit dem Mord an Dayla S. verurteilt. Er erhielt in einem separaten Prozess 90 Jahre Haft.<\/p>\n","protected":false},"excerpt":{"rendered":"TTS-Player \u00fcberspringen\u21b5Artikel weiterlesen Anderson (USA) \u2013 Wenn Jo\u2019Majze L. (15) seine volle Strafe absitzen m\u00fcsste, w\u00e4re er 115&hellip;\n","protected":false},"author":2,"featured_media":1206267,"comment_status":"","ping_status":"","sticky":false,"template":"","format":"standard","meta":{"footnotes":"","_share_on_mastodon":"0"},"categories":[3],"tags":[3647,1993,13,2183,14,15,12,138370,3533,10,8,9,11,1243,103,104],"class_list":["post-1206266","post","type-post","status-publish","format-standard","has-post-thumbnail","category-welt","tag-gefaengnis","tag-gerichte","tag-headlines","tag-mord","tag-nachrichten","tag-news","tag-schlagzeilen","tag-team-first","tag-todesfall","tag-top-news","tag-top-meldungen","tag-topmeldungen","tag-topnews","tag-urteil","tag-welt","tag-world"],"share_on_mastodon":{"url":"https:\/\/pubeurope.com\/@de\/117015826420514497","error":""},"_links":{"self":[{"href":"https:\/\/www.europesays.com\/de\/wp-json\/wp\/v2\/posts\/1206266","targetHints":{"allow":["GET"]}}],"collection":[{"href":"https:\/\/www.europesays.com\/de\/wp-json\/wp\/v2\/posts"}],"about":[{"href":"https:\/\/www.europesays.com\/de\/wp-json\/wp\/v2\/types\/post"}],"author":[{"embeddable":true,"href":"https:\/\/www.europesays.com\/de\/wp-json\/wp\/v2\/users\/2"}],"replies":[{"embeddable":true,"href":"https:\/\/www.europesays.com\/de\/wp-json\/wp\/v2\/comments?post=1206266"}],"version-history":[{"count":0,"href":"https:\/\/www.europesays.com\/de\/wp-json\/wp\/v2\/posts\/1206266\/revisions"}],"wp:featuredmedia":[{"embeddable":true,"href":"https:\/\/www.europesays.com\/de\/wp-json\/wp\/v2\/media\/1206267"}],"wp:attachment":[{"href":"https:\/\/www.europesays.com\/de\/wp-json\/wp\/v2\/media?parent=1206266"}],"wp:term":[{"taxonomy":"category","embeddable":true,"href":"https:\/\/www.europesays.com\/de\/wp-json\/wp\/v2\/categories?post=1206266"},{"taxonomy":"post_tag","embeddable":true,"href":"https:\/\/www.europesays.com\/de\/wp-json\/wp\/v2\/tags?post=1206266"}],"curies":[{"name":"wp","href":"https:\/\/api.w.org\/{rel}","templated":true}]}}