{"id":1206295,"date":"2026-07-31T17:59:14","date_gmt":"2026-07-31T17:59:14","guid":{"rendered":"https:\/\/www.europesays.com\/de\/1206295\/"},"modified":"2026-07-31T17:59:14","modified_gmt":"2026-07-31T17:59:14","slug":"500-000-euro-fuer-optimierung-innovativer-zelltherapien-macsima-technologie-eroeffnet-neue-moeglichkeiten","status":"publish","type":"post","link":"https:\/\/www.europesays.com\/de\/1206295\/","title":{"rendered":"500.000 Euro f\u00fcr Optimierung innovativer Zelltherapien: MACSima-Technologie er\u00f6ffnet neue M\u00f6glichkeiten"},"content":{"rendered":"<p>M\u00fcnster (ukm\/fh) &#8211; Gro\u00dfe Unterst\u00fctzung f\u00fcr die Kinderkrebsforschung am Standort: Mit einer Spende von 500.000 Euro erm\u00f6glicht der Verein \u201eKinderkrebshilfe M\u00fcnster\u201c die Anschaffung des hochmodernen Forschungsger\u00e4ts MACSima f\u00fcr die Forschungsgruppe um Prof. Claudia R\u00f6ssig, Direktorin der Klinik f\u00fcr Kinder- und Jugendmedizin \u2013 P\u00e4diatrische H\u00e4matologie und Onkologie am Universit\u00e4tsklinikum M\u00fcnster (UKM). Die Technologie erm\u00f6glicht es, die Wechselwirkungen zwischen Tumorzellen und dem Immunsystem im Tumor selbst ganz genau zu untersuchen.<\/p>\n<p>Das Forschungsteam arbeitet an der Weiterentwicklung innovativer Zelltherapien f\u00fcr Kinder und Jugendliche mit soliden Tumorerkrankungen. Seit zwei Jahren werden am UKM Patientinnen und Patienten aus ganz Deutschland in einer klinischen Studie mit einer neuartigen Zelltherapie behandelt. Mit dem neuen Ger\u00e4t k\u00f6nnen Forschende nun untersuchen, welche Barrieren gegen Angriffe des Abwehrsystems in den Tumoren bestehen. MACSima ist eine vollautomatische Immunfluoreszenz-Bildgebung und schafft es, unterschiedliche Zelltypen in ihrem r\u00e4umlichen Zusammenhang im Gewebe zu erkennen und zu analysieren.<\/p>\n<p>\u201eDie MACSima-Technologie er\u00f6ffnet uns v\u00f6llig neue M\u00f6glichkeiten, die komplexen Wechselwirkungen zwischen Tumorzellen und dem Immunsystem sichtbar zu machen\u201c, erkl\u00e4rt Prof. Claudia R\u00f6ssig. \u201eDadurch k\u00f6nnen wir besser verstehen, welche Faktoren \u00fcber den Erfolg einer Zelltherapie entscheiden. Dieses Wissen ist entscheidend, um die Behandlungen weiter zu verbessern und k\u00fcnftig noch mehr Kindern und Jugendlichen mit Krebserkrankungen helfen zu k\u00f6nnen.\u201c<\/p>\n<p>Die neue Technologie wird im neuen Body &amp; Brain Institute M\u00fcnster (BBIM) der Medizinischen Fakult\u00e4t der Universit\u00e4t M\u00fcnster eingesetzt und steht auch weiteren Forschungsgruppen im Bereich der Kinderonkologie zur Verf\u00fcgung.<\/p>\n","protected":false},"excerpt":{"rendered":"M\u00fcnster (ukm\/fh) &#8211; Gro\u00dfe Unterst\u00fctzung f\u00fcr die Kinderkrebsforschung am Standort: Mit einer Spende von 500.000 Euro erm\u00f6glicht der&hellip;\n","protected":false},"author":2,"featured_media":916398,"comment_status":"","ping_status":"","sticky":false,"template":"","format":"standard","meta":{"footnotes":"","_share_on_mastodon":"0"},"categories":[1843],"tags":[3364,29,66388,30,2782,200641,8970,1209,5162,37960],"class_list":["post-1206295","post","type-post","status-publish","format-standard","has-post-thumbnail","category-muenster","tag-de","tag-deutschland","tag-fakultaet","tag-germany","tag-medizinische","tag-medizinische-fakultaet","tag-muenster","tag-nordrhein-westfalen","tag-universitaet","tag-universitaet-muenster"],"share_on_mastodon":{"url":"","error":""},"_links":{"self":[{"href":"https:\/\/www.europesays.com\/de\/wp-json\/wp\/v2\/posts\/1206295","targetHints":{"allow":["GET"]}}],"collection":[{"href":"https:\/\/www.europesays.com\/de\/wp-json\/wp\/v2\/posts"}],"about":[{"href":"https:\/\/www.europesays.com\/de\/wp-json\/wp\/v2\/types\/post"}],"author":[{"embeddable":true,"href":"https:\/\/www.europesays.com\/de\/wp-json\/wp\/v2\/users\/2"}],"replies":[{"embeddable":true,"href":"https:\/\/www.europesays.com\/de\/wp-json\/wp\/v2\/comments?post=1206295"}],"version-history":[{"count":0,"href":"https:\/\/www.europesays.com\/de\/wp-json\/wp\/v2\/posts\/1206295\/revisions"}],"wp:featuredmedia":[{"embeddable":true,"href":"https:\/\/www.europesays.com\/de\/wp-json\/wp\/v2\/media\/916398"}],"wp:attachment":[{"href":"https:\/\/www.europesays.com\/de\/wp-json\/wp\/v2\/media?parent=1206295"}],"wp:term":[{"taxonomy":"category","embeddable":true,"href":"https:\/\/www.europesays.com\/de\/wp-json\/wp\/v2\/categories?post=1206295"},{"taxonomy":"post_tag","embeddable":true,"href":"https:\/\/www.europesays.com\/de\/wp-json\/wp\/v2\/tags?post=1206295"}],"curies":[{"name":"wp","href":"https:\/\/api.w.org\/{rel}","templated":true}]}}