{"id":1206321,"date":"2026-07-31T18:16:35","date_gmt":"2026-07-31T18:16:35","guid":{"rendered":"https:\/\/www.europesays.com\/de\/1206321\/"},"modified":"2026-07-31T18:16:35","modified_gmt":"2026-07-31T18:16:35","slug":"fc-bayern-wie-max-eberl-uli-hoeness-vom-neuen-vertrag-als-sportvorstand-ueberzeugte-sport","status":"publish","type":"post","link":"https:\/\/www.europesays.com\/de\/1206321\/","title":{"rendered":"FC Bayern: Wie Max Eberl Uli Hoene\u00df vom neuen Vertrag als Sportvorstand \u00fcberzeugte! | Sport"},"content":{"rendered":"<p><a class=\"skip-content skip-content--link\" href=\"#in-content-skip-link-target-v-0-0\">TTS-Player \u00fcberspringen\u21b5<\/a><a id=\"in-content-skip-link-target-v-0-0\" class=\"skip-content--target-link-hidden skip-content skip-content--target-link\" href=\"#in-content-skip-link-target-v-0-0\">Artikel weiterlesen<\/a><\/p>\n<p data-21134c99=\"0-5380\">Rottach-Egern\/M\u00fcnchen \u2013 <b>Diese <\/b><a href=\"https:\/\/www.bild.de\/sport\/fussball\/sechs-knaller-von-uli-hoeness-am-tegernsee-6a6b8d44b0b7562fe939a809\" class=\"text-link\" rel=\"nofollow noopener\" target=\"_blank\"><b>Aussagen von Uli Hoene\u00df<\/b><\/a><b> (74) kamen f\u00fcr alle wirklich \u00fcberraschend! Als der <\/b><a href=\"https:\/\/www.bild.de\/sport\/fussball\/bayern-muenchen\/startseite-fc-bayern-muenchen-31074450.bild.html\" class=\"text-link\" rel=\"nofollow noopener\" target=\"_blank\"><b>Bayern<\/b><\/a><b>-Patron am Tegernsee beim Freundschaftsspiel gegen den Kreisklasse-Klub FC Rottach-Egern (15:0) gefragt wurde, wie hoch die Chancen von Max Eberl (52) auf einen neuen Vertrag als Sportvorstand seien, entgegnete Hoene\u00df am Donnerstagabend sofort: \u201eIm Moment glaube ich: 100 Prozent!\u201c<\/b><\/p>\n<p>Wie Eberl Hoene\u00df vom neuen Vertrag \u00fcberzeugte<\/p>\n<p data-21134c99=\"0-5380\">Damit sieht alles danach aus, dass Eberl bis sp\u00e4testens zur Jahreshauptversammlung des deutschen Rekordmeisters am Wochenende des 20. bis 22. November einen neuen Vertrag (bisher bis Sommer 2027) vom m\u00e4chtigen Aufsichtsrat um Chef Herbert Hainer (72), Hoene\u00df und Ex-Vorstands-Boss Karl-Heinz Rummenigge (70) bekommen wird.<\/p>\n<p data-21134c99=\"0-5380\">Die gro\u00dfe Frage: Wie \u00fcberzeugte Eberl seinen bisher \u00f6ffentlich gr\u00f6\u00dften Kritiker Hoene\u00df, der am Tag des DFB-Pokalfinals gegen Stuttgart (3:0 am 23. Mai) in einem SPIEGEL-Podcast noch <a href=\"https:\/\/www.bild.de\/sport\/fussball\/fc-bayern-eberl-reagiert-auf-hoeness-interview-fuer-mich-ueberraschend-6a120ef96b19c8a434509ea4\" class=\"text-link\" rel=\"nofollow noopener\" target=\"_blank\">\u201eZweifel\u201c an Eberls Arbeit<\/a> ge\u00e4u\u00dfert und die Chancen auf eine Vertragsverl\u00e4ngerung nur auf \u201e60 zu 40\u201c beziffert hatte? Wie kam Eberl in zwei Monaten von 60 auf 100 Prozent? BILD erkl\u00e4rt es!<\/p>\n<p>1. Durch fr\u00fche Top-Eink\u00e4ufe<\/p>\n<p data-21134c99=\"0-5380\">Hoene\u00df lobte am Donnerstagabend neben dem Sportplatz im Birkenmoos die fr\u00fchen Kauf-Aktivit\u00e4ten von Eberl und Sportdirektor Christoph Freund (49). Erst kam WM-Shootingstar Ismael Saibari (25) f\u00fcr rund 50 Mio. Euro aus Eindhoven \u2013 ein Wunschspieler von Coach Vincent Kompany (40). Hoene\u00df: \u201eDer Spieler aus Marokko hat mir gut gefallen bei der WM. Ich hatte ihn vorher nicht so bewusst gesehen. Unser Trainer, Max und Christoph haben in den h\u00f6chsten T\u00f6nen von ihm geschw\u00e4rmt. Wir haben im Pr\u00e4sidium bzw. in den Beratungsgremien gerne zugestimmt.\u201c <\/p>\n<p><img decoding=\"async\" width=\"992\" height=\"558\" alt=\"Morokkos WM-Shootingstar Ismael Saibari (25) nach der Unterschrift beim FC Bayern\" loading=\"lazy\" src=\"https:\/\/www.europesays.com\/de\/wp-content\/uploads\/2026\/07\/88b7fdae7ff89ebaef31dc23669b7ec0,69d75a69.jpeg\"   class=\"landscape\"\/><\/p>\n<p class=\"fig__caption__text\">Morokkos WM-Shootingstar Ismael Saibari (25) nach der Unterschrift beim FC Bayern<\/p>\n<p>Foto: FC Bayern via Getty Images<\/p>\n<p data-21134c99=\"0-5380\">Dann wurde noch DFB-Linksverteidiger Nathaniel Brown (23) f\u00fcr 50 Mio. Euro plus 5 Mio. Boni aus Frankfurt verpflichtet. Hoene\u00df: \u201eMit dem jungen Spieler aus Frankfurt haben wir ein Riesentalent. Trotz Angeboten aus England wollte er unbedingt zum FC Bayern und diese Spieler habe ich gerne.\u201c Aktuell sind die Bayern mit ihren Eink\u00e4ufen durch, weit vor allen anderen Top-Teams. Eberl weihte die Entscheidungsgremien fr\u00fch in die Kaufpl\u00e4ne der sportlichen Leitung ein. Insgesamt spricht der Ehrenpr\u00e4sident deswegen nun von einer \u201eperfekten Transferperiode\u201c \u2013 mehr Lob f\u00fcr Eberl geht wohl nicht. <\/p>\n<p><img decoding=\"async\" width=\"992\" height=\"633\" alt=\"DFB-Linksverteidiger Nathaniel Brown (23) bei seinem Bayern-Deb\u00fct am Donnerstagabend gegen Rottach-Egern\" loading=\"lazy\" src=\"https:\/\/www.europesays.com\/de\/wp-content\/uploads\/2026\/07\/a6b2e3bc9de19e95a49f6393f171d5f3,b93edf96.jpeg\"   class=\"dynamic\"\/><\/p>\n<p class=\"fig__caption__text\">DFB-Linksverteidiger Nathaniel Brown (23) bei seinem Bayern-Deb\u00fct am Donnerstagabend gegen Rottach-Egern<\/p>\n<p>Foto: Dennis Brosda<\/p>\n<p>2. Sogar die Verk\u00e4ufe \u00fcberzeugten <\/p>\n<p data-21134c99=\"0-5380\">Die \u00f6ffentliche Wahrnehmung ist, dass Eberl bisher fast keinen Spieler verkauft bekommen hat. Doch Hoene\u00df relativiert: \u201eEs waren zwar kleine Summen, aber am Ende war es doch ein ganz sch\u00f6ner Betrag. Wir hatten heute Morgen eine kleine Sitzung mit Herbert Hainer und ein paar Leuten von unserem Aufsichtsrat und da hat er berichtet, dass schon \u00fcber 40 Millionen Euro eingenommen wurden.\u201c <\/p>\n<p data-21134c99=\"0-5380\">Stimmt: Denn Eberl verkaufte die Talente Noel Aseko (20\/12 Mio. Euro, Frankfurt), Jonathan Asp Jensen (20\/6 Mio., La Coru\u00f1a) und Jonah Kusi-Asare (19\/6 Mio., Fulham) sowie die Ersatzkeeper Alexander N\u00fcbel (29\/6,25 Mio., Besiktas) und Daniel Peretz (26\/8 Mio., Southampton) plus ein paar Jugendspieler. Vier Soll-weg-Profis ist der Sport-Chef aber noch nicht losgeworden: die vier Leih-R\u00fcckkehrer Jo\u00e3o Palhinha (31\/zuletzt Tottenham), Sacha Boey (25\/Galatasaray), Bryan Zaragoza (24\/AS Rom, aktuell Reha nach Knie-Entz\u00fcndung) und Armindo Sieb (23\/Mainz).<\/p>\n<p>3. Kein Druck mehr beim Soll-weg-Quartett<\/p>\n<p data-21134c99=\"0-5380\">Doch Hoene\u00df nimmt Eberl sogar bei den vier Soll-weg-Profis in Schutz: \u201eWenn es jetzt noch gelingt, den einen oder anderen abzugeben, was wir eigentlich gerne m\u00f6chten, aber \u2013 und das muss ich auch noch mal ganz deutlich sagen: Ein Vertrag beim FC Bayern ist sakrosankt (unantastbar; Anm. d. Red.). Das hei\u00dft: Wenn man am Ende eben nichts findet, m\u00fcssen wir die Spieler behalten.\u201c Bedeutet: Eberl soll m\u00f6glichst das ganze Quartett verkaufen, weil sie sportlich keine Perspektive bei Kompany haben \u2013 aber nicht f\u00fcr jeden Billigpreis und ohne Druck von oben.<\/p>\n<p><img decoding=\"async\" width=\"992\" height=\"558\" alt=\"Verkaufskandidat Jo\u00e3o Palhinha (31) im Trainingslager beim Badespa\u00df am Tegernsee \u2013 der Portugiese kann sich auch vorstellen, bei Bayern zu bleiben\" loading=\"lazy\" src=\"https:\/\/www.europesays.com\/de\/wp-content\/uploads\/2026\/07\/c877c236fea5284c75b6ca98c0bddb27,4460188e.jpeg\"   class=\"landscape\"\/><\/p>\n<p class=\"fig__caption__text\">Verkaufskandidat Jo\u00e3o Palhinha (31) im Trainingslager beim Badespa\u00df am Tegernsee \u2013 der Portugiese kann sich auch vorstellen, bei Bayern zu bleiben<\/p>\n<p>Foto: Dennis Brosda<\/p>\n<p>4. Eberls Klartext-Wandlung<\/p>\n<p data-21134c99=\"0-5380\">Erst machte Eberl am Mittwoch am Tegernsee eine <a href=\"https:\/\/www.bild.de\/sport\/fussball\/fc-bayern-klartext-von-eberl-transfer-ansage-an-palhinha-boey-und-zaragoza-6a6b04b595262dd162785745\" class=\"text-link\" rel=\"nofollow noopener\" target=\"_blank\">klare Ansage an die Soll-weg-Stars<\/a> Palhinha, Boey und Zaragoza: \u201eWenn sich dann einer entscheidet, hier zu bleiben, dann wird es relativ hart und kompliziert f\u00fcr ihn, weil er eben keine gro\u00dfe Rolle spielen wird. Unser Kader steht, wie wir ihn aufgestellt haben \u2013 da spielen die drei keine Rolle.\u201c Dann schoss der Sportvorstand in bester Hoene\u00df-Manier <a href=\"https:\/\/www.bild.de\/sport\/fussball\/fc-bayern-wegen-wm-verkaufsplaenen-eberl-attacke-auf-infantino-6a69ede8dd06dd5ef2e3e511\" class=\"text-link\" rel=\"nofollow noopener\" target=\"_blank\">gegen Fifa-Pr\u00e4sident Gianni Infantino (56)<\/a> und dessen Pl\u00e4ne, Teile der WM an Investoren zu verkaufen: \u201eEhrlicherweise finde ich es besch\u00e4mend! Ich sch\u00e4me mich, dass wir im Fu\u00dfball \u00fcber solche Gedanken reden.\u201c Und weiter: \u201eSelbst mich, der im Fu\u00dfball zu Hause ist, ekelt das an!\u201c Und: \u201eWenn es so weit kommt, w\u00e4re ich tats\u00e4chlich daf\u00fcr, dass wir als Europa stark die Stirn bieten und sagen: Ne, da machen wir nicht mit, das ist nicht unser Sport! Ich wei\u00df nicht, wer um Herrn Infantino herum ist, aber es f\u00fchlt sich echt beschissen an.\u201c<\/p>\n<p><img decoding=\"async\" width=\"992\" height=\"627\" alt=\"Fifa-Boss Gianni Infantino (56) mit dem WM-Pokal\" loading=\"lazy\" src=\"https:\/\/www.europesays.com\/de\/wp-content\/uploads\/2026\/07\/5fb6a18998868427b50ca9dbc9fea916,f1bd6115.jpeg\"   class=\"dynamic\"\/><\/p>\n<p class=\"fig__caption__text\">Fifa-Boss Gianni Infantino (56) mit dem WM-Pokal<\/p>\n<p>Foto: Getty Images<\/p>\n<p data-21134c99=\"0-5380\">W\u00e4hrend Eberl in der Vergangenheit diplomatischer war, ist er gerade im Klartext-Modus. Das kommt bei den Bayern-Fans sehr gut an. \u00d6ffentlich gibt es Lob vor allem f\u00fcr seine Infantino-Haltung. Und der Sport-Chef \u00fcbernimmt damit mehr und mehr die Abteilung Attacke von Hoene\u00df. Sein Standing w\u00e4chst intern seit Wochen. Jetzt muss der Aufsichtsrat nur noch in der Sitzung Ende August oder Anfang November den Vertrag absegnen \u2013 mit Hoene\u00df als m\u00e4chtigem Bef\u00fcrworter im Kontrollgremium des Vorstands. <\/p>\n","protected":false},"excerpt":{"rendered":"TTS-Player \u00fcberspringen\u21b5Artikel weiterlesen Rottach-Egern\/M\u00fcnchen \u2013 Diese Aussagen von Uli Hoene\u00df (74) kamen f\u00fcr alle wirklich \u00fcberraschend! Als der&hellip;\n","protected":false},"author":2,"featured_media":1206322,"comment_status":"","ping_status":"","sticky":false,"template":"","format":"standard","meta":{"footnotes":"","_share_on_mastodon":"0"},"categories":[5],"tags":[331,332,1263,468,3364,29,1264,4273,14490,538,458,5695,38029,30,13,14491,39445,11515,14,15,22811,12,1470,1576,12457,1261,11404],"class_list":["post-1206321","post","type-post","status-publish","format-standard","has-post-thumbnail","category-nachrichten","tag-aktuelle-nachrichten","tag-aktuelle-news","tag-aufmacher-bereich","tag-champions-league","tag-de","tag-deutschland","tag-dfb-pokal","tag-dfb-pokal-finale","tag-eberl-max","tag-erste-bundesliga","tag-fc-bayern-muenchen","tag-fifa","tag-fussball-wm-2026","tag-germany","tag-headlines","tag-hoeness-uli","tag-infantino-gianni","tag-kompany-vincent","tag-nachrichten","tag-news","tag-nuebel-alexander","tag-schlagzeilen","tag-sport-leuchtturm-muenchen","tag-super-a-teaser","tag-tegernsee","tag-toralarm-top-news","tag-wm"],"share_on_mastodon":{"url":"https:\/\/pubeurope.com\/@de\/117015962835229356","error":""},"_links":{"self":[{"href":"https:\/\/www.europesays.com\/de\/wp-json\/wp\/v2\/posts\/1206321","targetHints":{"allow":["GET"]}}],"collection":[{"href":"https:\/\/www.europesays.com\/de\/wp-json\/wp\/v2\/posts"}],"about":[{"href":"https:\/\/www.europesays.com\/de\/wp-json\/wp\/v2\/types\/post"}],"author":[{"embeddable":true,"href":"https:\/\/www.europesays.com\/de\/wp-json\/wp\/v2\/users\/2"}],"replies":[{"embeddable":true,"href":"https:\/\/www.europesays.com\/de\/wp-json\/wp\/v2\/comments?post=1206321"}],"version-history":[{"count":0,"href":"https:\/\/www.europesays.com\/de\/wp-json\/wp\/v2\/posts\/1206321\/revisions"}],"wp:featuredmedia":[{"embeddable":true,"href":"https:\/\/www.europesays.com\/de\/wp-json\/wp\/v2\/media\/1206322"}],"wp:attachment":[{"href":"https:\/\/www.europesays.com\/de\/wp-json\/wp\/v2\/media?parent=1206321"}],"wp:term":[{"taxonomy":"category","embeddable":true,"href":"https:\/\/www.europesays.com\/de\/wp-json\/wp\/v2\/categories?post=1206321"},{"taxonomy":"post_tag","embeddable":true,"href":"https:\/\/www.europesays.com\/de\/wp-json\/wp\/v2\/tags?post=1206321"}],"curies":[{"name":"wp","href":"https:\/\/api.w.org\/{rel}","templated":true}]}}