{"id":1206353,"date":"2026-07-31T18:36:18","date_gmt":"2026-07-31T18:36:18","guid":{"rendered":"https:\/\/www.europesays.com\/de\/1206353\/"},"modified":"2026-07-31T18:36:18","modified_gmt":"2026-07-31T18:36:18","slug":"offensiv-juwel-verlaesst-den-bvb-entwicklung-genau-beobachten","status":"publish","type":"post","link":"https:\/\/www.europesays.com\/de\/1206353\/","title":{"rendered":"Offensiv-Juwel verl\u00e4sst den BVB: \u201eEntwicklung genau beobachten\u201c"},"content":{"rendered":"<p>Borussia Dortmund hat den Abschied eines weiteren vielversprechenden Talents best\u00e4tigt: <a href=\"https:\/\/www.fussballdaten.de\/person\/ousmane-diallo-thiao\/\" title=\"Profil von Ousmane Diallo\" rel=\"nofollow noopener\" target=\"_blank\">Ousmane Diallo<\/a> verl\u00e4sst den BVB und wechselt zum italienischen Erstligisten <a href=\"https:\/\/www.fussballdaten.de\/vereine\/parma-calcio-1913\/\" title=\"Profil von Parma Calcio 1913\" rel=\"nofollow noopener\" target=\"_blank\">Parma<\/a> Calcio. Der 19 Jahre alte Offensivspieler unterschreibt in Italien einen langfristigen Vertrag bis 2031 und soll dort direkt zum Profikader geh\u00f6ren.<\/p>\n<p>Ousmane Diallo verl\u00e4sst den BVB<\/p>\n<p class=\"mb20 mt30\">Diallo war im Sommer 2023 von Deportivo Alav\u00e9s nach Dortmund gewechselt, nachdem er zuvor in seiner Heimat f\u00fcr UD Las Palmas gespielt hatte. In den Nachwuchsmannschaften der Schwarz-Gelben absolvierte der Spanier insgesamt 103 Partien, erzielte 22 Tore und bereitete 13 weitere Treffer vor. Zuletzt lief er \u00fcberwiegend f\u00fcr die U23 in der Regionalliga West auf, wo er in 28 Eins\u00e4tzen einen Assist beisteuerte.<\/p>\n<p class=\"mb20 mt30\">Auch auf internationaler B\u00fchne machte Diallo zuletzt auf sich aufmerksam. Mit der spanischen U19 gewann er vor wenigen Wochen die Europameisterschaft und \u00fcberzeugte im Turnierverlauf mit drei Treffern. Bereits zuvor hatte er mit dem Dortmunder Nachwuchs den Premier League International Cup sowie die deutsche U17-Meisterschaft gewonnen.<\/p>\n<p class=\"mb20 mt30\">Der BVB entsprach nun dem Wechselwunsch des Offensivtalents, obwohl dessen Vertrag urspr\u00fcnglich noch bis zum Sommer 2027 gelaufen w\u00e4re. \u00dcber die finanziellen Rahmenbedingungen vereinbarten beide Klubs Stillschweigen. Dem Vernehmen nach soll die Abl\u00f6sesumme jedoch bei rund 2 Millionen Euro liegen. <\/p>\n<p>BVB will Weg von Diallo weiterhin beobachten<\/p>\n<p class=\"mb20 mt30\">Paul Schaffran, Leiter des Nachwuchsleistungszentrums von Borussia Dortmund, w\u00fcrdigte die Entwicklung des Angreifers: \u201eOusmane hat sich bei uns sehr gut entwickelt und nicht zuletzt durch seine Leistungen beim U19-EM-Titel Spaniens hat sich f\u00fcr ihn die M\u00f6glichkeit f\u00fcr einen Wechsel in die Serie A er\u00f6ffnet.\u201c<\/p>\n<p class=\"mb20 mt30\">Zum Abschied richtete Schaffran zudem pers\u00f6nliche Worte an den Spanier: \u201eWir w\u00fcnschen ihm f\u00fcr seinen Weg bei Parma alles Gute und werden seine Entwicklung genau beobachten.\u201c<\/p>\n<p><img loading=\"lazy\" decoding=\"async\" src=\"https:\/\/www.europesays.com\/de\/wp-content\/uploads\/2026\/07\/1a1c0ebec55040a79b50ba711701078f.gif\" width=\"1\" height=\"1\" alt=\"\" class=\"mb20 mt30\"\/><\/p>\n","protected":false},"excerpt":{"rendered":"Borussia Dortmund hat den Abschied eines weiteren vielversprechenden Talents best\u00e4tigt: Ousmane Diallo verl\u00e4sst den BVB und wechselt zum&hellip;\n","protected":false},"author":2,"featured_media":1206354,"comment_status":"","ping_status":"","sticky":false,"template":"","format":"standard","meta":{"footnotes":"","_share_on_mastodon":"0"},"categories":[1833],"tags":[9621,299,3364,29,217,30,1209,251398,197901],"class_list":["post-1206353","post","type-post","status-publish","format-standard","has-post-thumbnail","category-dortmund","tag-borussia-dortmund-ii","tag-bundesliga","tag-de","tag-deutschland","tag-dortmund","tag-germany","tag-nordrhein-westfalen","tag-ousmane-diallo-ousmane-diallo-thiao","tag-parma-calcio-1913"],"share_on_mastodon":{"url":"https:\/\/pubeurope.com\/@de\/117016040914475887","error":""},"_links":{"self":[{"href":"https:\/\/www.europesays.com\/de\/wp-json\/wp\/v2\/posts\/1206353","targetHints":{"allow":["GET"]}}],"collection":[{"href":"https:\/\/www.europesays.com\/de\/wp-json\/wp\/v2\/posts"}],"about":[{"href":"https:\/\/www.europesays.com\/de\/wp-json\/wp\/v2\/types\/post"}],"author":[{"embeddable":true,"href":"https:\/\/www.europesays.com\/de\/wp-json\/wp\/v2\/users\/2"}],"replies":[{"embeddable":true,"href":"https:\/\/www.europesays.com\/de\/wp-json\/wp\/v2\/comments?post=1206353"}],"version-history":[{"count":0,"href":"https:\/\/www.europesays.com\/de\/wp-json\/wp\/v2\/posts\/1206353\/revisions"}],"wp:featuredmedia":[{"embeddable":true,"href":"https:\/\/www.europesays.com\/de\/wp-json\/wp\/v2\/media\/1206354"}],"wp:attachment":[{"href":"https:\/\/www.europesays.com\/de\/wp-json\/wp\/v2\/media?parent=1206353"}],"wp:term":[{"taxonomy":"category","embeddable":true,"href":"https:\/\/www.europesays.com\/de\/wp-json\/wp\/v2\/categories?post=1206353"},{"taxonomy":"post_tag","embeddable":true,"href":"https:\/\/www.europesays.com\/de\/wp-json\/wp\/v2\/tags?post=1206353"}],"curies":[{"name":"wp","href":"https:\/\/api.w.org\/{rel}","templated":true}]}}