{"id":1206386,"date":"2026-07-31T18:54:20","date_gmt":"2026-07-31T18:54:20","guid":{"rendered":"https:\/\/www.europesays.com\/de\/1206386\/"},"modified":"2026-07-31T18:54:20","modified_gmt":"2026-07-31T18:54:20","slug":"berlin-orthodoxer-jude-wird-bedroht-araber-zeigt-vor-synagoge-den-hitlergruss-regional","status":"publish","type":"post","link":"https:\/\/www.europesays.com\/de\/1206386\/","title":{"rendered":"Berlin: Orthodoxer Jude wird bedroht, Araber zeigt vor Synagoge den Hitlergru\u00df | Regional"},"content":{"rendered":"<p><a class=\"skip-content skip-content--link\" href=\"#in-content-skip-link-target-v-0-0\">TTS-Player \u00fcberspringen\u21b5<\/a><a id=\"in-content-skip-link-target-v-0-0\" class=\"skip-content--target-link-hidden skip-content skip-content--target-link\" href=\"#in-content-skip-link-target-v-0-0\">Artikel weiterlesen<\/a><\/p>\n<p>Berlin \u2013 <b>Erst br\u00fcllte er Todesdrohungen gegen Juden, dann zeigte er den Hitlergru\u00df. Widerliche Hass-Attacke mitten in Berlin!<\/b><\/p>\n<p>Am Freitag letzter Woche gegen 20 Uhr: Pasha Lyubarsky (47), ein orthodoxer Jude, ist auf dem Weg in die Synagoge zum Schabbat. Er tr\u00e4gt eine Kippa. Aufgrund seiner Kopfbedeckung f\u00e4llt er an der Kreuzung Bernauer Stra\u00dfe\/Brunnenstra\u00dfe zwei jungen M\u00e4nnern auf, einer von ihnen arabischst\u00e4mmig. Lyubarsky zu BILD: \u201eAls ich die Brunnenstra\u00dfe Richtung Synagoge weitergelaufen bin, rief der Araber: ,Fuck Jews!\u2018 und ,I will kill you!\u2018\u201c<\/p>\n<p><img decoding=\"async\" width=\"992\" height=\"558\" alt=\"Angep\u00f6belt und bedroht: Pasha Lyubarsky vor der j\u00fcdischen Gemeinde Kahal Adass Jisroel in Berlin\" loading=\"lazy\" src=\"https:\/\/www.europesays.com\/de\/wp-content\/uploads\/2026\/07\/bf3b39ccdfecafedd1f16988873dc93e,639ef8f6.jpeg\"   class=\"landscape\"\/><\/p>\n<p class=\"fig__caption__text\">Angep\u00f6belt und bedroht: Pasha Lyubarsky vor der j\u00fcdischen Gemeinde Kahal Adass Jisroel in Berlin<\/p>\n<p>Foto: Ufuk Ucta<\/p>\n<p>Da die beiden rund 70 Meter weit weg gewesen seien, habe er sich zun\u00e4chst keine gro\u00dfen Sorgen gemacht. \u201eWir h\u00f6ren Spr\u00fcche wie ,Free <a href=\"https:\/\/www.bild.de\/news\/ausland\/palaestinenser-terror-in-der-nacht-raketen-beschuss-auf-israel-85661094.bild.html\" class=\"text-link\" rel=\"nofollow noopener\" target=\"_blank\">Palestine<\/a>\u2018 und ,Free Hamas\u2018 fast jedes Mal, wenn wir zur Synagoge gehen\u201c, so Lyubarsky.<\/p>\n<p>Er rief \u201eI will kill you!\u201c, dann zeigte er den Hitlergru\u00df<\/p>\n<p>Vor der Synagoge fand an dem Freitag eine Mahnwache gegen <a href=\"https:\/\/www.bild.de\/themen\/specials\/antisemitismus-alle-infos-und-news-sJEel1xzf1PkxGH95Vie\" class=\"text-link\" rel=\"nofollow noopener\" target=\"_blank\">Israelhass<\/a> statt. Seit dem 18. Oktober 2023, als kurz nach der Hamas-Terrorattacke auf Israel Molotow-Cocktails auf die Synagoge geworfen wurden, wird sie dort einmal monatlich abgehalten.<\/p>\n<p><img decoding=\"async\" width=\"992\" height=\"558\" alt=\"Seit einem Brandanschlag auf die Synagoge im Oktober 2023 wird dort monatlich eine Mahnwache abgehalten (Archivfoto)\" loading=\"lazy\" src=\"https:\/\/www.europesays.com\/de\/wp-content\/uploads\/2026\/07\/8f7102ea05654254f79bdaa5f7afa573,2d9ea560.jpeg\"   class=\"landscape\"\/><\/p>\n<p class=\"fig__caption__text\">Seit einem Brandanschlag auf die Synagoge im Oktober 2023 wird dort monatlich eine Mahnwache abgehalten (Archivfoto)<\/p>\n<p>Foto: AdoraPress\/M. Golejewski<\/p>\n<p>Die jungen M\u00e4nner hatten mittlerweile die Stra\u00dfenseite gewechselt und offenbar noch nicht genug. Der Arabischst\u00e4mmige zeigte den Menschen, die dort standen, von der anderen Stra\u00dfenseite mehrfach grinsend den Hitlergru\u00df. Weil Pasha Lyubarsky als Orthodoxer am <a href=\"https:\/\/www.bild.de\/themen\/organisationen\/judentum\/weltreligion-news-fotos-videos-22942006.bild.html\" class=\"text-link\" rel=\"nofollow noopener\" target=\"_blank\">j\u00fcdischen<\/a> Ruhetag kein Handy dabeihatte, filmte nicht er, sondern ein Teilnehmer der Mahnwache die Hass-Geste. Das Video wurde anschlie\u00dfend auf X geteilt.<\/p>\n<p><img decoding=\"async\" width=\"992\" height=\"1178\" alt=\"Der junge Mann kurz nach dem Vorfall im Polizeiwagen. Die Ermittlungen der Polizei laufen\" loading=\"lazy\" src=\"https:\/\/www.europesays.com\/de\/wp-content\/uploads\/2026\/07\/fd919076f43f7e3c458692108ff801e6,eda56064.jpeg\"   class=\"portrait\"\/><\/p>\n<p class=\"fig__caption__text\">Der junge Mann kurz nach dem Vorfall im Polizeiwagen. Die Ermittlungen der Polizei laufen<\/p>\n<p>Foto: ShlomoAfanasev\/X<\/p>\n<p>Lyubarsky: \u201eDer hat das ganz stolz gemacht und hatte offenbar gar kein Problem damit, dass man ihn filmt. Da es eine angemeldete Mahnwache war, waren auch <a href=\"https:\/\/www.bild.de\/regional\/aktuelles\/polizei\/polizeieinsatz-alle-infos-76681760.bild.html\" class=\"text-link\" rel=\"nofollow noopener\" target=\"_blank\">Polizisten<\/a> da. Die stellten dann die Identit\u00e4ten der beiden fest.\u201c Auf einem Foto ist zu sehen, wie der Hitlergru\u00df-P\u00f6bler in einem Polizeiwagen sitzt. Und er wirkt nicht so, als bereue er seine Tat. Die Polizei <a href=\"https:\/\/www.bild.de\/regional\/berlin\/berlin-regional\/home-15823246.bild.html\" class=\"text-link\" rel=\"nofollow noopener\" target=\"_blank\">Berlin<\/a> best\u00e4tigt gegen\u00fcber BILD den Vorfall, will aber wegen laufender Ermittlungen keine weiteren Ausk\u00fcnfte geben.<\/p>\n<p>Mehr zum Thema\u201eNazi-Ideologie bezogen auf Juden\u201c<\/p>\n<p>Pasha Lyubarsky sch\u00fcttelt den Kopf. \u201eDiese Pro-Pal\u00e4stina-Leute unterst\u00fctzen diese Leute, aber die wachsen mit Nazi-Ideologie bezogen auf Juden auf.\u201c Im Nachhinein erfuhr er, dass der junge arabische Mann offenbar ein Messer dabeihatte. <\/p>\n<p>Hat er keine Angst? \u201eEs h\u00e4tte schlimmer ausgehen k\u00f6nnen \u2013 keine Ahnung, wozu er bereit war. Ich bin gew\u00f6hnt an solche Sachen, mache mir aber Sorgen, wenn solche Vorf\u00e4lle zur Normalit\u00e4t werden. Ich habe eine Familie, Kinder. Es ist ein Dilemma: Das zu verfolgen, bringt Gefahr, man wird exponiert. Aber wenn man das nicht macht, laufen die ohne Konsequenzen weiter.\u201c<\/p>\n","protected":false},"excerpt":{"rendered":"TTS-Player \u00fcberspringen\u21b5Artikel weiterlesen Berlin \u2013 Erst br\u00fcllte er Todesdrohungen gegen Juden, dann zeigte er den Hitlergru\u00df. Widerliche Hass-Attacke&hellip;\n","protected":false},"author":2,"featured_media":1206387,"comment_status":"","ping_status":"","sticky":false,"template":"","format":"standard","meta":{"footnotes":"","_share_on_mastodon":"0"},"categories":[1825],"tags":[712,296,181674,29,30,10759,1597,227858],"class_list":["post-1206386","post","type-post","status-publish","format-standard","has-post-thumbnail","category-berlin","tag-antisemitismus","tag-berlin","tag-deep-news","tag-deutschland","tag-germany","tag-hass","tag-juden","tag-team-deep"],"share_on_mastodon":{"url":"https:\/\/pubeurope.com\/@de\/117016113847457488","error":""},"_links":{"self":[{"href":"https:\/\/www.europesays.com\/de\/wp-json\/wp\/v2\/posts\/1206386","targetHints":{"allow":["GET"]}}],"collection":[{"href":"https:\/\/www.europesays.com\/de\/wp-json\/wp\/v2\/posts"}],"about":[{"href":"https:\/\/www.europesays.com\/de\/wp-json\/wp\/v2\/types\/post"}],"author":[{"embeddable":true,"href":"https:\/\/www.europesays.com\/de\/wp-json\/wp\/v2\/users\/2"}],"replies":[{"embeddable":true,"href":"https:\/\/www.europesays.com\/de\/wp-json\/wp\/v2\/comments?post=1206386"}],"version-history":[{"count":0,"href":"https:\/\/www.europesays.com\/de\/wp-json\/wp\/v2\/posts\/1206386\/revisions"}],"wp:featuredmedia":[{"embeddable":true,"href":"https:\/\/www.europesays.com\/de\/wp-json\/wp\/v2\/media\/1206387"}],"wp:attachment":[{"href":"https:\/\/www.europesays.com\/de\/wp-json\/wp\/v2\/media?parent=1206386"}],"wp:term":[{"taxonomy":"category","embeddable":true,"href":"https:\/\/www.europesays.com\/de\/wp-json\/wp\/v2\/categories?post=1206386"},{"taxonomy":"post_tag","embeddable":true,"href":"https:\/\/www.europesays.com\/de\/wp-json\/wp\/v2\/tags?post=1206386"}],"curies":[{"name":"wp","href":"https:\/\/api.w.org\/{rel}","templated":true}]}}