{"id":1206466,"date":"2026-07-31T19:52:18","date_gmt":"2026-07-31T19:52:18","guid":{"rendered":"https:\/\/www.europesays.com\/de\/1206466\/"},"modified":"2026-07-31T19:52:18","modified_gmt":"2026-07-31T19:52:18","slug":"wbc-gegen-wba-champion-titelvereinigung-moeglich-kabayel-gegner-bringt-sich-in-stellung","status":"publish","type":"post","link":"https:\/\/www.europesays.com\/de\/1206466\/","title":{"rendered":"WBC- gegen WBA-Champion?: Titelvereinigung m\u00f6glich: Kabayel-Gegner bringt sich in Stellung"},"content":{"rendered":"<p>WBC- gegen WBA-Champion?Titelvereinigung m\u00f6glich: Kabayel-Gegner bringt sich in Stellung<\/p>\n<p>Artikel anh\u00f6ren (04:19 min)<\/p>\n<p>31.07.2026 | 20:15 Uhr <\/p>\n<p>Nach dem R\u00fcckzug von Schwergewichts-K\u00f6nig Oleksandr Usyk sind die Titel der Weltverb\u00e4nde in neuen H\u00e4nden. Der deutsche WBC-Weltmeister Agit Kabayel hat schon den n\u00e4chsten G\u00fcrtel im Blick. Kommt daf\u00fcr ein Russe nach Deutschland?<\/p>\n<p class=\"Typography_text-default__P3otY Typography_weight-normal__pqUbH StorylineParagraph_p__4mkZU\">Der russische WBA-Weltmeister im Schwergewicht, Murat Gassiev, ist nach eigener Aussage bereit, f\u00fcr eine Titelvereinigung gegen Agit Kabayel nach Deutschland zu kommen. &#8222;Mir ist es egal, wo ich k\u00e4mpfe. Deutschland, neutrales Territorium oder auf dem Mond&#8220;, sagte Gassiev dem US-Magazin &#8222;The Ring&#8220;. Er suche nie den Schauplatz seiner K\u00e4mpfe aus, so der 32-J\u00e4hrige. &#8222;Ich werde nach Deutschland gehen. Ich bin ein K\u00e4mpfer, wo ich k\u00e4mpfe, ist mir gleich.&#8220; <\/p>\n<p class=\"Typography_text-default__P3otY Typography_weight-normal__pqUbH StorylineParagraph_p__4mkZU\">Kabayels Manager Spencer Brown hatte &#8222;The Ring&#8220; zuvor bereits best\u00e4tigt, Gespr\u00e4che mit dem Lager des Russen \u00fcber einen Vereinigungskampf zu f\u00fchren. Auch Kabayel selbst bezog Gassiev in seinem j\u00fcngsten Youtube-Blog in &#8222;die ganz enge Auswahl&#8220; seines n\u00e4chsten Gegners ein. &#8222;Das w\u00e4re sportlich einfach interessant, da noch einen Titel zu holen. Das n\u00e4chste Ziel hei\u00dft Undisputed Champion (unumstrittener Weltmeister aller vier gro\u00dfen Verb\u00e4nde, Anm.d.Red.)&#8220;, sagte der 33-J\u00e4hrige aus Wattenscheid. &#8222;Mit der n\u00e4chsten Veranstaltung m\u00fcssen wir ins Stadion.&#8220;<\/p>\n<p class=\"Typography_text-default__P3otY Typography_weight-normal__pqUbH StorylineParagraph_p__4mkZU\">Das Management des WBC-Champions plant im Herbst einen Kampf in einem deutschen Stadion. Als wahrscheinlichster Schauplatz gilt die Arena in D\u00fcsseldorf, die mehr als 50.000 Zuschauern Platz bietet. Kabayel stand zuletzt im Januar in Oberhausen im Ring, schlug bei seinem den polnischen Zwei-Meter-Riesen Damian Knyba vor 13.000 Zuschauern in der Rudolf-Weber-Arena in der dritten Runde durch Technischen K.o. Die Halle f\u00fcr den als &#8222;Homecoming&#8220; inszenierten Kampf Kabayels war damals binnen weniger ausverkauft. Ein Erfolg, auf dem das Management des Boxers und Promoter-Legende Frank Warren nun aufbauen wollen. <\/p>\n<p>&#8222;Wenn wir beginnen zu reden, dann passiert es&#8220;<\/p>\n<p class=\"Typography_text-default__P3otY Typography_weight-normal__pqUbH StorylineParagraph_p__4mkZU\">Gassiev boxte erst am 11. Juli: In Moskau schlug er den kurzfristig als Herausforderer eingesprungenen Peter Kadiru aus Hamburg durch Abbruch in Runde sechs. Beobachter zweifeln, dass der WBA-Meister seine &#8222;Home Base&#8220; verl\u00e4sst und den Titel im Ausland aufs Spiel setzt. Dem tritt Gassiev nun entgegen. &#8222;Nat\u00fcrlich ist eine Titelvereinigung viel besser (als eine normale Titelverteidigung, d.Red.), aber ich habe gute Leute um mich herum. Ich glaube zu 1000 Prozent an meinen Trainer. Wenn er Titelvereinigung sagt, greifen wir nach der Titelvereinigung. Wenn er sagt Titelverteidigung, machen wir das. Vielleicht n\u00e4chstes Jahr oder dieses Jahr k\u00e4mpfen wir gegen Kabayel. Wann es auch passiert, es ist ein guter Kampf&#8220;, sagte er. Er lege den Fokus auf sein Leben, &#8222;Agit fokussiert sich auf seines. Wenn wir beginnen zu reden, dann passiert es.&#8220;<\/p>\n<p class=\"Typography_text-default__P3otY Typography_weight-normal__pqUbH StorylineParagraph_p__4mkZU\">Kabayel (WBC) und Gassiev (WBA) sind seit dem R\u00fcckzug von Oleksandr Usyk Weltmeister. Der Ukrainer hatte die G\u00fcrtel von WBA, WBC und IBF Ende Juni niedergelegt. Kabayel stieg beim WBC daraufhin vom Interims- zum vollwertigen Champion auf. Gassiev, der zuvor den zweitrangigen &#8222;regul\u00e4ren&#8220; WBA-Titel hinter Superchampion Usyk innehatte, ist nun alleiniger Weltmeister des \u00e4ltesten der vier gro\u00dfen Verb\u00e4nde. <\/p>\n<p class=\"Typography_text-default__P3otY Typography_weight-normal__pqUbH StorylineParagraph_p__4mkZU\">Der Weg zum Gipfel war f\u00fcr Kabayel aber ungleich h\u00e4rter: Bei seinem Interims-WM-Triumph schlug er den hochgehandelten China-Koloss Zhang Zhilei k.o. Gassiev eroberte den &#8222;regul\u00e4ren&#8220; WBA-Titel durch einen K.o.-Erfolg gegen den 44-j\u00e4hrigen Kubrat Pulev, der in keiner anerkannten Rangliste unter den Top 10 zu finden war. Die WBA hatte den Titel eigentlich auch abschaffen wollen. Der K\u00f6lner Mahmoud Charr hatte einen Kampf um den G\u00fcrtel aber eingeklagt, den er Ende 2024 gegen Pulev verlor. <\/p>\n<p class=\"Typography_text-default__P3otY Typography_weight-normal__pqUbH StorylineParagraph_p__4mkZU\">Gassiev war von 2016 bis 2018 auch Weltmeister im Cruisergewicht (bis 90,72 Kilogramm). Im Duell um die Muhammad Ali Trophy der World Boxing Series und alle vier WM-G\u00fcrtel unterlag er Usyk im Sommer 2018 in Moskau haushoch nach Punkten.<\/p>\n<p>Verwendete Quellen: ntv.de, mar<\/p>\n","protected":false},"excerpt":{"rendered":"WBC- gegen WBA-Champion?Titelvereinigung m\u00f6glich: Kabayel-Gegner bringt sich in Stellung Artikel anh\u00f6ren (04:19 min) 31.07.2026 | 20:15 Uhr Nach&hellip;\n","protected":false},"author":2,"featured_media":1206467,"comment_status":"","ping_status":"","sticky":false,"template":"","format":"standard","meta":{"footnotes":"","_share_on_mastodon":"0"},"categories":[2],"tags":[17724,331,3924,332,3922,520,3364,29,30,13,14,3923,15,3921,12,265],"class_list":["post-1206466","post","type-post","status-publish","format-standard","has-post-thumbnail","category-deutschland","tag-agit-kabayel","tag-aktuelle-nachrichten","tag-aktuelle-nachrichten-aus-deutschland","tag-aktuelle-news","tag-aktuelle-news-aus-deutschland","tag-boxen","tag-de","tag-deutschland","tag-germany","tag-headlines","tag-nachrichten","tag-nachrichten-aus-deutschland","tag-news","tag-news-aus-deutschland","tag-schlagzeilen","tag-sport"],"share_on_mastodon":{"url":"https:\/\/pubeurope.com\/@de\/117016339961177827","error":""},"_links":{"self":[{"href":"https:\/\/www.europesays.com\/de\/wp-json\/wp\/v2\/posts\/1206466","targetHints":{"allow":["GET"]}}],"collection":[{"href":"https:\/\/www.europesays.com\/de\/wp-json\/wp\/v2\/posts"}],"about":[{"href":"https:\/\/www.europesays.com\/de\/wp-json\/wp\/v2\/types\/post"}],"author":[{"embeddable":true,"href":"https:\/\/www.europesays.com\/de\/wp-json\/wp\/v2\/users\/2"}],"replies":[{"embeddable":true,"href":"https:\/\/www.europesays.com\/de\/wp-json\/wp\/v2\/comments?post=1206466"}],"version-history":[{"count":0,"href":"https:\/\/www.europesays.com\/de\/wp-json\/wp\/v2\/posts\/1206466\/revisions"}],"wp:featuredmedia":[{"embeddable":true,"href":"https:\/\/www.europesays.com\/de\/wp-json\/wp\/v2\/media\/1206467"}],"wp:attachment":[{"href":"https:\/\/www.europesays.com\/de\/wp-json\/wp\/v2\/media?parent=1206466"}],"wp:term":[{"taxonomy":"category","embeddable":true,"href":"https:\/\/www.europesays.com\/de\/wp-json\/wp\/v2\/categories?post=1206466"},{"taxonomy":"post_tag","embeddable":true,"href":"https:\/\/www.europesays.com\/de\/wp-json\/wp\/v2\/tags?post=1206466"}],"curies":[{"name":"wp","href":"https:\/\/api.w.org\/{rel}","templated":true}]}}