{"id":1206477,"date":"2026-07-31T20:00:37","date_gmt":"2026-07-31T20:00:37","guid":{"rendered":"https:\/\/www.europesays.com\/de\/1206477\/"},"modified":"2026-07-31T20:00:37","modified_gmt":"2026-07-31T20:00:37","slug":"tiergarten-nuernberg-gibt-freien-eintritt-unter-dieser-bedingung","status":"publish","type":"post","link":"https:\/\/www.europesays.com\/de\/1206477\/","title":{"rendered":"Tiergarten N\u00fcrnberg gibt freien Eintritt \u2013 unter dieser Bedingung"},"content":{"rendered":"<p>Unter einer Bedingung <\/p>\n<p>Aktion zum Ferienstart: So geht&#8217;s gratis in den Tiergarten<\/p>\n<p>Aktualisiert am 31.07.2026 &#8211; 21:07 UhrLesedauer: 1 Min.<\/p>\n<p><a href=\"#focus-0\" class=\"transition-colors block text-current relative\" data-sctrack=\"FocusGalleryImage.Reference\"><img fetchpriority=\"high\" data-testid=\"Opener.Image\"   loading=\"eager\" src=\"https:\/\/www.europesays.com\/de\/wp-content\/uploads\/2026\/07\/im-tiergarten-nuernberg-geht-das-leben-nach-der-corona-pandemie-und-dem-winterschlaf-wieder-los.jpg\" alt=\"Im Tiergarten N\u00fcrnberg geht das Leben nach der Corona-Pandemie und dem Winterschlaf wieder los.\" title=\"Im Tiergarten N\u00fcrnberg geht das Leben nach der Corona-Pandemie und dem Winterschlaf wieder los.\" width=\"1920\" height=\"1079\" class=\"bg-[url:var(--lqipURL)] bg-cover bg-center flex h-full w-full max-w-full\" style=\"--lqipURL:url('https:\/\/images.t-online.de\/2022\/04\/91985642v3\/0x261:1920x1079\/fit-in\/150x0\/filters:blur(25)\/im-tiergarten-nuernberg-geht-das-leben-nach-der-corona-pandemie-und-dem-winterschlaf-wieder-los.jpg')\" decoding=\"async\"\/><img loading=\"lazy\" src=\"https:\/\/nuernberg.t-online.de\/s\/paper\/_next\/static\/media\/zoom-in.f7dae02f.svg\" alt=\"Vergr\u00f6\u00dfern des Bildes\" title=\"Vergr\u00f6\u00dfern des Bildes\" class=\"block h-[calc(var(--height)_\/_16_*_1rem)] w-[calc(var(--width)_\/_16_*_1rem)] max-w-none absolute right-8 bottom-8 rounded-4 bg-snow p-8\" style=\"--width:32;--height:32\" decoding=\"async\"\/><\/a><\/p>\n<p>Eingang zum Tiergarten: Die Einrichtung wiederholt eine beliebte Aktion. (Quelle: Meike Kreil)<\/p>\n<p class=\"font-bold text-18 leading-17 user-text-lg:text-22 user-text-xl:text-24\">Am ersten Ferientag lockt der N\u00fcrnberger Tiergarten mit einem besonderen Angebot f\u00fcr junge Besucher. Wer kreativ ist, spart den Eintrittspreis.<\/p>\n<p class=\"text-18 leading-17 user-text-lg:text-22 user-text-xl:text-24\">Am 3. August 2026 erhalten Kinder und Jugendliche bis 17 Jahre freien Eintritt in den Tiergarten der Stadt N\u00fcrnberg. Voraussetzung ist eine selbst gezeichnete Darstellung ihres Lieblingstiers, die sie an der Kasse abgeben. Das teilt das Stadtmarketing N\u00fcrnberg mit.<\/p>\n<p class=\"text-18 leading-17 user-text-lg:text-22 user-text-xl:text-24\">Das Angebot gilt f\u00fcr Kindergartenkinder sowie Sch\u00fclerinnen und Sch\u00fcler. Die Zeichnungen m\u00fcssen direkt am Einlass abgegeben werden und k\u00f6nnen nicht wieder mitgenommen werden. Eine Auswahl der eingereichten Bilder ver\u00f6ffentlicht der Tiergarten auf seinen Kan\u00e4len in sozialen Netzwerken.<\/p>\n<p class=\"text-18 leading-17 user-text-lg:text-22 user-text-xl:text-24\">Kinder unter 14 Jahren d\u00fcrfen laut Benutzungssatzung nicht allein in den Tiergarten. Sie m\u00fcssen von einer erwachsenen Person begleitet werden, die den regul\u00e4ren Eintrittspreis zahlt.<\/p>\n","protected":false},"excerpt":{"rendered":"Unter einer Bedingung Aktion zum Ferienstart: So geht&#8217;s gratis in den Tiergarten Aktualisiert am 31.07.2026 &#8211; 21:07 UhrLesedauer:&hellip;\n","protected":false},"author":2,"featured_media":1206478,"comment_status":"","ping_status":"","sticky":false,"template":"","format":"standard","meta":{"footnotes":"","_share_on_mastodon":"0"},"categories":[1837],"tags":[17161,772,3364,29,9027,30,6040,3783,24891],"class_list":["post-1206477","post","type-post","status-publish","format-standard","has-post-thumbnail","category-nuernberg","tag-17161","tag-bayern","tag-de","tag-deutschland","tag-ferienstart","tag-germany","tag-kinder-und-jugendliche","tag-nuernberg","tag-nuernberger-tiergarten"],"share_on_mastodon":{"url":"https:\/\/pubeurope.com\/@de\/117016373583916268","error":""},"_links":{"self":[{"href":"https:\/\/www.europesays.com\/de\/wp-json\/wp\/v2\/posts\/1206477","targetHints":{"allow":["GET"]}}],"collection":[{"href":"https:\/\/www.europesays.com\/de\/wp-json\/wp\/v2\/posts"}],"about":[{"href":"https:\/\/www.europesays.com\/de\/wp-json\/wp\/v2\/types\/post"}],"author":[{"embeddable":true,"href":"https:\/\/www.europesays.com\/de\/wp-json\/wp\/v2\/users\/2"}],"replies":[{"embeddable":true,"href":"https:\/\/www.europesays.com\/de\/wp-json\/wp\/v2\/comments?post=1206477"}],"version-history":[{"count":0,"href":"https:\/\/www.europesays.com\/de\/wp-json\/wp\/v2\/posts\/1206477\/revisions"}],"wp:featuredmedia":[{"embeddable":true,"href":"https:\/\/www.europesays.com\/de\/wp-json\/wp\/v2\/media\/1206478"}],"wp:attachment":[{"href":"https:\/\/www.europesays.com\/de\/wp-json\/wp\/v2\/media?parent=1206477"}],"wp:term":[{"taxonomy":"category","embeddable":true,"href":"https:\/\/www.europesays.com\/de\/wp-json\/wp\/v2\/categories?post=1206477"},{"taxonomy":"post_tag","embeddable":true,"href":"https:\/\/www.europesays.com\/de\/wp-json\/wp\/v2\/tags?post=1206477"}],"curies":[{"name":"wp","href":"https:\/\/api.w.org\/{rel}","templated":true}]}}