{"id":1206644,"date":"2026-07-31T21:49:21","date_gmt":"2026-07-31T21:49:21","guid":{"rendered":"https:\/\/www.europesays.com\/de\/1206644\/"},"modified":"2026-07-31T21:49:21","modified_gmt":"2026-07-31T21:49:21","slug":"freitag-der-31-juli-2026-fridays-for-future-bemaengelt-voellig-falsche-empoerung-tennis-auftakt-fuer-leipzig-open-wohnungseinbrueche","status":"publish","type":"post","link":"https:\/\/www.europesays.com\/de\/1206644\/","title":{"rendered":"Freitag, der 31. Juli 2026: Fridays for Future bem\u00e4ngelt \u201ev\u00f6llig falsche Emp\u00f6rung\u201c, Tennis-Auftakt f\u00fcr Leipzig Open, Wohnungseinbr\u00fcche"},"content":{"rendered":"<p>Dem Gef\u00fchl der Ohnmacht wollten die Klimaaktivist\/-innen von Fridays for Future etwas entgegensetzen. Deshalb hatten sie f\u00fcr heute spontan zu einer Demonstration aufgerufen. Schon l\u00e4nger geplant hingegen waren die Leipzig Open. Das gr\u00f6\u00dfte Frauen-Tennisturnier in Ostdeutschland ist in seiner Wertigkeit zudem noch weiter nach oben skaliert. Heute ist es gestartet. Und: Wohnungseinbr\u00fcche lassen aufhorchen. Die LZ fasst zusammen, was am Freitag, dem 31. Juli 2026, in Leipzig und dar\u00fcber hinaus wichtig war.<\/p>\n<p>Fridays for Future bem\u00e4ngelt \u201ev\u00f6llig falsche Emp\u00f6rung\u201c<\/p>\n<p>Mit nur zwei Tagen Vorlauf hatte <a href=\"https:\/\/fffleipzig.de\/\" target=\"_blank\" rel=\"noopener nofollow\">die Leipziger Gruppierung von Fridays for Future (FFF)<\/a> f\u00fcr heute zu einer <a href=\"https:\/\/www.l-iz.de\/politik\/engagement\/2026\/07\/kritik-an-fossiler-bundesregierung-fridays-for-future-leipzig-31-juli-demo-sachsenbrucke-665748\" target=\"_blank\" rel=\"noopener nofollow\">spontanen Demonstration aufgerufen<\/a>. Unter dem Motto \u201eburn capitalism not the planet\u201c startete der Protest mit einer Auftaktkundgebung auf der Sachsenbr\u00fccke. Gut 50 Teilnehmende machten sich anschlie\u00dfend mit ihren Fahrr\u00e4dern auf den Weg durch den Clara-Zetkin-Park, um den Innenstadtring, bis zum Abschluss am Neuen Rathaus. Im LZ-Interview erkl\u00e4rt FFF-Pressesprecher Alexander Hilse die Hintergr\u00fcnde:<img decoding=\"async\" src=\"https:\/\/www.europesays.com\/de\/wp-content\/uploads\/2026\/07\/dfd25c09f79041068e8789d2668f7905.gif\" alt=\"\" width=\"https:\/\/www.l-iz.de\/der-tag\/2026\/07\/1\" height=\"https:\/\/www.l-iz.de\/der-tag\/2026\/07\/1\"\/><\/p>\n<p>Was genau war der Grund f\u00fcr diese spontane Demo-Anmeldung?<\/p>\n<p>Es war eine spontane Anmeldung aus dem Gef\u00fchl heraus, nicht ohnm\u00e4chtig sein zu wollen angesichts dessen, was gerade passiert. Zum einen \u00fcberall in der Welt, durch die Folgen der Klimakrise. Denn das Extremwetter hat bereits krasse Ausma\u00dfe angenommen. Und zum anderen wie von der Politik darauf (nicht) reagiert wird.<\/p>\n<p>Gerade jetzt bei der Neubildung des Kabinetts wird Kritik an Merz laut, die \u00fcberhaupt nichts mit seiner Klimapolitik zu tun hat. Da fragen wir uns: Wie kann das sein? Das ist die v\u00f6llig falsche Emp\u00f6rung. Wo bleibt die Emp\u00f6rung \u00fcber das Nichtstun der Regierung? Wieso ist jetzt beispielsweise eine Leihmutterschaft ein Grund, warum Jens Spahn zur\u00fccktreten musste, aber die Klimapolitik f\u00fcr Katherina Reiche absolut keine Folgen hat?<\/p>\n<p>Was wollt ihr mit dieser Demo erreichen?<\/p>\n<p>Vor allem wollen wir den Menschen, die heute herkommen, wieder zeigen: Es gibt eine Selbstwirksamkeit, wir k\u00f6nnen etwas tun! Wir m\u00fcssen nicht nur die ganze Zeit durch Social Media scrollen und diese Katastrophen sehen und hinnehmen, sondern wir haben jederzeit die M\u00f6glichkeit zu handeln. Vielleicht kann das f\u00fcr einige ein Anfang sein, wieder aktiver zu werden. Wir erwarten nicht, dass Friedrich Merz seinen Kurs \u00e4ndert, weil in Leipzig ein paar Menschen demonstrieren. Und wir rechnen auch nicht damit, das heute gro\u00dfe Massen kommen \u2013 wir haben 100 Personen angemeldet.<\/p>\n<p>Aber wir wollen zeigen: Es ist nichts verloren! Wir haben zwar das Gef\u00fchl, dass die Demonstrationen in den letzten Jahren kaum etwas an direkten Folgen gebracht zu haben scheinen, aber wenn man genau hinschaut, dann hat sich nach 2019 eben doch etwas ver\u00e4ndern lassen. Und es w\u00e4re w\u00fcnschenswert, wenn sich \u2013 gerade angesichts der ganzen Katastrophen \u2013 so ein Moment noch einmal bilden lassen k\u00f6nnte.<\/p>\n<p>Wie wach und empf\u00e4nglich ist denn deiner Einsch\u00e4tzung nach die Jugend aktuell f\u00fcr diese Themen? Denn es waren ja durchaus schon mal mehr Menschen bei FFF-Aktionen dabei \u2026<\/p>\n<p>Es waren schon weitaus mehr, aber es hat sich meiner Meinung nach etwas eingependelt. Es ist jetzt nicht mehr nur die Jugend. Wir hatten schon vor ein paar Jahren den Slogan: Alle f\u00fcrs Klima! Und so hat sich Fridays for Future in meinen Augen auch gesamtgesellschaftlich festgesetzt \u2013 inzwischen nicht mehr auf Masse, aber doch als eine Lobby, die relativ stark sein kann. Diese Strukturen im Lokalen weiter zu erhalten, ist uns ein gro\u00dfes Anliegen.<\/p>\n<p>Die Demo endet am Rathaus, welche Signale wollt ihr dabei senden?<\/p>\n<p>Es wird dort noch eine kurze Ansprache an die lokale Politik geben, weil wir auch in Leipzig hinterherhinken, was den Klimaschutz angeht. So sind beispielsweise die Berichte zu den CO\u00b2-Emissionen der Stadt von 2023\/2024 noch immer nicht ver\u00f6ffentlicht. So gibt es keine richtige Grundlage, um Klimaschutz in Leipzig weiterzudenken. Das kann nicht angehen.<\/p>\n<p>Tennis-Auftakt f\u00fcr Leipzig Open<\/p>\n<p>\u00dcber eine Woche lang fliegt in Leipzig jetzt wieder der kleine gelbe Filzball mit hohem internationalen Niveau \u00fcbers Netz. Zum inzwischen 14. Mal haben heute auf der Anlage des Leipziger Tennisclubs 1990 (LTV) <a href=\"https:\/\/www.leipzigopen.com\/\" target=\"_blank\" rel=\"noopener nofollow\">die Leipzig Open begonnen<\/a>. Neben den Internationalen S\u00e4chsischen Meisterschaften (ISM) und dem Steffi Graf Junior Cup ist vor allem das ITF-Weltranglisten-Turnier das sportliche Zugpferd.<\/p>\n<p>Und das hat sich diesmal ganz besonders herausgeputzt: Erstmals in ihrer Geschichte sind die Leipzig Open in die ITF-Kategorie W75 aufgestiegen. Das \u00fcberraschte selbst die Organisatoren, denn erst im vergangenen Jahr hatte es den Upgrade auf die Kategorie W50 gegeben. Es geht dieses Mal also bereits um ein Gesamtpreisgeld in H\u00f6he von 60.000 US-Dollar. Zudem erh\u00e4lt die Siegerin jetzt vorzeigbare 75 Weltranglisten-Punkte gutgeschrieben.<\/p>\n<p>Entsprechend h\u00f6her gelistet sind auch die Teilnehmerinnen des ITF-Wettbewerbs. Allerdings: Eine aktuell in den Top 100 platzierte Spielerin wird in Leipzig dennoch nicht zu sehen sein. F\u00fcr Turnierdirektorin Birgit Bach ist das okay. Entt\u00e4uscht w\u00e4re sie nur gewesen, verriet sie auf der heutigen Pressekonferenz, wenn keine Spielerin aufschlagen w\u00fcrde, die sich nicht wenigstens schon mal in den Top 100 getummelt h\u00e4tte. Und, so rechnete Bach vor, wenn die britische Favoritin Francesca Jones am Ende als Siegerin vom Platz gehen w\u00fcrde, gel\u00e4nge ihr durch die hohe Punktzahl die R\u00fcckkehr in eben jenen erlauchten Kreis.<\/p>\n<p>Die deutschen Teilnehmerinnen wie Tessa Johanna Brockmann oder Ida Wobker werden in diesen Regionen wohl keine Rolle spielen k\u00f6nnen. Aus s\u00e4chsischer Sicht freut man sich auf die Quali-Teilnahme der Top-Talente Lola Giza (19, Espenhain) und Clara-Marie Sch\u00f6n (20, Dresden). Beide wurden mit einer Wildcard ausgestattet und haben bereits etwas Leipzig Open-Erfahrung sammeln k\u00f6nnen. Im Jahr 2023 standen sie sogar in einem Doppel-Team gemeinsam auf dem Court. Giza kommt \u00fcbrigens auch als Titelverteidigerin der ISM nach Leipzig.<\/p>\n<p>Die ITF-Qualifikationen beginnen am Sonntag, 2. August. Das Hauptfeld steigt dann am Dienstag, 4. August ein. Der gro\u00dfe Finaltag ist schlie\u00dflich am darauffolgenden Sonntag, dem 9. August. Bereits um 9 Uhr startet dann das ISM-Endspiel der Frauen. Danach, um 11 Uhr, folgt das der M\u00e4nner. Das Grande Finale im ITF-Wettbewerb steigt als Abschluss um 13 Uhr. Eintritt muss \u00fcbrigens erst ab 5. August bezahlt werden (<a href=\"https:\/\/www.leipzigopen.com\/tickets\/\" target=\"_blank\" rel=\"noopener nofollow\">15 Euro Normalzahler, 5 Euro erm\u00e4\u00dfigt<\/a>), davor ist der Besuch auf der Anlage Am Sportforum 7 kostenlos.<\/p>\n<p>Wohnungseinbr\u00fcche in Leipzig und Taucha<\/p>\n<p>Dreiste Ganoven sind aktuell auf Beutezug und kennen dabei offenbar keine Scheu: Sie brechen in Wohnungen ein, mitten in der Nacht, w\u00e4hrend die Bewohner darin schlafen. So geschehen in der Nacht zum heutigen Freitag. Gegen 2:50 Uhr stieg im Leipziger Osten ein T\u00e4ter in eine Erdgeschosswohnung in der Mariannenstra\u00dfe ein. Das ger\u00e4uschvolle \u00d6ffnen der T\u00fcr weckte allerdings den Mieter, der nach dem Rechten sah und den Einbrecher damit gerade noch rechtzeitig verscheuchte. Denn Beute machte dieser keine, hinterlie\u00df aber einen Sachschaden von rund 2.000 Euro.<\/p>\n<p>Erst zwei Tage zuvor hatte es in Taucha einen ganz \u00e4hnlichen Fall gegeben, wie die Polizeidirektion heute mitzuteilen wusste. Diesmal spielte sich Geschehen allerdings am helllichten Tag ab. Gleich zwei T\u00e4ter hatten sich gegen 13:45 Uhr in der Idastra\u00dfe in ein Einfamilienhaus geschlichen. Als sie dort gerade die Wohnung einer Seniorin durchsuchten, kam die 84-J\u00e4hrige vom Einkauf nach Hause zur\u00fcck. Auch hier fl\u00fcchteten die Einbrecher, verletzten die Dame aber leicht, als diese versuchte, sie aufzuhalten. Schmuck im Wert von mehreren tausend Euro konnten die Ganoven stehlen und nahmen auch noch das Festnetztelefon mit.<\/p>\n<p>Die <a href=\"https:\/\/www.medienservice.sachsen.de\/medien\/news\/1099081\" target=\"_blank\" rel=\"noopener nofollow\">Kriminalpolizei bittet in beiden F\u00e4llen um Hinweise<\/a>: Dimitroffstra\u00dfe 1, 04107 Leipzig, Telefon: 0341-96646666.<\/p>\n<p><strong>Wor\u00fcber die LZ heute berichtet hat:<\/strong><\/p>\n<p><a href=\"https:\/\/www.l-iz.de\/leben\/faelle-unfaelle\/2026\/07\/chihuahua-bella-verlor-ihr-augenlicht-so-urteilte-amtsgericht-mutmasslicher-tierquaeler-leipzig-665927\" target=\"_blank\" rel=\"noopener nofollow\">Chihuahua Bella verlor ihr Augenlicht: So urteilte das Amtsgericht \u00fcber einen mutma\u00dflichen Tierqu\u00e4ler aus Leipzig<\/a><\/p>\n<p><a href=\"https:\/\/www.l-iz.de\/politik\/region\/2026\/07\/eine-erklarung-vom-geiseltalsee-haben-ostdeutsche-cdu-ministerprasidenten-mumm-merzsches-reformpaket-665871\" target=\"_blank\" rel=\"noopener nofollow\">Eine Erkl\u00e4rung vom Geiseltalsee: Haben die ostdeutschen CDU-Ministerpr\u00e4sidenten den Mumm, das Merz\u2019sche Reformpaket abzulehnen?<\/a><\/p>\n<p><a href=\"https:\/\/www.l-iz.de\/der-tag\/2026\/07\/hallo-leipzig-so-startet-freitag-der-31-juli-2026-ins-wochenende-665791\" target=\"_blank\" rel=\"noopener nofollow\">Hallo Leipzig: So startet Freitag, der 31. Juli 2026 ins Wochenende<\/a><\/p>\n<p><a href=\"https:\/\/www.l-iz.de\/wirtschaft\/mobilitaet\/2026\/07\/jahresbericht-der-lvb-fur-2025-fahrgastrekord-verschobenes-beschaffungspaket-xxl-plus-strassenbahnen-665842\" target=\"_blank\" rel=\"noopener nofollow\">Jahresbericht der LVB f\u00fcr 2025: Fahrgastrekord und verschobenes Beschaffungspaket f\u00fcr die XXL-Plus-Stra\u00dfenbahnen<\/a><\/p>\n<p><a href=\"https:\/\/www.l-iz.de\/bildung\/buecher\/2026\/07\/ich-furchte-mich-so-vor-der-menschen-wort-wohin-gehore-ich-neue-rilke-biografie-alois-prinz-665820\" target=\"_blank\" rel=\"noopener nofollow\">Ich f\u00fcrchte mich so vor der Menschen Wort: \u201eWohin geh\u00f6re ich?\u201c \u2013 die neue Rilke-Biografie von Alois Prinz<\/a><\/p>\n<p><strong>Was sonst noch wichtig war:<\/strong><\/p>\n<p>Inzwischen sind etwa 60.000 Migranten von Marokko aus <a href=\"https:\/\/www.tagesschau.de\/ausland\/europa\/ceuta-migration-104.html\" target=\"_blank\" rel=\"noopener nofollow\">in die spanische Enklave Ceuta<\/a> gelangt \u2013 die meisten von ihnen schwimmend. Mindestens 34 Menschen sind auf ihrem Weg ums Leben gekommen.<\/p>\n<p>Wegen der Situation in Ceuta, will Bundesinnenminister Alexander Dobrindt (CSU) die <a href=\"https:\/\/www.deutschlandfunk.de\/bundesinnenminister-dobrindt-will-wegen-ceuta-grenzkontrollen-verlaengern-linke-fordert-aufnahme-sch-102.html\" target=\"_blank\" rel=\"noopener nofollow\">Kontrollen an den deutschen Grenzen<\/a> auch \u00fcber den September hinaus verl\u00e4ngern.<\/p>\n<p>\u00dcber drei Millionen Menschen in Deutschland waren im Juli arbeitslos. Das hat die <a href=\"https:\/\/www.n-tv.de\/wirtschaft\/Zahl-der-Arbeitslosen-steigt-im-Juli-ueber-drei-Millionen-id31145132.html\" target=\"_blank\" rel=\"noopener nofollow\">Bundesagentur f\u00fcr Arbeit heute mitgeteilt<\/a>. Gegen\u00fcber dem Juni seien das 71.000 Arbeitslose mehr, gegen\u00fcber dem Vorjahres-Juli sind es 28.000 mehr. Die Sommerpause sorgt zur Jahresmitte regelm\u00e4\u00dfig f\u00fcr einen Anstieg der Zahlen.<\/p>\n","protected":false},"excerpt":{"rendered":"Dem Gef\u00fchl der Ohnmacht wollten die Klimaaktivist\/-innen von Fridays for Future etwas entgegensetzen. Deshalb hatten sie f\u00fcr heute&hellip;\n","protected":false},"author":2,"featured_media":1206645,"comment_status":"","ping_status":"","sticky":false,"template":"","format":"standard","meta":{"footnotes":"","_share_on_mastodon":"0"},"categories":[1832],"tags":[3364,507,2409,29,2819,14646,30,952,71,251436,859,4206],"class_list":["post-1206644","post","type-post","status-publish","format-standard","has-post-thumbnail","category-leipzig","tag-de","tag-demonstration","tag-der-tag","tag-deutschland","tag-einbruch","tag-fridays-for-future","tag-germany","tag-klimawandel","tag-leipzig","tag-leipzig-open","tag-sachsen","tag-tennis"],"share_on_mastodon":{"url":"","error":""},"_links":{"self":[{"href":"https:\/\/www.europesays.com\/de\/wp-json\/wp\/v2\/posts\/1206644","targetHints":{"allow":["GET"]}}],"collection":[{"href":"https:\/\/www.europesays.com\/de\/wp-json\/wp\/v2\/posts"}],"about":[{"href":"https:\/\/www.europesays.com\/de\/wp-json\/wp\/v2\/types\/post"}],"author":[{"embeddable":true,"href":"https:\/\/www.europesays.com\/de\/wp-json\/wp\/v2\/users\/2"}],"replies":[{"embeddable":true,"href":"https:\/\/www.europesays.com\/de\/wp-json\/wp\/v2\/comments?post=1206644"}],"version-history":[{"count":0,"href":"https:\/\/www.europesays.com\/de\/wp-json\/wp\/v2\/posts\/1206644\/revisions"}],"wp:featuredmedia":[{"embeddable":true,"href":"https:\/\/www.europesays.com\/de\/wp-json\/wp\/v2\/media\/1206645"}],"wp:attachment":[{"href":"https:\/\/www.europesays.com\/de\/wp-json\/wp\/v2\/media?parent=1206644"}],"wp:term":[{"taxonomy":"category","embeddable":true,"href":"https:\/\/www.europesays.com\/de\/wp-json\/wp\/v2\/categories?post=1206644"},{"taxonomy":"post_tag","embeddable":true,"href":"https:\/\/www.europesays.com\/de\/wp-json\/wp\/v2\/tags?post=1206644"}],"curies":[{"name":"wp","href":"https:\/\/api.w.org\/{rel}","templated":true}]}}