{"id":1206742,"date":"2026-07-31T22:49:26","date_gmt":"2026-07-31T22:49:26","guid":{"rendered":"https:\/\/www.europesays.com\/de\/1206742\/"},"modified":"2026-07-31T22:49:26","modified_gmt":"2026-07-31T22:49:26","slug":"ukraine-news-attentat-auf-ukrainischen-kommandeur-vereitelt","status":"publish","type":"post","link":"https:\/\/www.europesays.com\/de\/1206742\/","title":{"rendered":"Ukraine-News: Attentat auf ukrainischen Kommandeur vereitelt"},"content":{"rendered":"<p>        <img decoding=\"async\" src=\"https:\/\/www.europesays.com\/de\/wp-content\/uploads\/2026\/07\/ukraine-brigade-khartiia-100.webp\" alt=\"Soldaten der ukrainischen Brigade Khartiia bei Steuerung automatische Waffensysteme \" title=\"Soldaten der ukrainischen Brigade Khartiia bei Steuerung automatische Waffensysteme  | IMAGO \/ ZUMA Press Wire\" class=\"responsive\"\/><\/p>\n<p>AUDIO: Abgest\u00fcrztes Geschoss \u00fcber Polen war russische Rakete (1 Min)<\/p>\n<p class=\"topline\">Ukraine-News<\/p>\n<p class=\"author\">von MDR AKTUELL<\/p>\n<p>\n                Stand: 31.07.2026 22:27 Uhr<\/p>\n<p>\n        31.07.2026 21:49 Uhr\n    <\/p>\n<p>    Russland droht mit Stopp von Getreidexporten<\/p>\n<p class=\"\">Der russische Verband der Getreideexporteure warnt vor einem Stopp der Getreideausfuhren \u00fcber das Schwarze Meer. Begr\u00fcndet wird das mit ukrainischen Drohnenangriffen auf russische Schiffe und H\u00e4fen. Das k\u00f6nnte zu einer &#8222;vollst\u00e4ndigen Blockade&#8220; f\u00fchren und einem Ausfall von 30 bis 35 Millionen Tonnen russischen Weizens, was 15 Prozent des weltweiten Weizenhandels entspricht.<\/p>\n<p>Russland sieht eine &#8222;Bedrohung der globalen Ern\u00e4hrungssicherheit&#8220; und warnt vor Hungersn\u00f6ten in Afrika und dem Nahen Osten. Russland als weltgr\u00f6\u00dfter Weizenexporteur und die Ukraine als ebenfalls bedeutender Agrarexporteur haben in den vergangenen Wochen die Verladeanlagen und Handelsschiffe der jeweils anderen Seite im Schwarzen Meer angegriffen. Das hat die Weizenpreise bereits in die H\u00f6he getrieben. (Quelle: Reuters)<\/p>\n<p>        <img decoding=\"async\" src=\"https:\/\/www.europesays.com\/de\/wp-content\/uploads\/2026\/07\/deutschland-brot-102.webp\" alt=\"Brote werden im Verkaufsraum in einer B\u00e4ckerei und Konditorei angeboten. \" title=\"Brote werden im Verkaufsraum in einer B\u00e4ckerei und Konditorei angeboten.  | picture alliance\/dpa | Jens Kalaene\" class=\"responsive\" loading=\"lazy\"\/><\/p>\n<p>\n        31.07.2026 18:46 Uhr\n    <\/p>\n<p>    Attentat gegen Kommandeur der ukrainischen Nationalgarde vereitelt<\/p>\n<p class=\"\">Gegen den Kommandeur der Brigade &#8222;Khartiia&#8220; der Nationalgarde der Ukraine, Ihor Obolenskyj, hat es einen Attentatsversuch gegeben. Das teilte der ukrainische Pr\u00e4sident Woloydymyr Selenskyj mit. Der mutma\u00dfliche T\u00e4ter und sein Helfer wurden demnach festgenommen. Es sei ein Ermittlungsverfahren eingeleitet worden. Selenskyj erkl\u00e4rte: &#8222;Auf diesen Angriffsversuch auf die Ukraine und den ukrainischen Kommandeur wird es unbedingt eine Antwort geben.&#8220; (Quelle: Ukrinform)<\/p>\n<p>                    Brigade &#8222;Khartiia&#8220; der Nationalgarde<\/p>\n<p>Die 13. operative Brigade der ukrainischen Nationalgarde wurde nach dem russischen \u00dcberfall 2022 in Charikiw als Freiwilligen-Verband gegr\u00fcndet \u2013 in Abgrenzung zur russischen Milit\u00e4rtradition. Sie gilt als modern organisiert mit flachen Hierarchien und hohem Ma\u00df an Eigenverantwortung der Soldaten. Das Khartiia-Korps ist stark digitalisiert und gilt als Vorzeigeeinheit f\u00fcr innovative Kriegsf\u00fchrung \u2013 von Aufkl\u00e4rungs- und Kampfdrohnen bis hin zu unbemannten Bodenfahrzeugen f\u00fcr Logistik und Verwundetenevakuierung. In der Brigade dienen auch Frauen mit technischem Know-how sowie internationale Freiwillige.<\/p>\n<p>\n        31.07.2026 17:04 Uhr\n    <\/p>\n<p>    General a.D. B\u00fchler: Der Ukraine-Krieg verschiebt die Ma\u00dfst\u00e4be milit\u00e4rischer Bewertung<\/p>\n<p class=\"\">Russlands Krieg gegen die Ukraine und die Erfolgsaussichten f\u00fcr den Kreml stehen und fallen mit den Finanzen. Das hat Ex-Nato-General Erhard B\u00fchler im MDR-Podcast betont. Noch habe Russland einen materiellen Vorteil. Doch die Ukraine fokussiere sich genau deshalb auf Schwachstellen. Die materielle Versorgung an der russischen Front sei die Achillesferse der Armee, analysiert B\u00fchler. Und darauf richte die Ukraine ihre Strategie aus. Mehr in: <a href=\"https:\/\/www.mdr.de\/nachrichten\/welt\/osteuropa\/politik\/ukraine-front-tiefenangriffe-waffenproduktion-krieg-sieg,general-briefing-102.html\" title=\"Russland unter Druck \u2013 Ukraine f\u00fchrt Krieg systematisch im R\u00fccken der russischen Streitkr\u00e4fte\" rel=\"nofollow noopener\" target=\"_blank\">Was tun, Herr General? Das Briefing.<\/a><\/p>\n<p>\n        31.07.2026 16:34 Uhr\n    <\/p>\n<p>    Polnische Luftwaffe f\u00e4ngt russischen Aufkl\u00e4rer ab<\/p>\n<p>                    <a href=\"https:\/\/www.europesays.com\/de\/wp-content\/uploads\/2026\/07\/russische-aufklaerungsflugzeug-il-zwanzig-100.webp\" class=\"zoomimage\" title=\"Bild vergr\u00f6\u00dfern\"><\/p>\n<p>        <img decoding=\"async\" src=\"https:\/\/www.europesays.com\/de\/wp-content\/uploads\/2026\/07\/russische-aufklaerungsflugzeug-il-zwanzig-100.webp\" alt=\"Russische Aufkl\u00e4rungsmaschine vom Typ Iljuschin-20\" title=\"Russische Aufkl\u00e4rungsmaschine Typ Il-20 | picture alliance\/dpa\/epa Tass | Maxim Kuzovkov\" class=\"responsive\" loading=\"lazy\"\/><\/p>\n<p>                    <\/a><\/p>\n<p>                    Russische Aufkl\u00e4rungsmaschine Typ Il-20<\/p>\n<p class=\"\">Die polnische Luftwaffe hat ein russisches Aufkl\u00e4rungsflugzeug \u00fcber der Ostsee abgefangen. Verteidigungsminister Wladyslaw Kosiniak-Kamysz zufolge stiegen zwei F-16-Kampfjets auf, weil 40 Kilometer n\u00f6rdlich des Badeortes Kolobrzeg ein Aufkl\u00e4rer vom Typ Il-20 gesichtet worden war. Die russische Maschine sei mit ausgeschaltetem Transponder im internationalen Luftraum geflogen, habe aber nicht den polnischen Luftraum verletzt.<\/p>\n<p>Die russischen Erkundungsfl\u00fcge vor der K\u00fcste des Nato-Mitglieds Polen haben nach Angaben aus Warschau zuletzt zugenommen. Mitte Juli musste die polnische Luftwaffe drei Tage in Folge russische Kampfjets abfangen. Dabei nehmen die Piloten Sichtkontakt zur gegnerischen Besatzung auf und signalisieren, dass deren Flugzeug sich entfernen soll. (Quelle: dpa)<\/p>\n<p>\n        31.07.2026 14:30 Uhr\n    <\/p>\n<p>    Gro\u00dfbritannien investiert in nukleare Abschreckung auf See<\/p>\n<p class=\"\">Der britische Premier Andy Burnham hat die Werft des Konzerns BAE Systems in Barrow in Nordengland besucht, wo die Atom-U-Boote der Royal Navy gebaut werden. Burnham zufolge investiert Gro\u00dfbritanninen knapp 10 Milliarden Euro in die nukleare Abschreckung auf See.<\/p>\n<p>Hintergrund ist auch ein russisches Kriegsschiff, das am 20. Juli im \u00c4rmelkanal 40 Seemeilen von Plymouth entfernt eine Schiess\u00fcbung abhielt. Experten sehen darin eine Machtdemonstration und m\u00f6glicherweise eine Reaktion Russlands auf die Durchsuchung eines Tankers der russischen Schattenflotte durch die britische Marine zuvor.<\/p>\n<p>\n        31.07.2026 13:28 Uhr\n    <\/p>\n<p>    Polnische Regierung: Abgest\u00fcrztes Objekt war russische Rakete<\/p>\n<p class=\"\">Bei dem gestern abgest\u00fcrzten Flugobjekt handelt es sich nach Angaben der Regierung in Warschau tats\u00e4chlich um einen russischen Marschflugk\u00f6rper. Vizeverteidigungsminister Cezary Tomczyk sagte dem Radiosender Rmf.fm: &#8222;Ich habe mit dem Einsatzleiter General Ireneusz Nowak gesprochen und wir k\u00f6nnen mit voller Verantwortung best\u00e4tigen, dass es sich um eine russische Ch-101-Rakete handelt&#8220;. Dies sei ein Marschflugk\u00f6rper, der potenziell sehr gef\u00e4hrlich sei und auch Atomsprengk\u00f6pfe transportieren k\u00f6nne. Die Rakete sei beim Aufprall explodiert.<\/p>\n<p class=\"\">Die Regierung in Warschau hatte am Donnerstag zun\u00e4chst davon gesprochen, dass es sich mutma\u00dflich um eine russische Rakete handelte. Genauere Untersuchungen sollten Gewissheit bringen, hie\u00df es. (Quelle: dpa)<\/p>\n<p>\n        31.07.2026 12:45 Uhr\n    <\/p>\n<p>    Ukraine: Angriff auf Raffinerie in Wolgograd<\/p>\n<p class=\"\">Das ukrainische Milit\u00e4r hat nach eigenen Angaben in der Nacht die russische \u00d6lraffinerie in Wolgograd angegriffen. Das Milit\u00e4r teilte auf dem Kurzmitteilungsdienst Telegram mit, die Attacke habe f\u00fcr einen Brand auf dem Gel\u00e4nde gesorgt. Die Anlage habe eine Kapazit\u00e4t von rund 15 Millionen Tonnen \u00d6l pro Jahr. Zuvor hatte der russische Gouverneur der Region, Andrej Botscharo, der Angriff best\u00e4tigt.<\/p>\n<p class=\"\">Zudem erkl\u00e4rt der ukrainische Geheimdienst SBU, er habe Infrastruktur im russischen Hafen von Taman an der Stra\u00dfe von Kertsch unter Feuer genommen. (Quelle: Reuters)<\/p>\n<p>\n        31.07.2026 12:10 Uhr\n    <\/p>\n<p>    Russischer Online-H\u00e4ndler Ozon zwischenzeitlich evakuiert<\/p>\n<p class=\"\">Der zweitgr\u00f6\u00dfte russische Online-H\u00e4ndler Ozon sieht sich gezwungen, wegen einer Warnung vor einem ukrainischen Drohnenangriff eines seiner Lager zu evakuieren. Es handle sich um ein Lager in der Region Tatarstan, teilt Ozon mit. Das Logistikzentrum sei unbesch\u00e4digt geblieben und habe den Betrieb inzwischen wieder aufgenommen.<\/p>\n<p class=\"\">Die Ukraine hat seit dem 18. Juli bereits mindestens ein Dutzend Lagerh\u00e4user des Hauptkonkurrenten von Ozon, des Marktf\u00fchrers Wildberries, angegriffen. Das st\u00f6rt nicht nur die russische Konsumwirtschaft erheblich. Die Ukraine argumentiert zudem, \u00fcber den Online-Handel werde das russische Milit\u00e4r beliefert.<\/p>\n<p>\n        31.07.2026 08:09 Uhr\n    <\/p>\n<p>    Update: Verletzte nach Angriff auf Wildberries-Logistikzentrum<\/p>\n<p class=\"\">Bei dem ukrainischen Drohnenangriff auf ein Lagerhaus des Online-H\u00e4ndlers Wildberries in Wolgograd sind f\u00fcnf Menschen verletzt worden. Das teilte der Gouverneur Andrej Botscharow auf dem Telegramkanal der Gebietsverwaltung mit; das Unternehmen selbst best\u00e4tigte den Angriff. Zudem schrieb Botscharow, dass bei dem Luftangriff auf die Millionenstadt auch eine \u00d6lraffinerie in Brand gesetzt wurde.<\/p>\n<p class=\"\">Neben den Industrieobjekten seien zudem ein Wohnblock und ein privates Wohnhaus besch\u00e4digt worden. Sp\u00e4ter teilten die Beh\u00f6rden mit, dass wegen der Gr\u00f6\u00dfe des Feuers zus\u00e4tzliche Einheiten zu den L\u00f6scharbeiten ausger\u00fcckt seien. (Quelle: dpa)<\/p>\n<p>\n        31.07.2026 07:35 Uhr\n    <\/p>\n<p>    Russland: Frachter mit R\u00fcstungsg\u00fctern angegriffen<\/p>\n<p class=\"\">Die russischen Streitkr\u00e4fte haben nach Angaben des Verteidigungsministeriums in Moskau einen Frachter mit R\u00fcstungsg\u00fctern an Bord angegriffen. Das Schiff sei auf dem Weg zu einem ukrainischen Hafen in der N\u00e4he von Odessa gewesen. Die ukrainische Stadt liegt am Schwarzen Meer. Beide Kriegsparteien haben in den vergangenen Wochen ihre Angriffe auf Frachtschiffe der anderen Seite verst\u00e4rkt. Sie begr\u00fcnden dies damit, dass die Frachter mit ihren Ladungen den Kriegsanstrengungen des Gegners dienen. (Quelle: Reuters)<\/p>\n<p>\n        31.07.2026 05:58 Uhr\n    <\/p>\n<p>    Drohnenangriff setzt Wildberries-Logistikzentrum in Brand<\/p>\n<p class=\"\">Ein Logistikzentrum des russischen Online-H\u00e4ndlers Wildberries in Wolgograd ist nach Unternehmensangaben bei einem Drohnenangriff in Brand geraten. Mitarbeiter seien dabei nicht verletzt worden.<\/p>\n<p class=\"\">Die Ukraine greift seit Wochen verst\u00e4rkt Logistikzentren des Unternehmens an. Kiew wirft Wildberries vor, Material f\u00fcr den russischen Angriffskrieg gegen die Ukraine zu transportieren. Russland weist die Vorw\u00fcrfe zur\u00fcck. (Quelle: Reuters)<\/p>\n<p>\n        31.07.2026 04:20 Uhr\n    <\/p>\n<p>    Drohnenangriff l\u00f6st Br\u00e4nde in russischer Region Wolgograd aus<\/p>\n<p class=\"\">Bei einem Drohnenangriff sind in der russischen Region Wolgograd nach Beh\u00f6rdenangaben eine Energieanlage und mehrere Lagerhallen in Brand geraten. Gouverneur Andrej Botscharow zufolge mussten f\u00fcnf Menschen medizinisch behandelt werden.<\/p>\n<p class=\"\">Welche Anlagen genau betroffen sind, teilten die Beh\u00f6rden zun\u00e4chst nicht mit. In der Region befindet sich unter anderem eine \u00d6lraffinerie des russischen Konzerns Lukoil. (Quelle: Reuters)<\/p>\n<p>\n        31.07.2026 03:57 Uhr\n    <\/p>\n<p>    Rum\u00e4nien l\u00e4sst wegen Flugk\u00f6rpern Kampfjets aufsteigen<\/p>\n<p class=\"\">Rum\u00e4nien hat nach der Ortung von Flugk\u00f6rpern nahe der Grenze zur Ukraine vorsorglich zwei Kampfjets aufsteigen lassen. Das Nato- und EU-Mitglied warnte zudem die Bev\u00f6lkerung im grenznahen Bezirk Tulcea. Weitere Angaben zu den Flugk\u00f6rpern machten die rum\u00e4nischen Beh\u00f6rden zun\u00e4chst nicht. (Quelle: Reuters)<\/p>\n<p>\n        31.07.2026 03:22 Uhr\n    <\/p>\n<p>    Ukraine: Patriot-Produktion k\u00f6nnte Jahre dauern<\/p>\n<p class=\"\">Die Ukraine rechnet nicht mit einer schnellen Genehmigung f\u00fcr die eigene Produktion von Patriot-Abfangraketen. Botschafterin Olha Stefanischyna erkl\u00e4rte, die Verhandlungen mit dem US-Verteidigungsministerium liefen, der Prozess k\u00f6nne jedoch ein bis f\u00fcnf Jahre dauern.<\/p>\n<p class=\"\">US-Pr\u00e4sident Donald Trump \u00e4u\u00dferte sich einem Medienbericht zufolge zur\u00fcckhaltend zu einer Lizenzvergabe. Der &#8222;Financial Times&#8220; zufolge erkl\u00e4rte Trump, es handle sich um eine au\u00dfergew\u00f6hnliche Waffe, bei deren Weitergabe Vorsicht geboten sei. Die Ukraine dr\u00e4ngt angesichts der anhaltenden russischen Luftangriffe auf eine rasche St\u00e4rkung ihrer Luftverteidigung. (Quelle: Reuters)<\/p>\n<p>\n        31.07.2026 02:37 Uhr\n    <\/p>\n<p>    Selenskyj: Russland setzt wieder nordkoreanische Rakete ein<\/p>\n<p class=\"\">Russland hat bei seinem j\u00fcngsten Gro\u00dfangriff auf die Ukraine nach Angaben von Pr\u00e4sident Wolodymyr Selenskyj erstmals seit l\u00e4ngerer Zeit wieder eine ballistische Rakete aus Nordkorea eingesetzt. Die Rakete habe ein Wohnhaus in Raduschne bei Krywyj Rih getroffen, wo sechs Mitglieder einer Familie get\u00f6tet worden seien. Unabh\u00e4ngig \u00fcberpr\u00fcfen lassen sich die Angaben bislang nicht.<\/p>\n<p class=\"\">Selenskyj warf Moskau vor, seine milit\u00e4rische Zusammenarbeit mit Nordkorea weiter auszubauen. Nach ukrainischen und westlichen Erkenntnissen liefert Pj\u00f6ngjang unter anderem ballistische Raketen, Artillerie und Munition an Russland.<\/p>\n<p>\n        31.07.2026 01:49 Uhr\n    <\/p>\n<p>    Russland stuft Telegram-Chef Durow als Terroristen ein<\/p>\n<p class=\"\">Russland hat den Gr\u00fcnder des Messengerdienstes Telegram, Pawel Durow, als &#8222;Terroristen und Extremisten&#8220; eingestuft. Der russische Inlandsgeheimdienst FSB wirft Telegram vor, dem ukrainischen Geheimdienst erm\u00f6glicht zu haben, \u00fcber die Plattform Russen f\u00fcr Sabotage- und Terrorakte anzuwerben. Zuvor hatte Moskau Durow bereits international zur Fahndung ausgeschrieben.<\/p>\n<p class=\"\">Durow und Telegram wiesen die Vorw\u00fcrfe zur\u00fcck. Der Unternehmer erkl\u00e4rte, die Einstufung sei eine Reaktion darauf, dass er Forderungen nach Massen\u00fcberwachung und Zensur abgelehnt habe. (Quelle: AFP)<\/p>\n<p>\n        31.07.2026 00:05 Uhr\n    <\/p>\n<p>    Die Ereignisse gestern \u2013 30. Juli 2026<\/p>\n<p class=\"\">Russland hat die Ukraine in der Nacht massiv mit Raketen, Marschflugk\u00f6rpern und Drohnen angegriffen. Nach ukrainischen Angaben wurden mindestens acht Menschen get\u00f6tet und mehr als ein Dutzend verletzt. In Krywyj Rih starben sechs Menschen, darunter zwei Kinder. Je ein weiteres Todesopfer wurde aus Kiew und dem Gebiet Poltawa gemeldet. Auch Lwiw und weitere St\u00e4dte waren betroffen.<\/p>\n<p>\n            <strong>Video:<\/strong><br \/>\n            Tote und Verletzte in der Ukraine (1 Min)\n        <\/p>\n<p class=\"\">Ein mutma\u00dflich russischer Marschflugk\u00f6rper drang zudem in den polnischen Luftraum ein und schlug auf einem Feld im Osten des Landes ein. Verletzt wurde niemand. Nach Angaben von Ministerpr\u00e4sident Donald Tusk handelte es sich wahrscheinlich um eine russische Rakete vom Typ Ch-101. Eine abschlie\u00dfende Best\u00e4tigung stand noch aus. Polen und die Nato aktivierten Luft- und Bodenverteidigungssysteme. Unter anderem stiegen zwei polnische F-16-Kampfjets auf.<\/p>\n<p>\n            <strong>Video:<\/strong><br \/>\n            Mutma\u00dflich russische Rakete im polnischen Luftraum gesichtet (1 Min)\n        <\/p>\n<p class=\"\">Die Ukraine setzte ihre Angriffe auf russische Ziele fort. Das ukrainische Milit\u00e4r meldete Treffer auf vier russischen Tankern im Schwarzen und im Asowschen Meer. Russland berichtete vom Abschuss von 258 ukrainischen Drohnen. In der Region Pensa geriet nach einem Drohnenangriff ein Logistikzentrum des Online-H\u00e4ndlers Wildberries in Brand. Mindestens ein Mensch wurde verletzt, rund 200 Besch\u00e4ftigte wurden evakuiert.<\/p>\n<p class=\"\">Zugleich beeintr\u00e4chtigt die russische Blockade der ukrainischen Schwarzmeerh\u00e4fen den Eisenerzexport. Das Bergbaukombinat Poltawa k\u00fcndigte einen F\u00f6rderstopp von 10 bis 20 Tagen an. Auch das Kombinat in Krywyj Rih schr\u00e4nkte die F\u00f6rderung ein. Ausl\u00e4ndische Schiffe meiden derzeit nach ukrainischen Angaben die H\u00e4fen am Schwarzen Meer.<\/p>\n<p>\n        31.07.2026 00:00 Uhr\n    <\/p>\n<p>    Ukraine-News am Freitag, 31. Juli 2026<\/p>\n<p class=\"\">Guten Tag! In unseren Ukraine-News halten wir Sie weiterhin \u00fcber die Entwicklungen im Krieg gegen die Ukraine auf dem aktuellen Stand. Alle wichtigen Nachrichten dazu erscheinen hier im Lauf des Tages.<\/p>\n<p class=\"\">Die Berichterstattung \u00fcber den Russland-Ukraine-Krieg ist komplex. Angaben zu Kriegsverlauf, Beschuss und Opfern durch offizielle Stellen der russischen und der ukrainischen Konfliktparteien k\u00f6nnen in der aktuellen Lage nicht unmittelbar von unabh\u00e4ngiger Stelle \u00fcberpr\u00fcft werden. Es gibt eine Vielzahl von Medienvertretern vor Ort, darunter auch unabh\u00e4ngige Journalisten aus verschiedenen L\u00e4ndern. Bei der Bewertung von Informationen sind verschiedene Quellen und eine kritische Haltung unerl\u00e4sslich, um ein m\u00f6glichst umfassendes Bild zu erhalten. Alles das ber\u00fccksichtigt der MDR in seinen Berichten \u00fcber den Russland-Ukraine-Krieg.<\/p>\n<p>        <img decoding=\"async\" src=\"https:\/\/www.europesays.com\/de\/wp-content\/uploads\/2026\/06\/ukraine-276.webp\" alt=\"Rettungskr\u00e4fte beseitigen Tr\u00fcmmer und suchen nach Menschen in einem Wohnblock, der von einer Rakete getroffen wurde.\" title=\"Rettungskr\u00e4fte beseitigen Tr\u00fcmmer und suchen nach Menschen in einem Wohnblock, der von einer Rakete getroffen wurde. | picture alliance\/dpa\/Ukrinform | -\" class=\"responsive\" loading=\"lazy\"\/><\/p>\n<p>Hintergr\u00fcnde<\/p>\n<p>Am 24. Februar 2022 hat Russland die Ukraine \u00fcberfallen. Doch die ukrainische Armee kann sich halten und konnte Gebiete zur\u00fcckerobern, der Westen unterst\u00fctzt sie. Aktuelle Nachrichten und Hintergr\u00fcnde.<\/p>\n<p>        <img decoding=\"async\" src=\"https:\/\/www.europesays.com\/de\/wp-content\/uploads\/2026\/06\/podcast-cover-was-tun-herr-general-100.webp\" alt=\"Der fr\u00fchere NATO-General und Generalleutnant a.D. Erhard B\u00fchler\" title=\"Der fr\u00fchere NATO-General und Generalleutnant a.D. Erhard B\u00fchler | MDR \/ Erhard B\u00fchler \" class=\"responsive\" loading=\"lazy\"\/><\/p>\n<p>Audio | MDR AKTUELL<\/p>\n<p>Krieg in Europa. Welche Strategie verfolgt die russische Armee, wie stehen die Chancen der ukrainischen Verteidiger? Einsch\u00e4tzungen der milit\u00e4rischen Lage und der Kriegsfolgen vom fr\u00fcheren NATO-General Erhard B\u00fchler.<\/p>\n<p>        <img decoding=\"async\" src=\"https:\/\/www.europesays.com\/de\/wp-content\/uploads\/2026\/06\/podcast-putins-krieg-100.webp\" alt=\"Podcast Putins Krieg\" title=\"Podcast Putins Krieg | dpa\/MDR\" class=\"responsive\" loading=\"lazy\"\/><\/p>\n<p>Podcast-Reihe<\/p>\n<p>Russland f\u00fchrt Krieg gegen die Ukraine &#8211; Zerst\u00f6rung, Leid und Flucht. In diesem Podcast b\u00fcndeln wir Interviews und Berichte rund um den Krieg, seine Folgen f\u00fcr die Welt, Europa und in Deutschland.<\/p>\n","protected":false},"excerpt":{"rendered":"AUDIO: Abgest\u00fcrztes Geschoss \u00fcber Polen war russische Rakete (1 Min) Ukraine-News von MDR AKTUELL Stand: 31.07.2026 22:27 Uhr&hellip;\n","protected":false},"author":2,"featured_media":1206743,"comment_status":"","ping_status":"","sticky":false,"template":"","format":"standard","meta":{"footnotes":"","_share_on_mastodon":"0"},"categories":[4012],"tags":[331,332,66372,13,15333,4046,85316,14,15,885,7851,14795,12024,307,12,116,251192,6075,113,317,64],"class_list":["post-1206742","post","type-post","status-publish","format-standard","has-post-thumbnail","category-ukraine","tag-aktuelle-nachrichten","tag-aktuelle-news","tag-durow","tag-headlines","tag-kampfjets","tag-krieg","tag-luftverteidigung","tag-nachrichten","tag-news","tag-nordkorea","tag-patriot","tag-raketen","tag-rumaenien","tag-russland","tag-schlagzeilen","tag-selenskyj","tag-stefanischyna","tag-telegram","tag-trump","tag-ukraine","tag-usa"],"share_on_mastodon":{"url":"https:\/\/pubeurope.com\/@de\/117017037550550732","error":""},"_links":{"self":[{"href":"https:\/\/www.europesays.com\/de\/wp-json\/wp\/v2\/posts\/1206742","targetHints":{"allow":["GET"]}}],"collection":[{"href":"https:\/\/www.europesays.com\/de\/wp-json\/wp\/v2\/posts"}],"about":[{"href":"https:\/\/www.europesays.com\/de\/wp-json\/wp\/v2\/types\/post"}],"author":[{"embeddable":true,"href":"https:\/\/www.europesays.com\/de\/wp-json\/wp\/v2\/users\/2"}],"replies":[{"embeddable":true,"href":"https:\/\/www.europesays.com\/de\/wp-json\/wp\/v2\/comments?post=1206742"}],"version-history":[{"count":0,"href":"https:\/\/www.europesays.com\/de\/wp-json\/wp\/v2\/posts\/1206742\/revisions"}],"wp:featuredmedia":[{"embeddable":true,"href":"https:\/\/www.europesays.com\/de\/wp-json\/wp\/v2\/media\/1206743"}],"wp:attachment":[{"href":"https:\/\/www.europesays.com\/de\/wp-json\/wp\/v2\/media?parent=1206742"}],"wp:term":[{"taxonomy":"category","embeddable":true,"href":"https:\/\/www.europesays.com\/de\/wp-json\/wp\/v2\/categories?post=1206742"},{"taxonomy":"post_tag","embeddable":true,"href":"https:\/\/www.europesays.com\/de\/wp-json\/wp\/v2\/tags?post=1206742"}],"curies":[{"name":"wp","href":"https:\/\/api.w.org\/{rel}","templated":true}]}}