{"id":1206846,"date":"2026-07-31T23:51:29","date_gmt":"2026-07-31T23:51:29","guid":{"rendered":"https:\/\/www.europesays.com\/de\/1206846\/"},"modified":"2026-07-31T23:51:29","modified_gmt":"2026-07-31T23:51:29","slug":"fans-als-sponsor-spieler-vom-arbeitsamt-wie-1860-muenchen-den-neuanfang-wagt","status":"publish","type":"post","link":"https:\/\/www.europesays.com\/de\/1206846\/","title":{"rendered":"Fans als Sponsor, Spieler vom Arbeitsamt: Wie 1860 M\u00fcnchen den Neuanfang wagt"},"content":{"rendered":"<p>Einer der \u00e4ltesten und traditionsreichsten Fu\u00dfballklubs Deutschlands geriert sich aktuell wie ein Start-Up &#8211; und entfacht riesige Euphorie in seinem Heimatviertel. Die L\u00f6wen wagen nach dem Zwangsabstieg in die Regionalliga und der Trennung von Investor Hasan Ismaik einen echten Neuanfang: Mit neuem Logo, einem komplett neuen Ausr\u00fcster &#8211; und Mietspielern vom alten Klub. <\/p>\n<p><img loading=\"lazy\" decoding=\"async\" src=\"https:\/\/www.europesays.com\/de\/wp-content\/uploads\/2026\/07\/694fbe05875a43e38e8eb4cc4ca8e0ba.gif\" width=\"1\" height=\"1\" alt=\"\" data-fco-pixel-tracker-url=\"https:\/\/www.europesays.com\/de\/wp-content\/uploads\/2026\/07\/694fbe05875a43e38e8eb4cc4ca8e0ba.gif\" data-fco-pixel-tracker-type=\"vg-wort\"\/><\/p>\n<p>Wer am Mittwochnachmittag zuf\u00e4llig im M\u00fcnchner Stadtteil Giesing am Wettersteinplatz aus der U-Bahn gestiegen ist und mit bestimmten Eigenheiten dieses auf gewisse Weise m\u00fcnchchnerischsten und gerade deswegen ungew\u00f6hnlichsten Stadtteils der bayerischen Landeshauptstadt nicht so vertraut ist, muss sich vorgekommen sein wie im falschen Film oder in der falschen Zeit.\u00a0<\/p>\n<p>An einem stinknormalen, br\u00fcllend hei\u00dfen Mittwochnachmittag standen da sehr viele Fu\u00dfballfans auf der Stra\u00dfe und skandierten lauthals &#8222;Hier regiert der TSV! Hier regiert der TSV!&#8220; Und auch: &#8222;Hurra! Hurra! Die L\u00f6wen, die sind da!&#8220;<\/p>\n<p>So ging das minutenlang, ehe die Menschenmasse, ein euphorisierter Lindwurm aus Fu\u00dfballfans, br\u00fcllend, klatschend und singend zum Trainingsgel\u00e4nde der M\u00fcnchner L\u00f6wen rund zwei Kilometer s\u00fcdlich marschierte.\u00a0<\/p>\n<p>Ja, ist denn noch WM? In einem Land, in dem Fu\u00dfball den Menschen wirklich wichtig ist? Oder vielleicht doch nur das Abschlusstraining der neuformierten Mannschaft des TSV 1860 M\u00fcnchen vor dem ersten Spieltag in der Regionalliga Bayern beim 1. FC Schweinfurt 05 am Samstag (14 Uhr, der Bayerische Rundfunk \u00fcbertr\u00e4gt die Viertligapartie live)?<\/p>\n<p>1860 M\u00fcnchen ist zum zweiten Mal in neun Jahren ins Amateurlager gest\u00fcrzt<\/p>\n<p>Es liegen mal wieder turbulente Wochen hinter dem anderen (und \u00e4lteren) gro\u00dfen M\u00fcnchner Fu\u00dfballverein. Seit Investor Hasan Ismaik eine vorher schriftlich zugesicherte Darlehenszahlung zur\u00fcckzog und Verein und Investor sich in der Folge nicht mehr einigen konnten, <a href=\"https:\/\/www.spox.com\/fussball\/listen\/wir-werden-naechstes-jahr-regionalliga-spielen-traenen-bei-den-loewen-fans-drama-um-tsv-1860-muenchen-ist-perfekt\/bltba4bde639b0c8772\" rel=\"nofollow noopener\" data-affiliate-type=\"NONE\" target=\"_blank\">wurden die L\u00f6wen am 3. Juni zwangsversetzt in die vierte Liga<\/a>. Zum zweiten Mal nach 2017, auch damals weigerte sich der Investor zu zahlen, muss 1860 wieder in der obersten Amateurliga ran.\u00a0<\/p>\n<p>Im Gegenzug zu damals entschied sich der Verein aber nun f\u00fcr einen v\u00f6lligen Neuanfang. Ohne Ismaik. Ohne die gemeinsam betriebene Spielbetriebs-KGaA. Das Motto lautet: Freiheit f\u00fcr Sechzig!\u00a0<\/p>\n<p><a href=\"https:\/\/www.spox.com\/fussball\/listen\/beben-bei-1860-muenchen-nach-15-jahren-schreckensherrschaft-investor-hasan-ismaik-sofort-weg\/bltf39b5b82e420bfc7\" rel=\"nofollow noopener\" data-affiliate-type=\"NONE\" target=\"_blank\">Das Pr\u00e4sidium k\u00fcndigte nach dem Zwangsabstieg den Kooperationsvertrag mit Ismaik und dessen Firmen<\/a>. 15 Jahre nach dem Einstieg des ersten arabischen Investors bei einem deutschen Profiverein &#8211; damals noch bei einem hochverschuldeten Zweitligisten, der unbedingt wieder in die Bundesliga wollte &#8211; endete so ein Zusammenschluss, das vom ersten Tag an ein riesiges Missverst\u00e4ndnis gewesen war. F\u00fcr beide Seiten. Ismaik butterte insgesamt zwischen 80 und 90 Millionen Euro rein und wunderte sich, wieso er deswegen nicht von allen gefeiert wurde und wieso er nicht das alleinige Sagen hatte. Und die Vereinsverantwortlichen waren praktisch vom ersten Tag an damit besch\u00e4ftigt, die irrsten von vielen verr\u00fcckten Ideen zu verhindern: Sven-G\u00f6ran Eriksson als Trainer in der Zweiten Liga? Neues Stadion am Stadtrand samt L\u00f6wengehege? Die L\u00f6wen als Durchlauferhitzer f\u00fcr Talente aus aller Herren L\u00e4nder, deren Transferrechte auch bei dubiosen Investmentfirmen lagen? Es gab nichts, was es in den vergangenen 15 Jahren nicht gab bei 1860 M\u00fcnchen. Au\u00dfer eben: nachhaltiger sportlicher Erfolg. <\/p>\n<p><img class=\"fco-image__image\" alt=\"imago-sport-1078251760.jpg\"   loading=\"lazy\" decoding=\"async\" fetchpriority=\"auto\" width=\"4316\" height=\"2872\" src=\"https:\/\/www.europesays.com\/de\/wp-content\/uploads\/2026\/07\/1785541886_532_imago-image.jpeg; charset=utf-8.jpeg\" style=\"aspect-ratio:4316 \/ 2872;width:100%;height:100%\"\/>IMAGODie Fans saufen f\u00fcr 1860 und sind nun sogar R\u00fcckensponsor <\/p>\n<p>Am 23. Juni stellte die alte KGaA einen Antrag auf Insolvenz, das Spielrecht f\u00fcr die Regionalliga und die Bayernliga, in der die Zweitverwertung antritt, lag da l\u00e4ngst beim Verein. Ismaik pr\u00fcft rechtliche Schritte, einstweilen ver\u00f6ffentlicht er aber regelm\u00e4\u00dfig recht verwirrende Posts auf <a href=\"https:\/\/www.instagram.com\/ismaik1860\/?hl=de\" rel=\"nofollow noopener\" data-affiliate-type=\"NONE\" target=\"_blank\">Instagram<\/a>, in denen er fordert, die richtigen Fragen zu stellen.\u00a0<\/p>\n<p>In Giesing aber herrscht Aufbruchstimmung, Euphorie gar. Die L\u00f6wen, sonst gerne bereit, sich auch wegen Kleinigkeiten in die Haare zu kriegen, sind zusammenger\u00fcckt. Die St\u00fcberl rund um das Gr\u00fcnwalder Stadion sind voll, es gibt kaum andere Themen als 1860, auch ein paar neue Aufkleber scheinen dazugekommen zu sein an den Ampeln und Verkehrsschildern. Und bald wird auch das Gr\u00fcnwalder Stadion wieder voll sein. 1860 M\u00fcnchen lebt, das Gebr\u00fcll des L\u00f6wen ist kr\u00e4ftiger denn je. Auch wenn die Spieler den L\u00f6wen vorerst nicht mehr auf der Brust tragen d\u00fcrfen. Aber dazu sp\u00e4ter mehr.\u00a0<\/p>\n<p>Von L\u00f6wenfans wird gerne behauptet, sie seien leidensf\u00e4hig. Da schwingt Bewunderung mit, aber eben auch ein wenig Mitleid mit den armen Irren. Und nat\u00fcrlich ist da etwas dran, <a href=\"https:\/\/www.abendzeitung-muenchen.de\/sport\/tsv1860\/stefan-schneider-im-az-interview-ich-gehe-immer-noch-nicht-zur-domina-art-750366\" rel=\"nofollow noopener\" data-affiliate-type=\"NONE\" target=\"_blank\">der langj\u00e4hrige Stadionsprecher Stefan Schneider pr\u00e4gte einst den legend\u00e4ren Satz: &#8222;Manche gehen zur Domina, ich gehe zu Sechzig&#8220;.<\/a> Man muss auch wirklich etwas aushalten k\u00f6nnen als L\u00f6we.<\/p>\n<p>Doch was sich in den letzten Wochen in Giesing abspielt, das hat recht wenig zu tun mit einem Trauerspiel. Mehr als 2000 neue Mitglieder sind in den vergangenen Wochen dem Verein beigetreten, die nun mehr als 29.000 Mitglieder sind ein neuer Vereinsrekord. Einige Giesinger Wirte k\u00fcndigten an, unter dem inoffiziellen Motto &#8222;Saufen f\u00fcr Sechzig&#8220;\u201d (das offizielle hie\u00df &#8222;Giesing h\u00e4lt zam&#8220;) 60 Prozent ihrer Tagesums\u00e4tze an einem Samstag an den Verein zu spenden. Nat\u00fcrlich kamen und soffen die Fans in Scharen:\u00a0 Fast 42.000 Euro \u00fcbergaben die Wirte dem Verein.<\/p>\n<p><a href=\"https:\/\/www.spox.com\/fussball\/listen\/in-nur-vier-tagen-mehr-als-250-000-euro-gesammelt-fans-vom-tsv-1860-wollen-trikotsponsor-werden-und-werkeln-am-maerchen-von-muenchen-giesing\/blt4156b3e5b148f84e\" rel=\"nofollow noopener\" data-affiliate-type=\"NONE\" target=\"_blank\">Gar 341.000 Euro kamen bisher auf der Crowdfunding-Plattform GoFundMe zusammen bei der Aktion &#8222;Football for the People\u201d &#8211; damit haben sich die Fans den Platz als R\u00fcckensponsor f\u00fcr die Saison gesichert.<\/a> Und auch der Dauerkartenverkauf brummt: Innerhalb von nur eineinhalb Tagen sicherten sich 7000 Anh\u00e4nger eine &#8211; f\u00fcr die vierte Liga gar nicht mal so g\u00fcnstige (mindestens 359 Euro) &#8211;\u00a0 Dauerkarte. Und das, obwohl die meisten vorher bereits eine noch teurere und durch der Insolvenzantrag nun wertlose Dauerkarte f\u00fcr die Dritte Liga reserviert und bezahlt hatten; das Geld werden die Fans h\u00f6chstwahrscheinlich abschreiben m\u00fcssen. Das sorgte nat\u00fcrlich nicht f\u00fcr Begeisterungsst\u00fcrme, aber der Aufschrei dar\u00fcber h\u00e4lt sich auch in Grenzen.\u00a0<\/p>\n<p>Nat\u00fcrlich gibt es Fans, die schimpfen, aber die neuen L\u00f6wen machen erstaunlich viel richtig<\/p>\n<p>Das ist ein enormer Vertrauensvorschuss f\u00fcr die Vereinsf\u00fchrung um Pr\u00e4sident Gernot Mang, dem nach eigenen Bekunden Tr\u00e4nen in die Augen schossen, als am Mittwoch mehr als 1000 Fans beim Abschlusstraining waren. Und tats\u00e4chlich: eine gr\u00f6\u00dfere Best\u00e4tigung f\u00fcr den eingeschlagenen Kurs, den Mang als &#8222;Befreiungskampf&#8220; bezeichnet, kann man sich einstweilen wohl auch nicht vorstellen.\u00a0<\/p>\n<p>Im Gegensatz zu Ismaik scheinen nicht allzu viele Sechzger die Vertreter des Stammvereins verantwortlich zu machen f\u00fcr die Pleite der alten L\u00f6wen. Und die meisten sehen, dass die Bosse um Mang in den vergangenen Wochen nicht nur sehr viel, sondern auch sehr viel richtig gemacht haben. Die &#8222;Start-up-L\u00f6wen&#8220; (Mang) nehmen die Fans mit und kommunizieren so transparent wie nie.\u00a0<\/p>\n<p>Und das Beste bei so einem Neuanfang: Es gibt richtig viel &#8211; und auch richtig viel Gutes und Sch\u00f6nes &#8211; zu verk\u00fcnden. Man kann gerade dabei zuschauen, wie ein Verein sich gerade neu erfindet &#8211; und das macht m\u00e4chtig viel Spa\u00df. Nat\u00fcrlich gibt es Fans, die schimpfen. Nat\u00fcrlich gibt es Anh\u00e4nger, die der Meinung sind, dass beide Seiten Schuld tragen am Niedergang und nat\u00fcrlich haben sie recht. Nur: Was bringt diese Erkenntnis jetzt noch?\u00a0<\/p>\n<p>Sah es noch vor zwei Wochen so aus, als ob 1860 mit einer reinen Amateurmannschaft (wenn \u00fcberhaupt) an den Start gehen m\u00fcsste in der Regionalliga, wurde nun in Rekordzeit ein Kader zusammengestellt, der durchaus ambitioniert erscheint. Zwar entschied sich St\u00fcrmer und Ex-Nationalspieler Kevin Volland schon recht fr\u00fch, seine Profikarriere zu beenden und k\u00fcnftig in der Bezirksliga bei seinem Kindheitsverein TSV Thalhofen zu kicken, daf\u00fcr gibt nun Florian Niederlechner nach einer eher entt\u00e4uschenden und verletzungsreichen Drittligasaison den <a href=\"https:\/\/www.spox.com\/fussball\/news\/sascha-moelders-kuendet-karriereende-als-profi-an-drumherum-geht-mir-auf-den-sack\/4918535\" rel=\"nofollow noopener\" data-affiliate-type=\"NONE\" target=\"_blank\">Sascha M\u00f6lders der 2020er-Jahre<\/a>. <\/p>\n<p>Der erste Spieler der neuen L\u00f6wen war mit Tunay Deniz auch einer, der sich bewusst entschieden hat, zu bleiben und beim Neuanfang dabei zu sein: Der Mittelfeldspieler fehlte den Gro\u00dfteil der vergangenen Saison verletzt, geh\u00f6rt aber grunds\u00e4tzlich zu den besseren Drittligaspielern. Dazu kommen die R\u00fcckkehrer Julian Bell (von Chemie Leipzig), Dennis Dressel (aus Ulm) und Felix Weber (aus Vilzing). Torwart Vitus Eicher, schon zu Zweitligazeiten bei 1860, unterbrach sogar seine Karriere als Torwarttrainer beim FC Heidenheim, um wieder Fu\u00dfball bei den L\u00f6wen zu spielen. Weitere prominente Namen im Kader: Noah Klose (21, bisher bei 1860 II), Sohn des 2014er-Weltmeisters und N\u00fcrnberg-Trainer Miroslav Klose, spielt im Sturm. Mathew Collins, Sohn der Musiker-Legende Phil Collins, kommt f\u00fcrs Mittelfeld von Austria Salzburg.\u00a0<\/p>\n<p><img class=\"fco-image__image\" alt=\"imago-sport-1080302554.jpg\"   loading=\"lazy\" decoding=\"async\" fetchpriority=\"auto\" width=\"3300\" height=\"2200\" src=\"https:\/\/www.europesays.com\/de\/wp-content\/uploads\/2026\/07\/1785541887_526_imago-image.jpeg; charset=utf-8.jpeg\" style=\"aspect-ratio:3300 \/ 2200;width:100%;height:100%\"\/>IMAGOTeilweise zahlt die Agentur f\u00fcr Arbeit die Geh\u00e4lter von Spielern von 1860 M\u00fcnchen <\/p>\n<p>Doch nat\u00fcrlich garantieren romantische Geschichten wie diese allein keinen Erfolg, sie stellen noch nicht mal eine ganze Elf auf. Aufgef\u00fcllt wird der Kader daher noch mit Mietspielern von der alten KGaA. Richtig gelesen: Die neuen L\u00f6wen zahlen der alten Gesellschaft, und damit auch Ismaik, f\u00fcr eine begrenzte Zeit noch Geld, um die Infrastruktur und die Ressourcen des alten Klubs zu nutzen. <\/p>\n<p>So k\u00f6nnen die L\u00f6wen beispielsweise weiter das Trainingsgel\u00e4nde an der Gr\u00fcnwalder Stra\u00dfe benutzen. Aber eben auch die Mitarbeitenden. Pressesprecher, Physiotherapeuten, B\u00fcrokr\u00e4fte etc. werden also von der KGaA gemietet. Bezahlt werden sie einstweilen von der Agentur f\u00fcr Arbeit &#8211; sie erhalten Insolvenzgeld. Das gleiche gilt f\u00fcr Spieler, die der vorl\u00e4ufige Insolvenzverwalter noch nicht zu anderen Klubs transferiert hat oder die (noch) keinen Vertrag mit den neuen L\u00f6wen abgeschlossen haben. Sie geh\u00f6ren also weiter zum Ismaik-Konstrukt, erhalten Insolvenzgeld und werden an die neuen L\u00f6wen vermietet. Mit den Einnahmen k\u00f6nnen nach der h\u00f6chstwahrscheinlichen Liquidierung der KGaA &#8211; ohne Spielrecht fehlt ihr ja die Gesch\u00e4ftsgrundlage &#8211; Gl\u00e4ubiger bezahlt werden. Etwa die Fans, die nun doppelt f\u00fcr Dauerkarten bezahlt haben.\u00a0<\/p>\n<p>Ob Trainer Alper Kayabunar (bisher Coach der erfolgreichen Zweitvertretung, in der letzten Saison gewann man die Bayernliga) mit dieser eilig zusammengestellten Mannschaft sofort aufsteigen kann, wird sich zeigen. Ein Muss ist es nicht. Denn auch das ist neu bei den neuen L\u00f6wen. Man m\u00f6chte realistisch bleiben und Tr\u00e4ume nicht auf Pump finanzieren. Zwar wolle man &#8222;nat\u00fcrlich so schnell es geht wieder nach oben&#8220;, sagt Mang. Aber den Aufstieg als Ziel aufrufen wolle er nicht. Stattdessen solle sich die Mannschaft in der neuen Liga erst mal finden.\u00a0<\/p>\n<p><img class=\"fco-image__image\" alt=\"imago-sport-1080199846.jpg\"   loading=\"lazy\" decoding=\"async\" fetchpriority=\"auto\" width=\"5004\" height=\"3336\" src=\"https:\/\/www.europesays.com\/de\/wp-content\/uploads\/2026\/07\/1785541888_439_imago-image.jpeg; charset=utf-8.jpeg\" style=\"aspect-ratio:5004 \/ 3336;width:100%;height:100%\"\/>IMAGOWieso hat 1860 M\u00fcnchen ein neues Logo?<\/p>\n<p>Gew\u00f6hnen muss man sich auf jeden Fall an den neuen Auftritt der L\u00f6wen. <a href=\"https:\/\/www.spox.com\/fussball\/news\/1860-muenchen-logo-warum-hat-der-tsv-ein-neues-vereinswappen-und-wieso-beinhaltet-es-keinen-loewen\/bltb6511676ed056520\" rel=\"nofollow noopener\" data-affiliate-type=\"NONE\" target=\"_blank\">Denn da ist ja noch die Sache mit dem L\u00f6wen<\/a>. Den tragen die Sechzger erst einmal nur noch im Herzen und nicht mehr auf der Brust. Da die Vermarktungsrechte am ikonischen Wappen bei der KGaA liegen, die sie bis 2031 an die Ismaik geh\u00f6rende 1860-Fanartikel-GmbH lizenziert hat,\u00a0verzichten die neuen L\u00f6wen sicherheitshalber darauf, ihr Wappen zu verwenden. Zwar geh\u00f6ren die Markenrechte und somit auch der L\u00f6we dem Verein, aber vermarkten darf er ihn eben nicht. <\/p>\n<p>Und statt einen neuen L\u00f6wen zu entwerfen, der irgendwie gleich, aber doch anders ist, oder einen alten L\u00f6wen zu verwenden, den man schon mal benutzt hat, laufen die Sechzger jetzt eben mit einem ovalen Wappen mit dem lilafarbenem Schriftzug FA 1860 auf. Es ist das Logo der Fu\u00dfballabteilung, das bereits 1919 eingef\u00fchrt wurde. Dass die L\u00f6wen ohne L\u00f6wen au\u00dferhalb des L\u00f6wen-Kosmos in den vergangen Wochen f\u00fcr Spott und Mitleid gesorgt haben, ist naheliegend und klar. Und auch Mang gibt zu, dass ihm der L\u00f6we fehle. Tats\u00e4chlich ist das neue Wappen in der Fanszene aber durchaus seit Jahren eingef\u00fchrt und war auch schon auf selbstproduzierter Fankleidung und auf Fahnen zu sehen.\u00a0<\/p>\n<p><img class=\"fco-image__image\" alt=\"imago-sport-1080361865.jpg\"   loading=\"lazy\" decoding=\"async\" fetchpriority=\"auto\" width=\"3000\" height=\"2000\" src=\"https:\/\/www.europesays.com\/de\/wp-content\/uploads\/2026\/07\/1785541888_170_imago-image.jpeg; charset=utf-8.jpeg\" style=\"aspect-ratio:3000 \/ 2000;width:100%;height:100%\"\/>IMAGO<\/p>\n<p>Sp\u00e4testens 2031 kehrt der L\u00f6we wieder zur\u00fcck auf die Brust, wom\u00f6glich aber auch fr\u00fcher &#8211; denn: sollte die KGaA nach einem Insolvenzverfahren liquidiert werden, wo w\u00e4re dann noch die Gesch\u00e4ftsgrundlage f\u00fcr die Fanartikel-GmbH. Schon jetzt ist der &#8222;offizielle L\u00f6wenfanshop&#8220; nicht mehr viel mehr als eine Modeboutique, die unter anderem Trikots verkauft, die zwar den L\u00f6wen auf der Brust haben, aber die keine Mannschaft in einem Spiel jemals tragen werden. Mit einem Sponsor vorne drauf, der l\u00e4ngst seinen Abschied bekanntgegeben hat. Nach zehn Jahren hat sich Versicherer &#8222;Die Bayerische&#8220; verabschiedet.\u00a0<\/p>\n<p><img class=\"fco-image__image\" alt=\"imago-sport-1080548968.jpg\"   loading=\"lazy\" decoding=\"async\" fetchpriority=\"auto\" width=\"4984\" height=\"3350\" src=\"https:\/\/www.europesays.com\/de\/wp-content\/uploads\/2026\/07\/1785541889_258_imago-image.jpeg; charset=utf-8.jpeg\" style=\"aspect-ratio:4984 \/ 3350;width:100%;height:100%\"\/>IMAGODer neue Hauptsponsor macht sich den Freiheitsruf zu eigen &#8211; dessen Logo ist aber Rot<\/p>\n<p>Der Hauptsponsor der neuen L\u00f6wen ist auch eine Versicherung, die sich sogar entschieden hat, sich das Motto der neuen L\u00f6wen zu eigen zu machen: &#8222;Freiheit f\u00fcr 1860 &#8211; unterst\u00fctzt durch Dialog&#8220;, prangte bei der Vorstellung des neuen Partners auf den Werbetafeln. Angesichts dieses Bekenntnisses zum eingeschlagenen Weg ging sogar ein wenig unter, dass der Schriftzug des neuen Sponsors in der Farbe der &#8222;Seitenstra\u00dfler&#8220; gehalten ist. Immerhin ist das Rot von Dialog ein wenig anders als das vom FC Bayern M\u00fcnchen.\u00a0<\/p>\n<p>F\u00fcr die Designer des neuen Trikots d\u00fcrfte es sicher die letzte gro\u00dfe Herausforderung gewesen sein, den neuen Sponsor stimmig in die ansonsten sehr klassisch daherkommenden wei\u00df-blau gestreiften Leiberl zu integrieren.\u00a0<\/p>\n<p>Wer r\u00fcstet die L\u00f6wen k\u00fcnftig aus?<\/p>\n<p>Bei den Trikots setzten die neuen L\u00f6wen \u00fcbrigens auf ein Start-Up. Die M\u00fcnchner Marke <a href=\"https:\/\/www.instagram.com\/societas.club\/\" rel=\"nofollow noopener\" data-affiliate-type=\"NONE\" target=\"_blank\">Societas<\/a> stattet 1860 in den kommenden drei Jahren aus. Gr\u00fcnder von Societas ist der M\u00fcnchner Designer Mirko Borsche, der mit daf\u00fcr verantwortlich ist, dass Trikots in den vergangenen Jahren auch au\u00dferhalb der Fanszene zu Fashion Pieces wurden. Borsche zeichnete jahrelang die Kult-Trikots des FC Venedig, <a href=\"https:\/\/www.spox.com\/fussball\/news\/1860-muenchen-logo-warum-hat-der-tsv-ein-neues-vereinswappen-und-wieso-beinhaltet-es-keinen-loewen\/bltb6511676ed056520\" rel=\"nofollow noopener\" data-affiliate-type=\"NONE\" target=\"_blank\">auch das jetzt schon ikonische Champions-League-Trikot des FC Bayern aus der Saison 2024\/2025 stammt aus seinem BureauBorsche<\/a>. Au\u00dferdem gestaltete Borsche unter anderem das neue Logo von Inter Mailand und verhalf auch dem VfB Stuttgart und zuletzt Werder Bremen zu einem neuen Markenauftritt. Das Besondere an Borsche: Er scheint ein H\u00e4ndchen daf\u00fcr zu haben, sowohl Traditionalisten und Modernisten, Ultras und Lifestyle-Fans, Bayern und L\u00f6wen abzuholen. <\/p>\n<p>Die minimalistischen Designs seines Teams treffen auf jeden Fall einen Zeitgeist, auch f\u00fcr 1860 war der Designer, ein geborener M\u00fcnchner, aber schon immer unter dem roten Himmel der Stadt zu Hause, bereits t\u00e4tig: Societas gestaltete und produzierte im vergangenen Jahr zwei Trikots f\u00fcr den TSV M\u00fcnchen von 1860 e.V., die beide im Nu ausverkauft waren. Als Ausstatter t\u00e4tig war die Brand aber noch nicht, 1860 ist der erste Kunde.\u00a0<\/p>\n<p>Ob der Ausr\u00fcster den erwartbaren Ansturm der L\u00f6wenfans handhaben kann, wird sich zeigen. Genauso ob auch die anderen sch\u00f6nen Pl\u00e4ne der neuen L\u00f6wen aufgehen werden.<\/p>\n<p>Weil: Einige grunds\u00e4tzlichen Probleme des TSV 1860 sind ja nicht verschwunden, nur weil man einen kompletten Neuanfang wagt. Profifu\u00dfball in M\u00fcnchen ist und bleibt teurer als anderswo. Auch bei den alten L\u00f6wen haben viele Spieler in der Dritten Liga keine \u00fcppigen Geh\u00e4lter kassiert, dennoch reichte der Etat trotz weit \u00fcberdurchschnittlicher Sponsoreneinnahmen bei Weitem nicht aus. Da hat Hasan Ismaik ja einen Punkt, auch wenn das, anders als er es den Verantwortlichen vorwirft, nicht unbedingt etwas mit schlechtem Management oder verantwortungslosen Umgang mit fremden Geld zu tun hat. <\/p>\n<p>Wieso hat 1860 eigentlich jahrelang \u00fcber seine Verh\u00e4ltnisse gelebt?<\/p>\n<p>Allein die Stadionmiete ist deutlich teuer als anderswo, zudem l\u00e4sst sich das bei den Fans zu Recht geliebte Gr\u00fcnwalder Stadion bei Weitem nicht so vermarkten wie modernere Arenen. Stichwort: Fehlende VIP-Logen. Doch auch &#8222;weichere&#8220; Faktoren spielen hier eine Rolle. M\u00fcnchen ist die mit Abstand teuerste Stadt Deutschlands, die Kosten f\u00fcr Mitarbeitende, Betreuer, Trainer, Physios etc. sind h\u00f6her als anderswo. Das gilt auch f\u00fcr Mieten, nicht nur f\u00fcr Wohnungen, sondern auch f\u00fcr das Trainingsgel\u00e4nde. Auch das NLZ, so ausgezeichnet es auch ist, mag finanziert werden.\u00a0<\/p>\n<p>1860 ben\u00f6tigte in der Dritten Liga nicht viel weniger Geld als ein Zweitligaverein mit gewissen Ambitionen. Auch in der vierten Liga werden die L\u00f6wen mehr ausgeben m\u00fcssen als beispielsweise der FC Memmingen, der TSV Aubstadt oder auch die SpVgg Unterhaching, obgleich auch die M\u00fcnchner Vorst\u00e4dter unter enormem Kostendruck stehen.\u00a0\u00a0<\/p>\n<p>1860 hatte in den vergangenen Jahren stets mit die h\u00f6chsten Gesamt-Etats der Drittel Liga, doch die Budgets f\u00fcrs Kerngesch\u00e4ft &#8211; den Spielbetrieb &#8211; war maximal gehobener Durchschnitt. Gerade mal zwischen 3,5 und 5 Millionen flossen in die Mannschaften, mindestens noch mal genauso viel war aber f\u00fcr die anderen Ausgaben n\u00f6tig. Und mindestens zwei Millionen Euro musste Hasan Ismaik Jahr f\u00fcr Jahr nachschie\u00dfen, um das strukturelle Defizit zu begleichen.\u00a0<\/p>\n<p>Gesund ist das nicht, deswegen wollte der Investor ja mit aller Macht hoch, erst in die Bundesliga, nach dem ersten durch ihn verursachten Zwangsabstieg in die Regionalliga sollte es dann so schnell wie m\u00f6glich wieder in die Zweite Liga gehen. Mang verspricht zwar, dass man nun nicht mehr dauerhaft mehr ausgeben m\u00f6chte als man einnehmen k\u00f6nne, doch das haben sich schon viele Gesch\u00e4ftsf\u00fchrer bei 1860 vorgenommen. Sicher, zum ersten Mal seit Langem flie\u00dfen nun alle Merchandising-Einnahmen an den Verein, und die Pl\u00e4ne, das Gr\u00fcnwalder Stadion von der Stadt zu \u00fcbernehmen und bis 2030 gemeinsam mit Investoren auf bis zu 27.000 Zuschauer auszubauen, sind auch nach der Neugr\u00fcndung nicht vom Tisch. Doch die Einnahmem\u00f6glichkeiten in der Regionalliga sind arg begrenzt, wenn die L\u00f6wen nicht bald wieder in den Profibereich zur\u00fcckkehren, w\u00fcrde der Teufelskreis aus Investitionen auf Pump unweigerlich wieder losgehen.<\/p>\n<p>Doch das ist Zukunftsmusik. Genauso wie ein m\u00f6glicher juristischer Dauerkonflikt mit Ismaik.\u00a0Aktuell z\u00e4hlt in Giesing vor allem: Der L\u00f6we lebt und der L\u00f6we ist laut. \u00a0<\/p>\n<p><script async src=\"\/\/www.instagram.com\/embed.js\"><\/script><\/p>\n","protected":false},"excerpt":{"rendered":"Einer der \u00e4ltesten und traditionsreichsten Fu\u00dfballklubs Deutschlands geriert sich aktuell wie ein Start-Up &#8211; und entfacht riesige Euphorie&hellip;\n","protected":false},"author":2,"featured_media":1206847,"comment_status":"","ping_status":"","sticky":false,"template":"","format":"standard","meta":{"footnotes":"","_share_on_mastodon":"0"},"categories":[5],"tags":[8735,93542,2033,347,13,14,15,12,4604,10,8,9,11],"class_list":["post-1206846","post","type-post","status-publish","format-standard","has-post-thumbnail","category-nachrichten","tag-1860-muenchen","tag-1860-munich","tag-features","tag-fussball","tag-headlines","tag-nachrichten","tag-news","tag-schlagzeilen","tag-soccer","tag-top-news","tag-top-meldungen","tag-topmeldungen","tag-topnews"],"share_on_mastodon":{"url":"","error":""},"_links":{"self":[{"href":"https:\/\/www.europesays.com\/de\/wp-json\/wp\/v2\/posts\/1206846","targetHints":{"allow":["GET"]}}],"collection":[{"href":"https:\/\/www.europesays.com\/de\/wp-json\/wp\/v2\/posts"}],"about":[{"href":"https:\/\/www.europesays.com\/de\/wp-json\/wp\/v2\/types\/post"}],"author":[{"embeddable":true,"href":"https:\/\/www.europesays.com\/de\/wp-json\/wp\/v2\/users\/2"}],"replies":[{"embeddable":true,"href":"https:\/\/www.europesays.com\/de\/wp-json\/wp\/v2\/comments?post=1206846"}],"version-history":[{"count":0,"href":"https:\/\/www.europesays.com\/de\/wp-json\/wp\/v2\/posts\/1206846\/revisions"}],"wp:featuredmedia":[{"embeddable":true,"href":"https:\/\/www.europesays.com\/de\/wp-json\/wp\/v2\/media\/1206847"}],"wp:attachment":[{"href":"https:\/\/www.europesays.com\/de\/wp-json\/wp\/v2\/media?parent=1206846"}],"wp:term":[{"taxonomy":"category","embeddable":true,"href":"https:\/\/www.europesays.com\/de\/wp-json\/wp\/v2\/categories?post=1206846"},{"taxonomy":"post_tag","embeddable":true,"href":"https:\/\/www.europesays.com\/de\/wp-json\/wp\/v2\/tags?post=1206846"}],"curies":[{"name":"wp","href":"https:\/\/api.w.org\/{rel}","templated":true}]}}