{"id":1207121,"date":"2026-08-01T02:32:14","date_gmt":"2026-08-01T02:32:14","guid":{"rendered":"https:\/\/www.europesays.com\/de\/1207121\/"},"modified":"2026-08-01T02:32:14","modified_gmt":"2026-08-01T02:32:14","slug":"nach-anschlag-von-berlin-rund-250-000-zu-queerer-demonstration-in-hamburg-erwartet","status":"publish","type":"post","link":"https:\/\/www.europesays.com\/de\/1207121\/","title":{"rendered":"Nach Anschlag von Berlin: Rund 250.000 zu queerer Demonstration in Hamburg erwartet"},"content":{"rendered":"<p class=\"paragraph article__item\">Rund 250.000 Menschen werden heute (12.00 Uhr) in <a class=\"rtr-entity\" href=\"https:\/\/www.zeit.de\/thema\/hamburg\" rel=\"nofollow noopener\" target=\"_blank\">Hamburg<\/a> zu einer Demonstration zum Christopher Street Day erwartet. Nach dem islamistischen Anschlag auf eine \u00e4hnliche Veranstaltung in Berlin vor einer Woche hat die Hamburger Polizei angek\u00fcndigt, die Demonstration mit doppelt so vielen Beamten wie im vergangenen Jahr zu sch\u00fctzen.\u00a0\n<\/p>\n<p>Aktuelles<\/p>\n<p>                <a href=\"https:\/\/www.zeit.de\/gesellschaft\/zeitgeschehen\/2026-07\/technoparade-zug-der-liebe-berlin-absage-csd-anschlag-sicherheit-gxe\" data-ct-label=\"Technoparade \u00bbZug der Liebe\u00ab: \u00bbZug der Liebe\u00ab in Berlin nach Anschlag auf den CSD abgesagt\" data-uuid=\"70871645-2b81-4374-afd7-4ed443c98de9\" rel=\"nofollow noopener\" target=\"_blank\"><\/p>\n<p>                        Technoparade \u00bbZug der Liebe\u00ab:<br \/>\n                        \u00bbZug der Liebe\u00ab in Berlin nach Anschlag auf den CSD abgesagt<\/p>\n<p>                <\/a><\/p>\n<p>                <a href=\"https:\/\/www.zeit.de\/politik\/deutschland\/2026-07\/islamistischer-anschlag-berlin-csd-karin-prien-demokratie-leben-gxe\" data-ct-label=\"CSD-Anschlag in Berlin: Karin Prien stellt mehr Geld gegen Radikalisierung in Aussicht\" data-uuid=\"98c9d53a-f252-47b9-a60b-c6844adc4786\" rel=\"nofollow noopener\" target=\"_blank\"><\/p>\n<p>                        CSD-Anschlag in Berlin:<br \/>\n                        Karin Prien stellt mehr Geld gegen Radikalisierung in Aussicht<\/p>\n<p>                <\/a><\/p>\n<p>                <a href=\"https:\/\/www.zeit.de\/politik\/deutschland\/2026-07\/friedrich-merz-csd-berlin-angriff\" data-ct-label=\"Anschlag auf den Berliner CSD: Merz spricht von einem \u00bbAngriff auf unsere Gesellschaft\u00ab\" data-uuid=\"88e20c87-bfd8-4c92-b612-fab7016788b6\" rel=\"nofollow noopener\" target=\"_blank\"><\/p>\n<p>                        Anschlag auf den Berliner CSD:<br \/>\n                        Merz spricht von einem \u00bbAngriff auf unsere Gesellschaft\u00ab<\/p>\n<p>                <\/a><\/p>\n<p class=\"paragraph article__item\">In <a class=\"rtr-entity\" href=\"https:\/\/www.zeit.de\/thema\/berlin\" rel=\"nofollow noopener\" target=\"_blank\">Berlin<\/a> hatte der islamistische Attent\u00e4ter Abdul B. mit einem Auto mehrere Menschen angefahren und weitere vermutlich mit einer Machete attackiert. Eine Frau starb, 31 Menschen wurden verletzt. Der 21-J\u00e4hrige wurde am Sonntagabend von Polizisten erschossen.\n<\/p>\n<p>                        Mehr als 40 Lastwagen durch St. Georg            <\/p>\n<p class=\"paragraph article__item\">Der Verein Pride Week, der die <a class=\"rtr-entity\" href=\"https:\/\/www.zeit.de\/thema\/demonstration\" rel=\"nofollow noopener\" target=\"_blank\">Demonstration<\/a> in Hamburg veranstaltet, erkl\u00e4rte, man wolle sich durch den Anschlag nicht einsch\u00fcchtern lassen. Die queere Community wolle sich gegenseitig Kraft geben, sagte Vereinssprecher Manuel Opitz.\u00a0\n<\/p>\n<p class=\"paragraph article__item\">Prominente Unterst\u00fctzung bekommen die Veranstalter von SPD und Gr\u00fcnen. Ihre Teilnahme angek\u00fcndigt haben der Bundestagsfraktionschef Matthias Miersch, SPD-Generalsekret\u00e4r Tim Kl\u00fcssendorf und die fr\u00fchere Gr\u00fcnen-Chefin Ricarda Lang. Auch der Berliner CSD-Verein will mit einem eigenen Wagen dabei sein, auf dem die Teilnehmer dunkle Kleidung tragen.\u00a0\n<\/p>\n<p class=\"paragraph article__item\">Im Demonstrationszug, der durch den Stadtteil St. Georg zur Innenstadt f\u00fchrt, sollen mehr als 40 Lastwagen von Vereinen, Parteien, Unternehmen und Kirchengemeinden unterwegs sein. Das Motto lautet: \u00abSolidarisch <a class=\"rtr-entity\" href=\"https:\/\/www.zeit.de\/thema\/queerness\" rel=\"nofollow noopener\" target=\"_blank\">queer<\/a>. Haltung zeigen \u2013 f\u00fcr eine Zukunft ohne Angst!\u00bb\n<\/p>\n<p class=\"paragraph article__item\">\u00a9 dpa-infocom, dpa:260801-930-469363\/1<\/p>\n","protected":false},"excerpt":{"rendered":"Rund 250.000 Menschen werden heute (12.00 Uhr) in Hamburg zu einer Demonstration zum Christopher Street Day erwartet. Nach&hellip;\n","protected":false},"author":2,"featured_media":1207122,"comment_status":"","ping_status":"","sticky":false,"template":"","format":"standard","meta":{"footnotes":"","_share_on_mastodon":"0"},"categories":[1825],"tags":[296,507,29,30,692,251518,15,121,14037,10307],"class_list":["post-1207121","post","type-post","status-publish","format-standard","has-post-thumbnail","category-berlin","tag-berlin","tag-demonstration","tag-deutschland","tag-germany","tag-hamburg","tag-nach-anschlag-von-berlin","tag-news","tag-polizei","tag-queerness","tag-st-georg"],"share_on_mastodon":{"url":"https:\/\/pubeurope.com\/@de\/117017912708489393","error":""},"_links":{"self":[{"href":"https:\/\/www.europesays.com\/de\/wp-json\/wp\/v2\/posts\/1207121","targetHints":{"allow":["GET"]}}],"collection":[{"href":"https:\/\/www.europesays.com\/de\/wp-json\/wp\/v2\/posts"}],"about":[{"href":"https:\/\/www.europesays.com\/de\/wp-json\/wp\/v2\/types\/post"}],"author":[{"embeddable":true,"href":"https:\/\/www.europesays.com\/de\/wp-json\/wp\/v2\/users\/2"}],"replies":[{"embeddable":true,"href":"https:\/\/www.europesays.com\/de\/wp-json\/wp\/v2\/comments?post=1207121"}],"version-history":[{"count":0,"href":"https:\/\/www.europesays.com\/de\/wp-json\/wp\/v2\/posts\/1207121\/revisions"}],"wp:featuredmedia":[{"embeddable":true,"href":"https:\/\/www.europesays.com\/de\/wp-json\/wp\/v2\/media\/1207122"}],"wp:attachment":[{"href":"https:\/\/www.europesays.com\/de\/wp-json\/wp\/v2\/media?parent=1207121"}],"wp:term":[{"taxonomy":"category","embeddable":true,"href":"https:\/\/www.europesays.com\/de\/wp-json\/wp\/v2\/categories?post=1207121"},{"taxonomy":"post_tag","embeddable":true,"href":"https:\/\/www.europesays.com\/de\/wp-json\/wp\/v2\/tags?post=1207121"}],"curies":[{"name":"wp","href":"https:\/\/api.w.org\/{rel}","templated":true}]}}