{"id":1207396,"date":"2026-08-01T05:33:16","date_gmt":"2026-08-01T05:33:16","guid":{"rendered":"https:\/\/www.europesays.com\/de\/1207396\/"},"modified":"2026-08-01T05:33:16","modified_gmt":"2026-08-01T05:33:16","slug":"wasserkrise-vorerst-gestoppt-muenchen-beendet-verbote-das-haben-sie-gebracht","status":"publish","type":"post","link":"https:\/\/www.europesays.com\/de\/1207396\/","title":{"rendered":"Wasserkrise vorerst gestoppt? M\u00fcnchen beendet Verbote \u2013 das haben sie gebracht"},"content":{"rendered":"<p class=\"mb-6 text-xs-varying md:text-m lg:text-l font-serif group-[.font-sans]:font-sans \">\n    Die Stadt <a href=\"https:\/\/www.augsburger-allgemeine.de\/orte\/aa-muenchen\" target=\"_self\" class=\"underline \" rel=\"nofollow noopener\">M\u00fcnchen<\/a> wird ihre Vorschriften zum Wassersparen nicht \u00fcber den 1. August hinaus verl\u00e4ngern. Eine Einsch\u00e4tzung der Stadtwerke zeige, dass \u201edie Versorgungslage sich derzeit auf einem beherrschbaren Niveau bewegt\u201c, hei\u00dft es aus dem Rathaus. Man rechne auch damit, \u201edass der Wasserverbrauch mit Beginn der Sommerferien deutlich zur\u00fcckgeht\u201c. <a href=\"https:\/\/www.augsburger-allgemeine.de\/bayern\/billigflug-vor-schulpflicht-schule-schwaenzen-fuer-den-urlaub-ist-verantwortungslos-114878292\" target=\"_self\" class=\"underline \" rel=\"nofollow noopener\">An diesem Freitag ist letzter Schultag in Bayern<\/a>. Wie viel hat die Anweisung zum Wassersparen gebracht?\n  <\/p>\n<p class=\"mb-6 text-xs-varying md:text-m lg:text-l font-serif group-[.font-sans]:font-sans \">\n    Offensichtlich viel. Der t\u00e4gliche Wasserverbrauch in M\u00fcnchen sank <a href=\"https:\/\/www.augsburger-allgemeine.de\/bayern\/klimaforscher-zur-trockenheit-dass-muenchen-die-wassernutzung-einschraenkt-ist-eine-neue-eskalationsstufe-1-114770888\" target=\"_self\" class=\"underline \" rel=\"nofollow noopener\">seit der Allgemeinverf\u00fcgung vom 14. Juli<\/a> wieder auf einen \u201edurchschnittlichen Bereich um die 330 Millionen Liter pro Tag\u201c. Vorher waren es zeitweise mehr als 400 Millionen Liter t\u00e4glich gewesen. Wegen der <a href=\"https:\/\/www.augsburger-allgemeine.de\/schlagworte\/aa-wetter\" target=\"_self\" class=\"underline \" rel=\"nofollow noopener\">Hitze<\/a> und Trockenheit waren die Trink- und Grundwasserst\u00e4nde bedenklich gesunken. Aktuell ist es daher noch verboten, private Pools aufzuf\u00fcllen, <a href=\"https:\/\/www.ka-news.de\/auto\" target=\"_self\" class=\"underline \" rel=\"nofollow noopener\">Autos<\/a> d\u00fcrfen nur in Waschanlagen sauber gemacht und G\u00e4rten in der Zeit zwischen 9 und 19 Uhr nicht mehr mit Leitungswasser gegossen werden. Alle Anweisungen gelten auch f\u00fcrs M\u00fcnchner Umland. Allerdings hatten zwei B\u00fcrger gegen die Verf\u00fcgung geklagt.\n  <\/p>\n<p>            Anwohner klagten gegen die Wasser-Verbote in M\u00fcnchen<\/p>\n<p class=\"mb-6 text-xs-varying md:text-m lg:text-l font-serif group-[.font-sans]:font-sans \">\n    Ihnen war vor allem die Einschr\u00e4nkung f\u00fcr G\u00e4rten eine Pein, sie hielten die Verf\u00fcgung f\u00fcr unverh\u00e4ltnism\u00e4\u00dfig. Das Amtsgericht M\u00fcnchen hat am Mittwoch beide Eilantr\u00e4ge abgelehnt. Die st\u00e4dtischen Brunnen laufen derzeit reduziert oder gar nicht, Dutzende von ihnen sollen mit einer neuen Steuerung ausgestattet werden, durch die sie je nach Wasserlage auch vor\u00fcbergehend ab- und wieder angestellt werden k\u00f6nnen.\n  <\/p>\n<p class=\"mb-6 text-xs-varying md:text-m lg:text-l font-serif group-[.font-sans]:font-sans \">\n    Auch wenn die Wasserspar-Regeln ab August aufgehoben werden, hat Oberb\u00fcrgermeister Dominik Krause (Gr\u00fcne) eine dringende Bitte. \u201eDer sparsame Umgang mit Trinkwasser bleibt weiter wichtig, denn die hohen Temperaturen und die anhaltende Trockenheit stellen nach wie vor eine Belastung f\u00fcr unsere Wasserversorgung dar\u201c, betonte Krause. <a href=\"https:\/\/www.augsburger-allgemeine.de\/friedberg\/trockene-fluesse-in-aichach-friedberg-auch-weniger-sichtbare-tiere-verdienen-schutz-114856783\" target=\"_self\" class=\"underline \" rel=\"nofollow noopener\">Darunter leidet auch die Tierwelt<\/a>, erst diese Woche ging der Landesbund f\u00fcr Vogel- und Naturschutz (LBV) mit einer tragischen Meldung an die \u00d6ffentlichkeit. Weil das Grundwasser niedrig steht und Regen fehlt, sind B\u00e4che, Weiher und T\u00fcmpel ausgetrocknet \u2013 etwa der M\u00fcnchner H\u00fcllgraben \u00f6stlich der Isar. \u201eHunderte Fische, Amphibien und andere Wasserorganismen sind im ausgetrockneten Wasserlauf verendet.\u201c Nur ein kleiner Abschnitt des Bachs sei \u201edank eines Biberbaus noch ausreichend bef\u00fcllt\u201c.\n  <\/p>\n<p>    <img decoding=\"async\" src=\"https:\/\/www.europesays.com\/de\/wp-content\/uploads\/2026\/08\/foto-main-post-9534180.jpg\" alt=\"Ein Biberdamm rettete in M\u00fcnchen Amphibien das Leben.\" title=\"Ein Biberdamm rettete in M\u00fcnchen Amphibien das Leben.\" loading=\"lazy\" class=\"h-full w-full object-cover\"\/><\/p>\n<p>      Icon vergr\u00f6\u00dfern<\/p>\n<p>    Ein Biberdamm rettete in M\u00fcnchen Amphibien das Leben.<br \/>\n    Foto: Patrick Pleul, dpa<\/p>\n<p>        Schlie\u00dfen <\/p>\n<p>      Icon Schlie\u00dfen<\/p>\n<p>        Icon vergr\u00f6\u00dfern<\/p>\n<p>        Icon verkleinern<\/p>\n<p>      Icon Pfeil bewegen<\/p>\n<p>    Ein Biberdamm rettete in M\u00fcnchen Amphibien das Leben.<br \/>\n    Foto: Patrick Pleul, dpa<\/p>\n<p class=\"mb-6 text-xs-varying md:text-m lg:text-l font-serif group-[.font-sans]:font-sans \">\n    LBV-Gesch\u00e4ftsf\u00fchrer Heinz Sedlmeier h\u00e4tte eine L\u00f6sung: \u201eDie Entw\u00e4sserung der gro\u00dfen Moosgebiete Erdinger und Dachauer Moos f\u00fcr Landwirtschaft, Siedlungsbau und Infrastruktur sollte verringert oder am besten ganz gestoppt werden.\u201c Und M\u00fcnchen m\u00fcsse zu einer Schwammstadt werden. Eine solche zeichnet sich dadurch aus, <a href=\"https:\/\/www.augsburger-allgemeine.de\/bayern\/hochwasser-das-schwammstadt-prinzip-aufs-gruen-kommt-es-an-id71069581.html\" target=\"_self\" class=\"underline \" rel=\"nofollow noopener\">dass sie durch m\u00f6glichst viele unversiegelte Fl\u00e4chen und eine nachhaltige Planung viel Wasser speichert<\/a>.\n  <\/p>\n<p class=\"mb-6 text-xs-varying md:text-m lg:text-l font-serif group-[.font-sans]:font-sans \">\n    Bei der Stadtverwaltung geht man davon aus, dass die Wasserversorgung in Zukunft h\u00e4ufiger knapp sein wird. Weil anhaltende Trockenheit und Hitzeperioden zunehmen, arbeiten Expertinnen und Experten dort am nachhaltigen Umbau des Wassersystems. Und nat\u00fcrlich ist M\u00fcnchen mit seinem Problem nicht allein.\n  <\/p>\n<p>            Kommunen in Bayern arbeiten beim Trinkwasser zusammen<\/p>\n<p class=\"mb-6 text-xs-varying md:text-m lg:text-l font-serif group-[.font-sans]:font-sans \">\n    Den besten \u00dcberblick in Wasserfragen hat das Landesamt f\u00fcr Umwelt in Augsburg. Die \u00f6ffentliche Versorgung in <a href=\"https:\/\/augsburger-allgemeine.de\/bayern\/\" target=\"_self\" class=\"underline \" rel=\"nofollow noopener\">Bayern<\/a> erfolge zwar vorrangig aus ortsnahen Ressourcen, erkl\u00e4rt ein Sprecher auf Anfrage. Wo das nicht ausreicht, schlie\u00dfen sich St\u00e4dte und Regionen zu Wasserverb\u00fcnden zusammen. In den vergangenen Jahren seien daf\u00fcr mehr als 1100 Kilometer Wasserleitungen saniert und mehr als 400 Kilometer neue Verbundleitungen gebaut worden. Nicht nur in einer Hitzephase wie jetzt ruft der Sprecher dazu auf, mit Trinkwasser sorgsam umzugehen. Denn Trinkwasser sei nun einmal \u201edas Lebensmittel Nummer eins\u201c.\n  <\/p>\n","protected":false},"excerpt":{"rendered":"Die Stadt M\u00fcnchen wird ihre Vorschriften zum Wassersparen nicht \u00fcber den 1. August hinaus verl\u00e4ngern. Eine Einsch\u00e4tzung der&hellip;\n","protected":false},"author":2,"featured_media":1207397,"comment_status":"","ping_status":"","sticky":false,"template":"","format":"standard","meta":{"footnotes":"","_share_on_mastodon":"0"},"categories":[1827],"tags":[772,29,2177,598,30,11607,16857,1268,857,11557,127812,235620],"class_list":["post-1207396","post","type-post","status-publish","format-standard","has-post-thumbnail","category-muenchen","tag-bayern","tag-deutschland","tag-dominik-krause","tag-garten","tag-germany","tag-hitze","tag-lbv","tag-muenchen","tag-verbot","tag-wasserknappheit","tag-wasserkrise","tag-wassersparen"],"share_on_mastodon":{"url":"https:\/\/pubeurope.com\/@de\/117018625984952836","error":""},"_links":{"self":[{"href":"https:\/\/www.europesays.com\/de\/wp-json\/wp\/v2\/posts\/1207396","targetHints":{"allow":["GET"]}}],"collection":[{"href":"https:\/\/www.europesays.com\/de\/wp-json\/wp\/v2\/posts"}],"about":[{"href":"https:\/\/www.europesays.com\/de\/wp-json\/wp\/v2\/types\/post"}],"author":[{"embeddable":true,"href":"https:\/\/www.europesays.com\/de\/wp-json\/wp\/v2\/users\/2"}],"replies":[{"embeddable":true,"href":"https:\/\/www.europesays.com\/de\/wp-json\/wp\/v2\/comments?post=1207396"}],"version-history":[{"count":0,"href":"https:\/\/www.europesays.com\/de\/wp-json\/wp\/v2\/posts\/1207396\/revisions"}],"wp:featuredmedia":[{"embeddable":true,"href":"https:\/\/www.europesays.com\/de\/wp-json\/wp\/v2\/media\/1207397"}],"wp:attachment":[{"href":"https:\/\/www.europesays.com\/de\/wp-json\/wp\/v2\/media?parent=1207396"}],"wp:term":[{"taxonomy":"category","embeddable":true,"href":"https:\/\/www.europesays.com\/de\/wp-json\/wp\/v2\/categories?post=1207396"},{"taxonomy":"post_tag","embeddable":true,"href":"https:\/\/www.europesays.com\/de\/wp-json\/wp\/v2\/tags?post=1207396"}],"curies":[{"name":"wp","href":"https:\/\/api.w.org\/{rel}","templated":true}]}}