{"id":1207485,"date":"2026-08-01T06:31:19","date_gmt":"2026-08-01T06:31:19","guid":{"rendered":"https:\/\/www.europesays.com\/de\/1207485\/"},"modified":"2026-08-01T06:31:19","modified_gmt":"2026-08-01T06:31:19","slug":"selina-grotian-sorgt-sich-um-biathlon-zukunft-in-deutschland","status":"publish","type":"post","link":"https:\/\/www.europesays.com\/de\/1207485\/","title":{"rendered":"Selina Grotian sorgt sich um Biathlon-Zukunft in Deutschland"},"content":{"rendered":"<p>&#8222;Es wird immer grenzwertiger&#8220; <\/p>\n<p>Gro\u00dfe Sorge um Biathlon-Zukunft in Deutschland<\/p>\n<p>01.08.2026 &#8211; 08:21 UhrLesedauer: 2 Min.<\/p>\n<p><a href=\"#focus-0\" class=\"transition-colors block text-current relative\" data-sctrack=\"FocusGalleryImage.Reference\"><img fetchpriority=\"high\" data-testid=\"Opener.Image\"   loading=\"eager\" src=\"https:\/\/www.europesays.com\/de\/wp-content\/uploads\/2026\/08\/19-03-26-bmw-ibu-world-cup-biathlon-oslo-7-5km-sprint-women-2025-2026-season-selina-grotian-ger-in-t.jpeg\" alt=\"imago images 1074601730\" title=\"imago images 1074601730\" width=\"3886\" height=\"2186\" class=\"bg-[url:var(--lqipURL)] bg-cover bg-center flex h-full w-full max-w-full\" style=\"--lqipURL:url('https:\/\/images.t-online.de\/2026\/08\/TdsszCN1WPSw\/0x339:3886x2186\/fit-in\/150x0\/filters:blur(25)\/19-03-26-bmw-ibu-world-cup-biathlon-oslo-7-5km-sprint-women-2025-2026-season-selina-grotian-ger-in-the-finish-area-olso-holmenkollen-national-ski-arena-oslo-norway.jpg')\" decoding=\"async\"\/><img loading=\"lazy\" src=\"https:\/\/www.t-online.de\/s\/paper\/_next\/static\/media\/zoom-in.f7dae02f.svg\" alt=\"Vergr\u00f6\u00dfern des Bildes\" title=\"Vergr\u00f6\u00dfern des Bildes\" class=\"block h-[calc(var(--height)_\/_16_*_1rem)] w-[calc(var(--width)_\/_16_*_1rem)] max-w-none absolute right-8 bottom-8 rounded-4 bg-snow p-8\" style=\"--width:32;--height:32\" decoding=\"async\"\/><\/a><\/p>\n<p>Selina Grotian: Die Biathletin tritt seit 2023 im Weltcup an. (Quelle: IMAGO\/Gabor Baumgarten\/imago)<\/p>\n<p><img loading=\"lazy\" src=\"https:\/\/www.t-online.de\/s\/paper\/_next\/static\/media\/audio-volume.6689034c.svg\" alt=\"\" title=\"\" class=\"block h-[calc(var(--height)_\/_16_*_1rem)] w-[calc(var(--width)_\/_16_*_1rem)] max-w-none group-hover:brightness-0 group-hover:invert\" style=\"--width:16;--height:16\" decoding=\"async\"\/>Vorlesen<\/p>\n<p>Aktuelle Zeit:0:00Gesamtdauer:0:00<\/p>\n<p>1x<\/p>\n<p class=\"text-center\">Jetzt neu bei t-online:<\/p>\n<p class=\"text-center\">Schriftgr\u00f6\u00dfe anpassen!<\/p>\n<p><img loading=\"lazy\" src=\"https:\/\/www.t-online.de\/s\/paper\/_next\/static\/media\/font-sizes.32942e33.svg\" alt=\"\" title=\"\" class=\"block h-[calc(var(--height)_\/_16_*_1rem)] w-[calc(var(--width)_\/_16_*_1rem)] max-w-none group-hover:hidden group-aria-expanded:hidden\" style=\"--width:16;--height:16\" decoding=\"async\"\/><img loading=\"lazy\" src=\"https:\/\/www.t-online.de\/s\/paper\/_next\/static\/media\/font-sizes-dark-mode.e382645c.svg\" alt=\"\" title=\"\" class=\"block h-[calc(var(--height)_\/_16_*_1rem)] w-[calc(var(--width)_\/_16_*_1rem)] max-w-none hidden group-hover:block group-aria-expanded:block\" style=\"--width:16;--height:16\" decoding=\"async\"\/><img loading=\"lazy\" src=\"https:\/\/www.t-online.de\/s\/paper\/_next\/static\/media\/sharing-menu-icon.1eb71368.svg\" alt=\"\" title=\"\" class=\"block h-[calc(var(--height)_\/_16_*_1rem)] w-[calc(var(--width)_\/_16_*_1rem)] max-w-none group-hover:brightness-0 group-hover:invert\" style=\"--width:16;--height:16\" decoding=\"async\"\/>Artikel teilen<\/p>\n<p class=\"font-bold text-18 leading-17 user-text-lg:text-22 user-text-xl:text-24\">Biathletin Selina Grotian sieht ein wachsendes Problem f\u00fcr ihren Sport. Der Kalender reagiert bereits darauf.<\/p>\n<p class=\"text-18 leading-17 user-text-lg:text-22 user-text-xl:text-24\">Die deutsche Biathletin <a href=\"https:\/\/www.t-online.de\/themen\/selina-grotian\/\" class=\"transition-colors cursor-pointer no-underline md:hover:text-magenta md:focus:text-magenta border-b border-solid border-current text-salemsfur md:hover:border-magenta\" data-tracking=\"{&quot;action&quot;:&quot;click&quot;,&quot;category&quot;:&quot;intextLink&quot;,&quot;label&quot;:&quot;\/themen\/selina-grotian\/&quot;}\" data-sctrack=\"BodyAnchor\" rel=\"nofollow noopener\" target=\"_blank\">Selina Grotian<\/a> sieht den <a href=\"https:\/\/www.t-online.de\/themen\/klimawandel\/\" class=\"transition-colors cursor-pointer no-underline md:hover:text-magenta md:focus:text-magenta border-b border-solid border-current text-salemsfur md:hover:border-magenta\" data-tracking=\"{&quot;action&quot;:&quot;click&quot;,&quot;category&quot;:&quot;intextLink&quot;,&quot;label&quot;:&quot;\/themen\/klimawandel\/&quot;}\" data-sctrack=\"BodyAnchor\" rel=\"nofollow noopener\" target=\"_blank\">Klimawandel<\/a> als wachsende Bedrohung f\u00fcr ihren Sport. Im Sport1-Interview spricht die 22-J\u00e4hrige \u00fcber Schneemangel in Deutschland \u2013 und dessen Folgen f\u00fcr den Nachwuchs.<\/p>\n<p class=\"text-18 leading-17 user-text-lg:text-22 user-text-xl:text-24\">&#8222;Es wird sich in den n\u00e4chsten Jahren einiges \u00e4ndern. Man hat es jetzt schon gesehen \u2013 es gibt viele Roller-Events. Es wird einfach sehr schwierig werden, immer mehr in Deutschland durchzuf\u00fchren&#8220;, sagte sie. Besonders die deutschen Weltcup-Standorte bereiten ihr Sorgen: &#8222;Wir hatten jetzt immer Gl\u00fcck mit dem Schnee in <a href=\"https:\/\/www.t-online.de\/themen\/oberhof\/\" class=\"transition-colors cursor-pointer no-underline md:hover:text-magenta md:focus:text-magenta border-b border-solid border-current text-salemsfur md:hover:border-magenta\" data-tracking=\"{&quot;action&quot;:&quot;click&quot;,&quot;category&quot;:&quot;intextLink&quot;,&quot;label&quot;:&quot;\/themen\/oberhof\/&quot;}\" data-sctrack=\"BodyAnchor\" rel=\"nofollow noopener\" target=\"_blank\">Oberhof<\/a> und Ruhpolding, aber man merkt schon: Es wird immer grenzwertiger, immer schwieriger, dass die guten Bedingungen bleiben und auch bis zum Schluss gut bleiben.&#8220;<\/p>\n<p>Oberhof ist kommende Saison erst sp\u00e4ter dran<\/p>\n<p class=\"text-18 leading-17 user-text-lg:text-22 user-text-xl:text-24\">Die Schwierigkeiten betr\u00e4fen nicht nur Deutschland \u2013 &#8222;das ist \u00fcberall auf der Welt so&#8220;. Sie wirken sich laut Grotian zudem auf die Nachwuchsf\u00f6rderung im eigenen Land aus. &#8222;Ich glaube, dass wir einfach nicht die Breite haben. In Skandinavien ist es gang und g\u00e4be, dass man von klein auf auf Skier gestellt wird&#8220;, beobachtete die Biathletin. &#8222;Und das ist bei uns einfach sehr schwierig \u2013 jetzt auch klimam\u00e4\u00dfig. Der Schnee ist einfach nicht so da wie fr\u00fcher. Wir haben einfach nicht so die Breite, um viele Leute zum Sport motivieren zu k\u00f6nnen.&#8220;<\/p>\n<p class=\"text-18 leading-17 user-text-lg:text-22 user-text-xl:text-24\">Der Biathlon-Winter startet am 26. November im finnischen Kontiolahti. Ruhpolding bleibt unmittelbar nach dem Jahreswechsel im Kalender \u2013 vom 6. bis 10. Januar. Oberhof r\u00fcckt auf Anfang M\u00e4rz (4. bis 7. M\u00e4rz). Die Veranstalter erhoffen sich durch die Verlegung bessere Wetterbedingungen im Th\u00fcringer Wald. Die erste Januarwoche hatte zuletzt wiederholt Probleme bereitet.<\/p>\n","protected":false},"excerpt":{"rendered":"&#8222;Es wird immer grenzwertiger&#8220; Gro\u00dfe Sorge um Biathlon-Zukunft in Deutschland 01.08.2026 &#8211; 08:21 UhrLesedauer: 2 Min. Selina Grotian:&hellip;\n","protected":false},"author":2,"featured_media":1207486,"comment_status":"","ping_status":"","sticky":false,"template":"","format":"standard","meta":{"footnotes":"","_share_on_mastodon":"0"},"categories":[2],"tags":[722,17161,331,3924,332,3922,862,3364,29,30,13,14,3923,15,3921,164650,12,145282,62497],"class_list":["post-1207485","post","type-post","status-publish","format-standard","has-post-thumbnail","category-deutschland","tag-722","tag-17161","tag-aktuelle-nachrichten","tag-aktuelle-nachrichten-aus-deutschland","tag-aktuelle-news","tag-aktuelle-news-aus-deutschland","tag-biathlon","tag-de","tag-deutschland","tag-germany","tag-headlines","tag-nachrichten","tag-nachrichten-aus-deutschland","tag-news","tag-news-aus-deutschland","tag-ruhpolding","tag-schlagzeilen","tag-selina-grotian","tag-weltcup"],"share_on_mastodon":{"url":"https:\/\/pubeurope.com\/@de\/117018855138122037","error":""},"_links":{"self":[{"href":"https:\/\/www.europesays.com\/de\/wp-json\/wp\/v2\/posts\/1207485","targetHints":{"allow":["GET"]}}],"collection":[{"href":"https:\/\/www.europesays.com\/de\/wp-json\/wp\/v2\/posts"}],"about":[{"href":"https:\/\/www.europesays.com\/de\/wp-json\/wp\/v2\/types\/post"}],"author":[{"embeddable":true,"href":"https:\/\/www.europesays.com\/de\/wp-json\/wp\/v2\/users\/2"}],"replies":[{"embeddable":true,"href":"https:\/\/www.europesays.com\/de\/wp-json\/wp\/v2\/comments?post=1207485"}],"version-history":[{"count":0,"href":"https:\/\/www.europesays.com\/de\/wp-json\/wp\/v2\/posts\/1207485\/revisions"}],"wp:featuredmedia":[{"embeddable":true,"href":"https:\/\/www.europesays.com\/de\/wp-json\/wp\/v2\/media\/1207486"}],"wp:attachment":[{"href":"https:\/\/www.europesays.com\/de\/wp-json\/wp\/v2\/media?parent=1207485"}],"wp:term":[{"taxonomy":"category","embeddable":true,"href":"https:\/\/www.europesays.com\/de\/wp-json\/wp\/v2\/categories?post=1207485"},{"taxonomy":"post_tag","embeddable":true,"href":"https:\/\/www.europesays.com\/de\/wp-json\/wp\/v2\/tags?post=1207485"}],"curies":[{"name":"wp","href":"https:\/\/api.w.org\/{rel}","templated":true}]}}