{"id":1207514,"date":"2026-08-01T06:53:22","date_gmt":"2026-08-01T06:53:22","guid":{"rendered":"https:\/\/www.europesays.com\/de\/1207514\/"},"modified":"2026-08-01T06:53:22","modified_gmt":"2026-08-01T06:53:22","slug":"dortmunds-erster-fussballverein-anwalt-spielte-unter-falschem-namen","status":"publish","type":"post","link":"https:\/\/www.europesays.com\/de\/1207514\/","title":{"rendered":"Dortmunds erster Fu\u00dfballverein: Anwalt spielte unter falschem Namen"},"content":{"rendered":"<p>\t\tDortmunds erster Fu\u00dfballverein<br \/>\n\t\t\t\t\tStadtbekannter Anwalt spielte unter falschem Namen<\/p>\n<p>\t\t<img alt=\"\" src=\"https:\/\/www.europesays.com\/de\/wp-content\/uploads\/2025\/06\/630_0036_567261_.jpg\"  class=\"avatar avatar-36 photo avatar-default\" height=\"36\" width=\"36\" loading=\"eager\" decoding=\"async\"\/>\t\t<a class=\"article-author__name\" href=\"https:\/\/www.ruhrnachrichten.de\/author\/timo-janisch\/\" rel=\"author nofollow noopener\" target=\"_blank\">Timo Janisch<\/a><br \/>\n\t\tstellv. Redaktionsleiter<\/p>\n<p>    <a href=\"https:\/\/www.ruhrnachrichten.de\/wp-content\/uploads\/2026\/07\/31\/10\/630_0900_6535160_-1624x824.jpg\" rel=\"nofollow noopener\" target=\"_blank\"><\/p>\n<p>            <img loading=\"lazy\" decoding=\"async\" src=\"https:\/\/www.europesays.com\/de\/wp-content\/uploads\/2026\/08\/630_0900_6535156_-640x426.jpg\" width=\"640\" height=\"426\"  alt=\"Ein schwarz-wei\u00df-Foto von Julius Kaessmann vor dem Hintergrund der heutigen Petri-Grundschule.\"\/><\/p>\n<p>    <\/a><br \/>\n    Dr. Julius Kaessmann war ein stadtbekannter Anwalt, bekam sogar das Bundesverdienstkreuz verliehen. Und er geh\u00f6rte zu einer Generation Dortmunder Fu\u00dfballer, die teilweise unter falschem Namen spielte. Die ersten Spiele fanden auf dem Schulhof des Realgymnasiums statt, an dessen damaligen Standort heute die Petri-Grundschule steht. \u00a9 Montage KI (Fotos: Janisch, Kaesmann)<\/p>\n<p class=\"article__teaser-text\">Heimlich spielende Sch\u00fcler gr\u00fcnden Dortmunds ersten Fu\u00dfballverein. Zuhause setzte es teilweise Pr\u00fcgel, wenn die Pioniere als Fu\u00dfballer enttarnt wurden.<\/p>\n<p>7 Min Lesezeit<\/p>\n<p>Deckname \u201eCaesar\u201c\u201eDer Fu\u00dfball hatte es schwer\u201cDortmunder FC 95 ist der erste Fu\u00dfballverein der StadtPionierverein im Ruhrgebietsfu\u00dfballDFC 95 war schnell wieder GeschichteDFC 95 \u201ezusammengew\u00fcrfelt\u201cAngesehener Strafverteidiger<\/p>\n","protected":false},"excerpt":{"rendered":"Dortmunds erster Fu\u00dfballverein Stadtbekannter Anwalt spielte unter falschem Namen Timo Janisch stellv. Redaktionsleiter Dr. Julius Kaessmann war ein&hellip;\n","protected":false},"author":2,"featured_media":1207515,"comment_status":"","ping_status":"","sticky":false,"template":"","format":"standard","meta":{"footnotes":"","_share_on_mastodon":"0"},"categories":[1833],"tags":[5580,3364,29,217,21907,30,1209],"class_list":["post-1207514","post","type-post","status-publish","format-standard","has-post-thumbnail","category-dortmund","tag-amateurfussball","tag-de","tag-deutschland","tag-dortmund","tag-extra","tag-germany","tag-nordrhein-westfalen"],"share_on_mastodon":{"url":"https:\/\/pubeurope.com\/@de\/117018940441702033","error":""},"_links":{"self":[{"href":"https:\/\/www.europesays.com\/de\/wp-json\/wp\/v2\/posts\/1207514","targetHints":{"allow":["GET"]}}],"collection":[{"href":"https:\/\/www.europesays.com\/de\/wp-json\/wp\/v2\/posts"}],"about":[{"href":"https:\/\/www.europesays.com\/de\/wp-json\/wp\/v2\/types\/post"}],"author":[{"embeddable":true,"href":"https:\/\/www.europesays.com\/de\/wp-json\/wp\/v2\/users\/2"}],"replies":[{"embeddable":true,"href":"https:\/\/www.europesays.com\/de\/wp-json\/wp\/v2\/comments?post=1207514"}],"version-history":[{"count":0,"href":"https:\/\/www.europesays.com\/de\/wp-json\/wp\/v2\/posts\/1207514\/revisions"}],"wp:featuredmedia":[{"embeddable":true,"href":"https:\/\/www.europesays.com\/de\/wp-json\/wp\/v2\/media\/1207515"}],"wp:attachment":[{"href":"https:\/\/www.europesays.com\/de\/wp-json\/wp\/v2\/media?parent=1207514"}],"wp:term":[{"taxonomy":"category","embeddable":true,"href":"https:\/\/www.europesays.com\/de\/wp-json\/wp\/v2\/categories?post=1207514"},{"taxonomy":"post_tag","embeddable":true,"href":"https:\/\/www.europesays.com\/de\/wp-json\/wp\/v2\/tags?post=1207514"}],"curies":[{"name":"wp","href":"https:\/\/api.w.org\/{rel}","templated":true}]}}