{"id":1207525,"date":"2026-08-01T06:59:16","date_gmt":"2026-08-01T06:59:16","guid":{"rendered":"https:\/\/www.europesays.com\/de\/1207525\/"},"modified":"2026-08-01T06:59:16","modified_gmt":"2026-08-01T06:59:16","slug":"vfb-stuttgart-gegen-paris-fc-heute-im-tv-wer-uebertraegt-das-testspiel-fussball","status":"publish","type":"post","link":"https:\/\/www.europesays.com\/de\/1207525\/","title":{"rendered":"VfB Stuttgart gegen Paris FC heute im TV: Wer \u00fcbertr\u00e4gt das Testspiel? | Fu\u00dfball"},"content":{"rendered":"<p><b>Der <\/b><a href=\"https:\/\/sportbild.bild.de\/bundesliga\/vereine\/vfb-stuttgart\/home-33283922.sport.html\" class=\"text-link\" rel=\"nofollow noopener\" target=\"_blank\"><b>VfB Stuttgart<\/b><\/a><b> steigert in der Saisonvorbereitung Schritt f\u00fcr Schritt den Schwierigkeitsgrad. SPORT BILD hat alle Infos zum Spiel f\u00fcr Sie. <\/b><\/p>\n<p>Nach den Erfolgen gegen Balingen (7:0), Hollenbach (5:0) und Offenbach (8:1) trifft das Team von Sebastian Hoene\u00df am heutigen Samstag um 15 Uhr erstmals auf einen internationalen Erstligisten. Gegner ist der Paris FC, der nach seinem Aufstieg inzwischen in der Ligue 1 etabliert ist.<\/p>\n<p>Mit dem Hauptstadtklub reisen zudem einige prominente Namen nach Stuttgart. Ex-Nationaltorwart Kevin Trapp, St\u00fcrmer Ciro Immobile und Sportdirektor Marco Neppe wollen den Schwaben einen echten H\u00e4rtetest liefern. Zudem ist Paris FC der ehemalige Ausbildungsverein des fr\u00fcheren VfB-Profis Silas.<\/p>\n<p>Hoene\u00df erwartet deshalb einen deutlich anspruchsvolleren Vergleich. \u201eUns wird am Samstag eine andere Gegnerst\u00e4rke erwarten. Genau solch eine Steigerung ist in einer Vorbereitung sinnvoll, wir freuen uns auf diesen Vergleich mit einem internationalen Gegner.\u201c<\/p>\n<p>So sehen Sie Stuttgart \u2013 Paris FC live<\/p>\n<p>Anpfiff ist am Samstag, 1. August, um 15 Uhr. Eine TV-\u00dcbertragung bei Sky, DAZN oder im Free-TV gibt es nicht. Der VfB Stuttgart zeigt die Partie stattdessen kostenlos im Livestream bei VfB-TV. Die \u00dcbertragung beginnt bereits um 14.45 Uhr.<\/p>\n<p>Mehr zum ThemaErster echter H\u00e4rtetest f\u00fcr den VfB<\/p>\n<p>Eigentlich sollte die Partie als Benefizspiel in Weinstadt stattfinden. Wegen des trockenen Rasens wurde das Testspiel jedoch kurzfristig auf den VfB-Trainingsplatz M1 an der Mercedesstra\u00dfe verlegt. Die Begegnung ist bereits ausverkauft. Das Benefizspiel soll zu einem sp\u00e4teren Zeitpunkt nachgeholt werden.<\/p>\n<p>F\u00fcr den VfB ist das Duell ein weiterer wichtiger Schritt auf dem Weg zum Pflichtspielstart. Bereits am Montag reist der Bundesliga-Pokalsieger ins Trainingslager nach Grassau am Chiemsee, ehe weitere Tests gegen den FC Everton und den FC Fulham folgen. <\/p>\n<p>Ernst wird es am 21. August im DFB-Pokal bei Hansa Rostock, eine Woche sp\u00e4ter startet Stuttgart beim <a href=\"https:\/\/sportbild.bild.de\/bundesliga\/vereine\/bayern-muenchen\/home-33283572.sport.html\" class=\"text-link\" rel=\"nofollow noopener\" target=\"_blank\">FC Bayern<\/a> in die Bundesliga-Saison.<\/p>\n","protected":false},"excerpt":{"rendered":"Der VfB Stuttgart steigert in der Saisonvorbereitung Schritt f\u00fcr Schritt den Schwierigkeitsgrad. SPORT BILD hat alle Infos zum&hellip;\n","protected":false},"author":2,"featured_media":1207526,"comment_status":"","ping_status":"","sticky":false,"template":"","format":"standard","meta":{"footnotes":"","_share_on_mastodon":"0"},"categories":[1830],"tags":[1634,3364,29,538,347,30,3861,4445,5426,4222,1441,11460,11092,2915],"class_list":["post-1207525","post","type-post","status-publish","format-standard","has-post-thumbnail","category-stuttgart","tag-baden-wuerttemberg","tag-de","tag-deutschland","tag-erste-bundesliga","tag-fussball","tag-germany","tag-hoeness-sebastian","tag-ligue-1","tag-live-ticker","tag-sky","tag-stuttgart","tag-testspiel","tag-trapp-kevin","tag-vfb-stuttgart"],"share_on_mastodon":{"url":"https:\/\/pubeurope.com\/@de\/117018962414197534","error":""},"_links":{"self":[{"href":"https:\/\/www.europesays.com\/de\/wp-json\/wp\/v2\/posts\/1207525","targetHints":{"allow":["GET"]}}],"collection":[{"href":"https:\/\/www.europesays.com\/de\/wp-json\/wp\/v2\/posts"}],"about":[{"href":"https:\/\/www.europesays.com\/de\/wp-json\/wp\/v2\/types\/post"}],"author":[{"embeddable":true,"href":"https:\/\/www.europesays.com\/de\/wp-json\/wp\/v2\/users\/2"}],"replies":[{"embeddable":true,"href":"https:\/\/www.europesays.com\/de\/wp-json\/wp\/v2\/comments?post=1207525"}],"version-history":[{"count":0,"href":"https:\/\/www.europesays.com\/de\/wp-json\/wp\/v2\/posts\/1207525\/revisions"}],"wp:featuredmedia":[{"embeddable":true,"href":"https:\/\/www.europesays.com\/de\/wp-json\/wp\/v2\/media\/1207526"}],"wp:attachment":[{"href":"https:\/\/www.europesays.com\/de\/wp-json\/wp\/v2\/media?parent=1207525"}],"wp:term":[{"taxonomy":"category","embeddable":true,"href":"https:\/\/www.europesays.com\/de\/wp-json\/wp\/v2\/categories?post=1207525"},{"taxonomy":"post_tag","embeddable":true,"href":"https:\/\/www.europesays.com\/de\/wp-json\/wp\/v2\/tags?post=1207525"}],"curies":[{"name":"wp","href":"https:\/\/api.w.org\/{rel}","templated":true}]}}