{"id":1207599,"date":"2026-08-01T07:40:19","date_gmt":"2026-08-01T07:40:19","guid":{"rendered":"https:\/\/www.europesays.com\/de\/1207599\/"},"modified":"2026-08-01T07:40:19","modified_gmt":"2026-08-01T07:40:19","slug":"karlsruhe-events-am-1-august-wochenende-thai-food-kaiserpassage-hoffest-kamuna-2","status":"publish","type":"post","link":"https:\/\/www.europesays.com\/de\/1207599\/","title":{"rendered":"Karlsruhe Events am 1. August-Wochenende: Thai-Food, Kaiserpassage-Hoffest, Kamuna"},"content":{"rendered":"<p class=\"mb-6 text-xs-varying md:text-m lg:text-l font-serif group-[.font-sans]:font-sans \">\n    <a href=\"https:\/\/www.ka-news.de\/karlsruhe\/freizeit-und-veranstaltungen\/flohmarkt-karlsruhe-2026-alle-wichtigen-termine-fuer-troedelfans-im-ueberblick-11-113083284\" target=\"_self\" class=\"underline \" rel=\"nofollow noopener\">Stadtflohmarkt<\/a>, Feste und vieles mehr: Am Wochenende ist einiges los, aber welche Events sind die hei\u00dfesten in <a href=\"https:\/\/www.ka-news.de\/karlsruhe\" target=\"_self\" class=\"underline \" rel=\"nofollow noopener\">Karlsruhe<\/a>? Von Futtern bis Feiern: hier kommt die ka-news \u00dcbersicht von Freitag bis Sonntag.\n  <\/p>\n<p>            31. Juli bis 2. August: Thai-Food-Festival<\/p>\n<p class=\"mb-6 text-xs-varying md:text-m lg:text-l font-serif group-[.font-sans]:font-sans \">\n    Der Messplatz Karlsruhe\u00a0wird zum Thai-Hotspot: Authentisches Streetfood, frische Waren und Asien-Spezialit\u00e4ten direkt auf die Hand. Dazu gibt es Livemusik und Showeinlagen.\n  <\/p>\n<ul rel=\"\" class=\"[&amp;&gt;li]:relative list-none  [&amp;&gt;li]:pl-[1.2em] [&amp;&gt;li]:marker:text-[0] [&amp;&gt;li]:relative [&amp;&gt;li]:before:absolute [&amp;&gt;li]:before:w-3 [&amp;&gt;li]:before:h-3 [&amp;&gt;li]:before:bg-brand [&amp;&gt;li]:before:left-0 [&amp;&gt;li]:before:rounded-full [&amp;&gt;li]:before:top-[8px] md:[&amp;&gt;li]:before:top-[9px] lg:[&amp;&gt;li]:before:top-[11px]  my-5\">\n<li class=\" mb-3 text-xs-varying md:text-m lg:text-l\">Wann: Freitag ab 13 Uhr, Samstag und Sonntag ab 10 Uhr<\/li>\n<li class=\" mb-3 text-xs-varying md:text-m lg:text-l\">Wo: Messplatz Karlsruhe<\/li>\n<li class=\" mb-3 text-xs-varying md:text-m lg:text-l\">Haltestelle: Tullastra\u00dfe<\/li>\n<li class=\" mb-3 text-xs-varying md:text-m lg:text-l\">Eintritt frei<\/li>\n<\/ul>\n<p>    <img decoding=\"async\" src=\"https:\/\/images.mgpd.de\/img\/110703209\/crop\/c16_9-w100\/496107918\/156330180\/img6264.jpg\" alt=\"Das Thai Food Festival auf dem Karlsruher Messplatz in ein buntes Schlemmerparadies.\" title=\"Das Thai Food Festival auf dem Karlsruher Messplatz in ein buntes Schlemmerparadies.\" loading=\"lazy\" class=\"h-full w-full object-cover\"\/><\/p>\n<p>      Icon vergr\u00f6\u00dfern<\/p>\n<p>    Das Thai Food Festival auf dem Karlsruher Messplatz in ein buntes Schlemmerparadies.<br \/>\n    Foto: Thomas Riedel (Archivbild)<\/p>\n<p>        Schlie\u00dfen <\/p>\n<p>      Icon Schlie\u00dfen<\/p>\n<p>        Icon vergr\u00f6\u00dfern<\/p>\n<p>        Icon verkleinern<\/p>\n<p>      Icon Pfeil bewegen<\/p>\n<p>    Das Thai Food Festival auf dem Karlsruher Messplatz in ein buntes Schlemmerparadies.<br \/>\n    Foto: Thomas Riedel (Archivbild)<\/p>\n<p>            31. Juli bis und 1. August: Kaiserpassage-Hoffest<\/p>\n<p class=\"mb-6 text-xs-varying md:text-m lg:text-l font-serif group-[.font-sans]:font-sans \">\n    <a href=\"https:\/\/www.ka-news.de\/karlsruhe\/freizeit-und-veranstaltungen\/kaiser-passage-hoffest-2026-in-karlsruhe-alle-informationen-zu-termin-und-programm-14-114763441\" target=\"_self\" class=\"underline \" rel=\"nofollow noopener\">Das\u00a0Kaiser\u2011Passage\u2011Hoffest 2026<\/a>\u00a0bringt von Freitag, 31. Juli, bis Samstag, 1. August\u00a0wieder Leben in die Karlsruher Innenstadt. Neu ist der\u00a0Freitag als DJ-Abend: Mit\u00a0DJane Viktoria Secrets,\u00a0After\u2011Work\u2011Party\u00a0und sp\u00e4terem\u00a0After-Show-Programm im <a href=\"https:\/\/www.ka-news.de\/karlsruhe\/freizeit-und-veranstaltungen\/elfino-club-eroeffnet-in-karlsruhe-neue-ideen-gegen-das-clubsterben-8-12-25-112934701\" target=\"_self\" class=\"underline \" rel=\"nofollow noopener\">Club Elfino.<\/a>\n  <\/p>\n<ul rel=\"\" class=\"[&amp;&gt;li]:relative list-none  [&amp;&gt;li]:pl-[1.2em] [&amp;&gt;li]:marker:text-[0] [&amp;&gt;li]:relative [&amp;&gt;li]:before:absolute [&amp;&gt;li]:before:w-3 [&amp;&gt;li]:before:h-3 [&amp;&gt;li]:before:bg-brand [&amp;&gt;li]:before:left-0 [&amp;&gt;li]:before:rounded-full [&amp;&gt;li]:before:top-[8px] md:[&amp;&gt;li]:before:top-[9px] lg:[&amp;&gt;li]:before:top-[11px]  my-5\">\n<li class=\" mb-3 text-xs-varying md:text-m lg:text-l\">Wann: Freitag ab 17 Uhr, Samstag ab 15 Uhr<\/li>\n<li class=\" mb-3 text-xs-varying md:text-m lg:text-l\">Wo: Kaiserpassage Karlsruhe<\/li>\n<li class=\" mb-3 text-xs-varying md:text-m lg:text-l\">Haltestelle: Europaplatz oder Marktplatz<\/li>\n<li class=\" mb-3 text-xs-varying md:text-m lg:text-l\">Eintritt frei, Spenden willkommen<\/li>\n<\/ul>\n<p>    <img decoding=\"async\" src=\"https:\/\/images.mgpd.de\/img\/110545799\/crop\/c16_9-w100\/219299540\/509565221\/img2753.jpg\" alt=\"Das Kaiser-Passage-Hoffest 2025\" title=\"Das Kaiser-Passage-Hoffest 2025\" loading=\"lazy\" class=\"h-full w-full object-cover\"\/><\/p>\n<p>      Icon vergr\u00f6\u00dfern<\/p>\n<p>    Das Kaiser-Passage-Hoffest 2025<br \/>\n    Foto: Thomas Riedel (Archivbild)<\/p>\n<p>        Schlie\u00dfen <\/p>\n<p>      Icon Schlie\u00dfen<\/p>\n<p>        Icon vergr\u00f6\u00dfern<\/p>\n<p>        Icon verkleinern<\/p>\n<p>      Icon Pfeil bewegen<\/p>\n<p>    Das Kaiser-Passage-Hoffest 2025<br \/>\n    Foto: Thomas Riedel (Archivbild)<\/p>\n<p>            Samstag, 1. August: KAMUNA<\/p>\n<p class=\"mb-6 text-xs-varying md:text-m lg:text-l font-serif group-[.font-sans]:font-sans \">\n    Einmal Eintritt, mehrfach staunen: Karlsruhe wird am\u00a0Samstag, 1. August 2026, wieder zur gro\u00dfen B\u00fchne f\u00fcr Kulturfans: Dann steigt\u00a0die\u00a027. <strong class=\"font-bold\">Karlsruher Museumsnacht<\/strong>, kurz Kamuna. Mit dabei ist auch das\u00a0Staatliche Museum f\u00fcr Naturkunde Karlsruhe und das ZKM.\n  <\/p>\n<ul rel=\"\" class=\"[&amp;&gt;li]:relative list-none  [&amp;&gt;li]:pl-[1.2em] [&amp;&gt;li]:marker:text-[0] [&amp;&gt;li]:relative [&amp;&gt;li]:before:absolute [&amp;&gt;li]:before:w-3 [&amp;&gt;li]:before:h-3 [&amp;&gt;li]:before:bg-brand [&amp;&gt;li]:before:left-0 [&amp;&gt;li]:before:rounded-full [&amp;&gt;li]:before:top-[8px] md:[&amp;&gt;li]:before:top-[9px] lg:[&amp;&gt;li]:before:top-[11px]  my-5\">\n<li class=\" mb-3 text-xs-varying md:text-m lg:text-l\">Wann: 18 bis 23 Uhr<\/li>\n<li class=\" mb-3 text-xs-varying md:text-m lg:text-l\">Wo: In allen teilnehmenden Museen<\/li>\n<li class=\" mb-3 text-xs-varying md:text-m lg:text-l\"><a href=\"https:\/\/ka-news.reservix.de\/tickets-kamuna-karlsruher-museumsnacht-museumsnacht-2026-in-karlsruhe-kamuna-am-1-8-2026\/e2579665\" rel=\"nofollow noopener\" target=\"_blank\" class=\"underline \">Tickets: 10 Euro online<\/a> 12 Euro\u00a0an der\u00a0Abendkasse\u00a0(Erwachsene ab 18)<\/li>\n<li class=\" mb-3 text-xs-varying md:text-m lg:text-l\">Weitere Infos: <a href=\"https:\/\/www.kamuna.de\/\" rel=\"nofollow noopener\" target=\"_blank\" class=\"underline \">www.kamuna.de<\/a><\/li>\n<\/ul>\n<p>    <img decoding=\"async\" src=\"https:\/\/images.mgpd.de\/img\/109465983\/crop\/c16_9-w100\/255963629\/76574942\/foto-ka-news-2455212.jpg\" alt=\"Kamuna Archivbild\" title=\"Kamuna Archivbild\" loading=\"lazy\" class=\"h-full w-full object-cover\"\/><\/p>\n<p>      Icon vergr\u00f6\u00dfern<\/p>\n<p>    Kamuna Archivbild<br \/>\n    Foto: KAMUNA 2024<\/p>\n<p>        Schlie\u00dfen <\/p>\n<p>      Icon Schlie\u00dfen<\/p>\n<p>        Icon vergr\u00f6\u00dfern<\/p>\n<p>        Icon verkleinern<\/p>\n<p>      Icon Pfeil bewegen<\/p>\n<p>    Kamuna Archivbild<br \/>\n    Foto: KAMUNA 2024<\/p>\n<p>            1. und 2. August: Hansa-Fest in Durlach Aue<\/p>\n<p class=\"mb-6 text-xs-varying md:text-m lg:text-l font-serif group-[.font-sans]:font-sans \">\n    Beim\u00a08. Hansa-Fest\u00a0am\u00a0Hansaplatz\u00a0gibt\u2019s nicht nur Livemusik\u00a0und gute Stimmung. Dort wird auch der beliebte Johannisbeerwein\u00a0\u201eHansa\u201c ausgeschenkt. Der Erl\u00f6s\u00a0flie\u00dft laut Veranstaltern in\u00a0Jugendarbeit\u00a0und\u00a0soziale Projekte. Highlight ist das\u00a0legend\u00e4re Schubkarrenrennen\u00a0\u2013 erst Kids und Teens, sp\u00e4ter Erwachsene und Firmen.\n  <\/p>\n<ul rel=\"\" class=\"[&amp;&gt;li]:relative list-none  [&amp;&gt;li]:pl-[1.2em] [&amp;&gt;li]:marker:text-[0] [&amp;&gt;li]:relative [&amp;&gt;li]:before:absolute [&amp;&gt;li]:before:w-3 [&amp;&gt;li]:before:h-3 [&amp;&gt;li]:before:bg-brand [&amp;&gt;li]:before:left-0 [&amp;&gt;li]:before:rounded-full [&amp;&gt;li]:before:top-[8px] md:[&amp;&gt;li]:before:top-[9px] lg:[&amp;&gt;li]:before:top-[11px]  my-5\">\n<li class=\" mb-3 text-xs-varying md:text-m lg:text-l\">Wann: Ab 17.30 Uhr<\/li>\n<li class=\" mb-3 text-xs-varying md:text-m lg:text-l\">Wo: Hansa-Platz in Durlach Aue<\/li>\n<li class=\" mb-3 text-xs-varying md:text-m lg:text-l\">Haltestelle: Steierm\u00e4rker Stra\u00dfe<\/li>\n<\/ul>\n<p>    <img decoding=\"async\" src=\"https:\/\/www.europesays.com\/de\/wp-content\/uploads\/2026\/07\/traditionelles-schubkarrenrennen-in-durlach-aue.jpg\" alt=\"Hansa-Fest in Durlach Aue\" title=\"Hansa-Fest in Durlach Aue\" loading=\"lazy\" class=\"h-full w-full object-cover\"\/><\/p>\n<p>      Icon vergr\u00f6\u00dfern<\/p>\n<p>    Hansa-Fest in Durlach Aue<br \/>\n    Foto: ARGE Aue (Archiv)<\/p>\n<p>        Schlie\u00dfen <\/p>\n<p>      Icon Schlie\u00dfen<\/p>\n<p>        Icon vergr\u00f6\u00dfern<\/p>\n<p>        Icon verkleinern<\/p>\n<p>      Icon Pfeil bewegen<\/p>\n<p>    Hansa-Fest in Durlach Aue<br \/>\n    Foto: ARGE Aue (Archiv)<\/p>\n","protected":false},"excerpt":{"rendered":"Stadtflohmarkt, Feste und vieles mehr: Am Wochenende ist einiges los, aber welche Events sind die hei\u00dfesten in Karlsruhe?&hellip;\n","protected":false},"author":2,"featured_media":1205119,"comment_status":"","ping_status":"","sticky":false,"template":"","format":"standard","meta":{"footnotes":"","_share_on_mastodon":"0"},"categories":[1844],"tags":[1634,3364,29,20957,30,8659,8903,65754,251227,26099],"class_list":["post-1207599","post","type-post","status-publish","format-standard","has-post-thumbnail","category-karlsruhe","tag-baden-wuerttemberg","tag-de","tag-deutschland","tag-durlach","tag-germany","tag-highlight","tag-karlsruhe","tag-museum-fuer-naturkunde","tag-stadtflohmarkt","tag-streetfood"],"share_on_mastodon":{"url":"https:\/\/pubeurope.com\/@de\/117019126734702847","error":""},"_links":{"self":[{"href":"https:\/\/www.europesays.com\/de\/wp-json\/wp\/v2\/posts\/1207599","targetHints":{"allow":["GET"]}}],"collection":[{"href":"https:\/\/www.europesays.com\/de\/wp-json\/wp\/v2\/posts"}],"about":[{"href":"https:\/\/www.europesays.com\/de\/wp-json\/wp\/v2\/types\/post"}],"author":[{"embeddable":true,"href":"https:\/\/www.europesays.com\/de\/wp-json\/wp\/v2\/users\/2"}],"replies":[{"embeddable":true,"href":"https:\/\/www.europesays.com\/de\/wp-json\/wp\/v2\/comments?post=1207599"}],"version-history":[{"count":0,"href":"https:\/\/www.europesays.com\/de\/wp-json\/wp\/v2\/posts\/1207599\/revisions"}],"wp:featuredmedia":[{"embeddable":true,"href":"https:\/\/www.europesays.com\/de\/wp-json\/wp\/v2\/media\/1205119"}],"wp:attachment":[{"href":"https:\/\/www.europesays.com\/de\/wp-json\/wp\/v2\/media?parent=1207599"}],"wp:term":[{"taxonomy":"category","embeddable":true,"href":"https:\/\/www.europesays.com\/de\/wp-json\/wp\/v2\/categories?post=1207599"},{"taxonomy":"post_tag","embeddable":true,"href":"https:\/\/www.europesays.com\/de\/wp-json\/wp\/v2\/tags?post=1207599"}],"curies":[{"name":"wp","href":"https:\/\/api.w.org\/{rel}","templated":true}]}}