{"id":1207662,"date":"2026-08-01T08:19:18","date_gmt":"2026-08-01T08:19:18","guid":{"rendered":"https:\/\/www.europesays.com\/de\/1207662\/"},"modified":"2026-08-01T08:19:18","modified_gmt":"2026-08-01T08:19:18","slug":"poker-um-yan-diomande-in-gefahr-rb-leipzig-ignoriert-offenbar-real-madrid","status":"publish","type":"post","link":"https:\/\/www.europesays.com\/de\/1207662\/","title":{"rendered":"Poker um Yan Diomande in Gefahr? RB Leipzig ignoriert offenbar Real Madrid"},"content":{"rendered":"<p>Real Madrid w\u00fcrde gerne Yan Diomande von RB Leipzig verpflichten, eine Einigung zwischen beiden Klubs scheint jedoch noch in weiter Ferne.<\/p>\n<p>Wie aus einem Bericht von <a href=\"https:\/\/sport.sky.de\/fussball\/artikel\/rb-leipzig-reagiert-nicht-auf-neuestes-angebot-fuer-diomande-von-real-madrid\/13568912\/34132\" rel=\"nofollow noopener\" target=\"_blank\" data-affiliate-type=\"NONE\">Sky<\/a> hervorgeht, gibt es vor allem beim Thema Abl\u00f6se noch gravierende Differenzen. Die Sachsen fordern dem Vernehmen nach 120 Millionen Euro f\u00fcr den 19-j\u00e4hrigen Fl\u00fcgelflitzer, welche die K\u00f6niglichen wiederum (noch) nicht bereit sind, auf den Tisch zu legen.<\/p>\n<p>Seit rund 24 Stunden soll deshalb Stillstand in den Verhandlungen zwischen beiden Vereinen herrschen. Leipzig habe das j\u00fcngste Angebot der Madrilenen sogar g\u00e4nzlich ignoriert, da es den finanziellen Erwartungen offensichtlich nicht entsprach.<\/p>\n<p>So sieht es derzeit danach aus, als w\u00fcrde Diomande am Samstag mit dem Bundesligisten ins Trainingslager nach \u00d6sterreich fliegen &#8211; ein Umstand, den man bei Real eigentlich unbedingt verhindern wollte. Auch der Spieler selbst hatte wohl gehofft, dass der Deal bis dahin \u00fcber die B\u00fchne gehen w\u00fcrde.<\/p>\n<p><img class=\"fco-image__image\" alt=\"20260724-Yan-Diomande\"   loading=\"lazy\" decoding=\"async\" fetchpriority=\"auto\" width=\"5004\" height=\"3336\" src=\"https:\/\/www.europesays.com\/de\/wp-content\/uploads\/2026\/08\/Yan Diomande-2282567524.jpg\" style=\"aspect-ratio:5004 \/ 3336;width:100%;height:100%\"\/>Getty ImagesYan Diomande soll bei Leipzig-Test nicht zum Einsatz kommen<\/p>\n<p>Leipzig testet am Samstag vor der Abreise gegen Drittligist SC Verl, dort soll Diomande &#8211; sollte er die Reise mit antreten &#8211; allerdings nicht eingesetzt werden, um den weiterhin m\u00f6glichen Transfer nicht zu gef\u00e4hrden.<\/p>\n<p style=\"text-align:justify\">Diomande wechselte vergangenen Sommer f\u00fcr 20 Millionen Euro von CD Leganes nach Leipzig und unterschrieb einen Vertrag bis 2030. In wettbewerbs\u00fcbergreifend 46 Eins\u00e4tzen gelangen ihm 15 Tore und elf Assists.<\/p>\n<p style=\"text-align:justify\">Bei der WM war Diomande Stammspieler der Elfenbeink\u00fcste. In vier Turniereins\u00e4tzen verzeichnete er einen Assist und machte mit starken Leistungen auf sich aufmerksam.\u00a0<a href=\"https:\/\/www.spox.com\/fussball\/listen\/erling-haaland-trifft-immer-weiter-superstar-schreibt-mit-norwegen-bei-der-wm-weiter-am-maerchen\/blt629e2bdc0950ba7c\" data-affiliate-type=\"NONE\" rel=\"nofollow noopener\" target=\"_blank\">Die Ivorer scheiterten im Sechzehntelfinale knapp mit 1:2 an Norwegen<\/a>.<\/p>\n","protected":false},"excerpt":{"rendered":"Real Madrid w\u00fcrde gerne Yan Diomande von RB Leipzig verpflichten, eine Einigung zwischen beiden Klubs scheint jedoch noch&hellip;\n","protected":false},"author":2,"featured_media":1207663,"comment_status":"","ping_status":"","sticky":false,"template":"","format":"standard","meta":{"footnotes":"","_share_on_mastodon":"0"},"categories":[1832],"tags":[299,3364,29,347,30,348,19172,71,1655,3349,859,4604,1288,160991],"class_list":["post-1207662","post","type-post","status-publish","format-standard","has-post-thumbnail","category-leipzig","tag-bundesliga","tag-de","tag-deutschland","tag-fussball","tag-germany","tag-la-liga","tag-laliga","tag-leipzig","tag-rb-leipzig","tag-real-madrid","tag-sachsen","tag-soccer","tag-transfers","tag-y-diomande"],"share_on_mastodon":{"url":"https:\/\/pubeurope.com\/@de\/117019278898427601","error":""},"_links":{"self":[{"href":"https:\/\/www.europesays.com\/de\/wp-json\/wp\/v2\/posts\/1207662","targetHints":{"allow":["GET"]}}],"collection":[{"href":"https:\/\/www.europesays.com\/de\/wp-json\/wp\/v2\/posts"}],"about":[{"href":"https:\/\/www.europesays.com\/de\/wp-json\/wp\/v2\/types\/post"}],"author":[{"embeddable":true,"href":"https:\/\/www.europesays.com\/de\/wp-json\/wp\/v2\/users\/2"}],"replies":[{"embeddable":true,"href":"https:\/\/www.europesays.com\/de\/wp-json\/wp\/v2\/comments?post=1207662"}],"version-history":[{"count":0,"href":"https:\/\/www.europesays.com\/de\/wp-json\/wp\/v2\/posts\/1207662\/revisions"}],"wp:featuredmedia":[{"embeddable":true,"href":"https:\/\/www.europesays.com\/de\/wp-json\/wp\/v2\/media\/1207663"}],"wp:attachment":[{"href":"https:\/\/www.europesays.com\/de\/wp-json\/wp\/v2\/media?parent=1207662"}],"wp:term":[{"taxonomy":"category","embeddable":true,"href":"https:\/\/www.europesays.com\/de\/wp-json\/wp\/v2\/categories?post=1207662"},{"taxonomy":"post_tag","embeddable":true,"href":"https:\/\/www.europesays.com\/de\/wp-json\/wp\/v2\/tags?post=1207662"}],"curies":[{"name":"wp","href":"https:\/\/api.w.org\/{rel}","templated":true}]}}