{"id":1207736,"date":"2026-08-01T09:02:15","date_gmt":"2026-08-01T09:02:15","guid":{"rendered":"https:\/\/www.europesays.com\/de\/1207736\/"},"modified":"2026-08-01T09:02:15","modified_gmt":"2026-08-01T09:02:15","slug":"neues-rettungsboot-fuer-mannheimer-feuerwehr-taucher-mannheim","status":"publish","type":"post","link":"https:\/\/www.europesays.com\/de\/1207736\/","title":{"rendered":"Neues Rettungsboot f\u00fcr Mannheimer Feuerwehr-Taucher &#8211; Mannheim"},"content":{"rendered":"<p class=\"rhp-dpa-teaser\"><b>Die Mannheimer Berufsfeuerwehr hat ein neues Rettungsboot bekommen. Es erleichtert Rettungseins\u00e4tze auf dem Wasser \u2013 und  kann sehr schnell zum Einsatzort gebracht werden.<\/b><\/p>\n<p>\u201eDie Taucher der Feuerwehr sind im Sommer besonders wichtig, weil es immer wieder zu Notf\u00e4llen auf dem Wasser kommt. Hier z\u00e4hlt jede Minute. Mit dem neuen Rettungsboot verbessern wir unsere M\u00f6glichkeiten, Menschen in Not schnell zu helfen\u201c, erkl\u00e4rte <a href=\"https:\/\/www.google.com\/search?q=Mannheims+Sicherheitsdezernent+rheinfpalz\" target=\"_blank\" class=\"external-link-new-window\" title=\"\" rel=\"nofollow noopener\">Mannheims Sicherheitsdezernent<\/a> Volker Proffen (CDU) bei der Vorstellung.<\/p>\n<p class=\"rhp-teaser\"><b>Die Mannheimer Berufsfeuerwehr hat ein neues Rettungsboot bekommen. Es erleichtert Rettungseins\u00e4tze auf dem Wasser \u2013 und  kann sehr schnell zum Einsatzort gebracht werden.<\/b><\/p>\n","protected":false},"excerpt":{"rendered":"Die Mannheimer Berufsfeuerwehr hat ein neues Rettungsboot bekommen. Es erleichtert Rettungseins\u00e4tze auf dem Wasser \u2013 und kann sehr&hellip;\n","protected":false},"author":2,"featured_media":1207737,"comment_status":"","ping_status":"","sticky":false,"template":"","format":"standard","meta":{"footnotes":"","_share_on_mastodon":"0"},"categories":[1845],"tags":[1634,31,3364,29,548,663,3934,985,30,13,4060,2096,251614,14,14480,15,6035,5206,12,57690],"class_list":["post-1207736","post","type-post","status-publish","format-standard","has-post-thumbnail","category-mannheim","tag-baden-wuerttemberg","tag-cdu","tag-de","tag-deutschland","tag-eu","tag-europa","tag-europe","tag-feuerwehr","tag-germany","tag-headlines","tag-lokal","tag-mannheim","tag-marko-zubcic","tag-nachrichten","tag-neckar","tag-news","tag-rettungsboot","tag-rhein","tag-schlagzeilen","tag-volker-proffen"],"share_on_mastodon":{"url":"https:\/\/pubeurope.com\/@de\/117019446747605201","error":""},"_links":{"self":[{"href":"https:\/\/www.europesays.com\/de\/wp-json\/wp\/v2\/posts\/1207736","targetHints":{"allow":["GET"]}}],"collection":[{"href":"https:\/\/www.europesays.com\/de\/wp-json\/wp\/v2\/posts"}],"about":[{"href":"https:\/\/www.europesays.com\/de\/wp-json\/wp\/v2\/types\/post"}],"author":[{"embeddable":true,"href":"https:\/\/www.europesays.com\/de\/wp-json\/wp\/v2\/users\/2"}],"replies":[{"embeddable":true,"href":"https:\/\/www.europesays.com\/de\/wp-json\/wp\/v2\/comments?post=1207736"}],"version-history":[{"count":0,"href":"https:\/\/www.europesays.com\/de\/wp-json\/wp\/v2\/posts\/1207736\/revisions"}],"wp:featuredmedia":[{"embeddable":true,"href":"https:\/\/www.europesays.com\/de\/wp-json\/wp\/v2\/media\/1207737"}],"wp:attachment":[{"href":"https:\/\/www.europesays.com\/de\/wp-json\/wp\/v2\/media?parent=1207736"}],"wp:term":[{"taxonomy":"category","embeddable":true,"href":"https:\/\/www.europesays.com\/de\/wp-json\/wp\/v2\/categories?post=1207736"},{"taxonomy":"post_tag","embeddable":true,"href":"https:\/\/www.europesays.com\/de\/wp-json\/wp\/v2\/tags?post=1207736"}],"curies":[{"name":"wp","href":"https:\/\/api.w.org\/{rel}","templated":true}]}}