{"id":120781,"date":"2025-05-18T17:19:10","date_gmt":"2025-05-18T17:19:10","guid":{"rendered":"https:\/\/www.europesays.com\/de\/120781\/"},"modified":"2025-05-18T17:19:10","modified_gmt":"2025-05-18T17:19:10","slug":"verena-wriedt-moderatorin-ist-wieder-gluecklich-vergeben","status":"publish","type":"post","link":"https:\/\/www.europesays.com\/de\/120781\/","title":{"rendered":"Verena Wriedt: Moderatorin ist wieder gl\u00fccklich vergeben"},"content":{"rendered":"<p>Verena Wriedt<br \/>\n&#8222;Die Leichtigkeit ist zur\u00fcck&#8220;<\/p>\n<p><img class=\"image image-element__image\"   src=\"https:\/\/www.europesays.com\/de\/wp-content\/uploads\/2025\/05\/heft--verena-wriedt-aufmacher.jpg\" alt=\"Verena Wriedt\" decoding=\"async\" fetchpriority=\"high\" loading=\"eager\"\/><br \/>\n<a href=\"https:\/\/image.gala.de\/24374040\/t\/kL\/v2\/w2048\/r1.5\/-\/heft--verena-wriedt-aufmacher.jpg#Matthias%20Nareyek%20%2F%20Getty%20Images\" class=\"image__magnifier\" aria-label=\"Vergr\u00f6\u00dfern\" rel=\"nofollow noopener\" target=\"_blank\"><\/p>\n<p>\n Verena Wriedt <\/p>\n<p>\u00a9 Matthias Nareyek \/ Getty Images<\/p>\n<p>\nTV-Moderatorin Verena Wriedt ist nach dem unerwarteten Tod ihres Ehemanns wieder neu verliebt \u2013 dank ihres Sohnes.\n<\/p>\n<p class=\"text-element u-richtext u-typo u-typo--article-text article__text-element text-element--context-article\"> Es war im Juni 2021, als sie ihren Ehemann \u00fcberraschend verlor. Der Unternehmer <a class=\"\" data-target-type=\"article\" href=\"https:\/\/www.gala.de\/themen\/thomas-schubert-21149520.html\" rel=\"nofollow noopener\" target=\"_blank\">Thomas Schubert<\/a> starb damals im Alter von nur 47 Jahren an einem Herzinfarkt und lie\u00df <a class=\"\" data-target-type=\"article\" href=\"https:\/\/www.gala.de\/themen\/verena-wriedt-20982004.html\" rel=\"nofollow noopener\" target=\"_blank\">Verena Wriedt<\/a>, 50, und ihren gemeinsamen Sohn Lio, heute 11, zur\u00fcck. &#8222;Ich dachte, ich schaffe das nie, diese tiefe Trauer und Traurigkeit zu \u00fcberleben&#8220;, sagt die Sport-Moderatorin zu GALA. &#8222;Aber Aufgeben ist keine Option. Lio war damals sieben und brauchte mich mehr denn je.&#8220;<\/p>\n<p>Verena Wriedt: Endlich ist sie wieder gl\u00fccklich<\/p>\n<p class=\"text-element u-richtext u-typo u-typo--article-text article__text-element text-element--context-article\"> Ausgerechnet Lio war es dann, der f\u00fcr neues Gl\u00fcck im Leben seiner Mutter sorgte: Auf einem Spielplatz half ihm ein anderer Vater, damit er an einer Stange Klimmz\u00fcge machen konnte. Der Mann und Verena unterhielten sich kurz, tauschten Nummern aus, mehr nicht. Fast ein Jahr sp\u00e4ter aber fragte Lio erneut nach ihm, Verena nahm wieder Kontakt auf \u2013 und verliebte sich in <a class=\"\" data-target-type=\"article\" href=\"https:\/\/www.gala.de\/stars\/themen\/dirk-hansen-21107200.html\" rel=\"nofollow noopener\" target=\"_blank\">Dirk Hansen<\/a>, 53.<\/p>\n<p class=\"text-element u-richtext u-typo u-typo--article-text article__text-element text-element--context-article\"> &#8222;Er hat mein Herz erobert, weil Lio und er sich sofort so gut verstanden haben&#8220;, so Wriedt. &#8222;Dirk bringt meinen Sohn und mich zum Lachen. Er hat Leichtigkeit zur\u00fcck in unser Leben gebracht und daf\u00fcr bin ich ihm unendlich dankbar.&#8220; Ihre neue Liebe h\u00e4tte Verena Wriedt eigentlich am liebsten geheim gehalten, teilt sie nun aber doch mit der \u00d6ffentlichkeit: &#8222;Ich m\u00f6chte anderen Hinterbliebenen damit Mut machen.&#8220;<\/p>\n<p>\nGala\n<\/p>\n<p>#Themen<\/p>\n","protected":false},"excerpt":{"rendered":"Verena Wriedt &#8222;Die Leichtigkeit ist zur\u00fcck&#8220; Verena Wriedt \u00a9 Matthias Nareyek \/ Getty Images TV-Moderatorin Verena Wriedt ist&hellip;\n","protected":false},"author":2,"featured_media":120782,"comment_status":"","ping_status":"","sticky":false,"template":"","format":"standard","meta":{"footnotes":""},"categories":[1776],"tags":[1801,29,214,30,1802,215],"class_list":{"0":"post-120781","1":"post","2":"type-post","3":"status-publish","4":"format-standard","5":"has-post-thumbnail","7":"category-prominente","8":"tag-celebrities","9":"tag-deutschland","10":"tag-entertainment","11":"tag-germany","12":"tag-prominente","13":"tag-unterhaltung"},"share_on_mastodon":{"url":"https:\/\/pubeurope.com\/@de\/114529983825339156","error":""},"_links":{"self":[{"href":"https:\/\/www.europesays.com\/de\/wp-json\/wp\/v2\/posts\/120781","targetHints":{"allow":["GET"]}}],"collection":[{"href":"https:\/\/www.europesays.com\/de\/wp-json\/wp\/v2\/posts"}],"about":[{"href":"https:\/\/www.europesays.com\/de\/wp-json\/wp\/v2\/types\/post"}],"author":[{"embeddable":true,"href":"https:\/\/www.europesays.com\/de\/wp-json\/wp\/v2\/users\/2"}],"replies":[{"embeddable":true,"href":"https:\/\/www.europesays.com\/de\/wp-json\/wp\/v2\/comments?post=120781"}],"version-history":[{"count":0,"href":"https:\/\/www.europesays.com\/de\/wp-json\/wp\/v2\/posts\/120781\/revisions"}],"wp:featuredmedia":[{"embeddable":true,"href":"https:\/\/www.europesays.com\/de\/wp-json\/wp\/v2\/media\/120782"}],"wp:attachment":[{"href":"https:\/\/www.europesays.com\/de\/wp-json\/wp\/v2\/media?parent=120781"}],"wp:term":[{"taxonomy":"category","embeddable":true,"href":"https:\/\/www.europesays.com\/de\/wp-json\/wp\/v2\/categories?post=120781"},{"taxonomy":"post_tag","embeddable":true,"href":"https:\/\/www.europesays.com\/de\/wp-json\/wp\/v2\/tags?post=120781"}],"curies":[{"name":"wp","href":"https:\/\/api.w.org\/{rel}","templated":true}]}}