{"id":120783,"date":"2025-05-18T17:20:07","date_gmt":"2025-05-18T17:20:07","guid":{"rendered":"https:\/\/www.europesays.com\/de\/120783\/"},"modified":"2025-05-18T17:20:07","modified_gmt":"2025-05-18T17:20:07","slug":"pinakothek-der-moderne-in-muenchen-geraeumt-muenchen","status":"publish","type":"post","link":"https:\/\/www.europesays.com\/de\/120783\/","title":{"rendered":"Pinakothek der Moderne in M\u00fcnchen ger\u00e4umt &#8211; M\u00fcnchen"},"content":{"rendered":"<p data-manual=\"paragraph\" data-schema-org-speakable=\"true\" class=\"css-1ylqqlw\">Die <a href=\"https:\/\/www.sueddeutsche.de\/thema\/Pinakothek_der_Moderne\" target=\"_blank\" rel=\"noopener\">Pinakothek der Moderne<\/a> in der Barer Stra\u00dfe ist am Sonntagmittag ger\u00e4umt worden. Die vielen Besucher, die sich zu diesem Zeitpunkt im Museum befanden, wurden aufgefordert, das Geb\u00e4ude zu verlassen. Als Grund wurden technische Probleme genannt. Menschen seien nicht in Gefahr, nur k\u00f6nne die Sicherheit der Exponate nicht gew\u00e4hrleistet werden, war aus Leitungskreisen zu erfahren.<\/p>\n","protected":false},"excerpt":{"rendered":"Die Pinakothek der Moderne in der Barer Stra\u00dfe ist am Sonntagmittag ger\u00e4umt worden. Die vielen Besucher, die sich&hellip;\n","protected":false},"author":2,"featured_media":120784,"comment_status":"","ping_status":"","sticky":false,"template":"","format":"standard","meta":{"footnotes":""},"categories":[1775],"tags":[1793,2396,29,214,16745,30,2392,1794,1268,2394,149,215],"class_list":{"0":"post-120783","1":"post","2":"type-post","3":"status-publish","4":"format-standard","5":"has-post-thumbnail","7":"category-kunst-und-design","8":"tag-art-and-design","9":"tag-ausstellung-muenchen","10":"tag-deutschland","11":"tag-entertainment","12":"tag-freizeit-in-muenchen","13":"tag-germany","14":"tag-kultur-in-muenchen","15":"tag-kunst-und-design","16":"tag-muenchen","17":"tag-pinakothek-der-moderne","18":"tag-sueddeutsche-zeitung","19":"tag-unterhaltung"},"share_on_mastodon":{"url":"https:\/\/pubeurope.com\/@de\/114529987848437104","error":""},"_links":{"self":[{"href":"https:\/\/www.europesays.com\/de\/wp-json\/wp\/v2\/posts\/120783","targetHints":{"allow":["GET"]}}],"collection":[{"href":"https:\/\/www.europesays.com\/de\/wp-json\/wp\/v2\/posts"}],"about":[{"href":"https:\/\/www.europesays.com\/de\/wp-json\/wp\/v2\/types\/post"}],"author":[{"embeddable":true,"href":"https:\/\/www.europesays.com\/de\/wp-json\/wp\/v2\/users\/2"}],"replies":[{"embeddable":true,"href":"https:\/\/www.europesays.com\/de\/wp-json\/wp\/v2\/comments?post=120783"}],"version-history":[{"count":0,"href":"https:\/\/www.europesays.com\/de\/wp-json\/wp\/v2\/posts\/120783\/revisions"}],"wp:featuredmedia":[{"embeddable":true,"href":"https:\/\/www.europesays.com\/de\/wp-json\/wp\/v2\/media\/120784"}],"wp:attachment":[{"href":"https:\/\/www.europesays.com\/de\/wp-json\/wp\/v2\/media?parent=120783"}],"wp:term":[{"taxonomy":"category","embeddable":true,"href":"https:\/\/www.europesays.com\/de\/wp-json\/wp\/v2\/categories?post=120783"},{"taxonomy":"post_tag","embeddable":true,"href":"https:\/\/www.europesays.com\/de\/wp-json\/wp\/v2\/tags?post=120783"}],"curies":[{"name":"wp","href":"https:\/\/api.w.org\/{rel}","templated":true}]}}