{"id":1207834,"date":"2026-08-01T10:00:34","date_gmt":"2026-08-01T10:00:34","guid":{"rendered":"https:\/\/www.europesays.com\/de\/1207834\/"},"modified":"2026-08-01T10:00:34","modified_gmt":"2026-08-01T10:00:34","slug":"alexanerplatz-covivio-hochhaus-erhaelt-markante-solarfassade","status":"publish","type":"post","link":"https:\/\/www.europesays.com\/de\/1207834\/","title":{"rendered":"Alexanerplatz: Covivio-Hochhaus erh\u00e4lt markante Solarfassade"},"content":{"rendered":"<p data-start=\"178\" data-end=\"469\"><strong>Das Hochhausprojekt \u201e030BLN\u201c von Covivio w\u00e4chst sichtbar in die Berliner Skyline hinein. Nun wurden erstmals die innovativen Photovoltaik-Elemente an der Fassade montiert; ein Novum f\u00fcr ein Hochhaus dieser Gr\u00f6\u00dfenordnung in Deutschland.<\/strong><\/p>\n<p><a href=\"https:\/\/www.europesays.com\/de\/wp-content\/uploads\/2026\/08\/berlin-alexanderplatz-hochhaus-covivio_copyright-entwicklungsstadt-5.jpg\"><img loading=\"lazy\" decoding=\"async\" aria-describedby=\"caption-attachment-104406\" class=\"lazyload wp-image-104406 size-full\" src=\"data:image\/svg+xml,%3Csvg%20xmlns%3D%27http%3A%2F%2Fwww.w3.org%2F2000%2Fsvg%27%20width%3D%271280%27%20height%3D%27720%27%20viewBox%3D%270%200%201280%20720%27%3E%3Crect%20width%3D%271280%27%20height%3D%27720%27%20fill-opacity%3D%220%22%2F%3E%3C%2Fsvg%3E\" data-orig-src=\"https:\/\/www.europesays.com\/de\/wp-content\/uploads\/2026\/08\/berlin-alexanderplatz-hochhaus-covivio_copyright-entwicklungsstadt-5.jpg\" alt=\"Detailaufnahme der Fassade des Covivio-Hochhauses mit den neu montierten Photovoltaik-Elementen und den charakteristischen Fensterachsen.\" width=\"1280\" height=\"720\"\/><\/a><\/p>\n<p id=\"caption-attachment-104406\" class=\"wp-caption-text\">Die innovative Geb\u00e4udeh\u00fclle verbindet architektonische Gestaltung mit regenerativer Energiegewinnung und verleiht dem Hochhaus seine charakteristische Identit\u00e4t. \/ \u00a9 Foto: ENTWICKLUNGSSTADT<\/p>\n<p>\u00a9 Fotos: ENTWICKLUNGSSTADT<\/p>\n<p>\u00a0<\/p>\n<p class=\"isSelectedEnd\">Wer derzeit durch Berlin f\u00e4hrt oder die \u00f6stliche Innenstadt aus gr\u00f6\u00dferer Entfernung betrachtet, dem f\u00e4llt am <a href=\"https:\/\/www.entwicklungsstadt.de\/hochhaus-dokumentation-baustelle-alexanderplatz-ist-online\/\" rel=\"nofollow noopener\" target=\"_blank\">Alexanderplatz<\/a> eine markante Ver\u00e4nderung auf. Direkt neben dem Park Inn w\u00e4chst ein weiterer Hochhausturm inzwischen un\u00fcbersehbar in die H\u00f6he, realisiert vom Immobilienentwickler Covivio.<\/p>\n<p class=\"isSelectedEnd\">Noch dominiert der Fernsehturm die Berliner Skyline, doch darunter entsteht l\u00e4ngst ein neues Hochhaus-Ensemble, das das Stadtbild der Hauptstadt nachhaltig ver\u00e4ndern wird. Mit dem aktuellen Baufortschritt erreicht das Projekt \u201e030BLN\u201c nun einen weiteren wichtigen Meilenstein.<\/p>\n<p class=\"isSelectedEnd\">Erstmals sind an der Fassade die innovativen Photovoltaik-Elemente zu erkennen, die k\u00fcnftig einen Teil des Stroms direkt am Geb\u00e4ude erzeugen sollen. Damit erh\u00e4lt der zuk\u00fcnftig 130 Meter hohe Turm nicht nur sein charakteristisches Erscheinungsbild, sondern setzt zugleich ein Zeichen f\u00fcr nachhaltigen Hochhausbau.<\/p>\n<p>Hochhaus am Alexanderplatz: Innovative Solarfassade macht das Energiekonzept erstmals sichtbar<\/p>\n<p class=\"isSelectedEnd\">Nach rund viereinhalb Jahren intensiver Planung, Abstimmungen und Genehmigungsverfahren wurden in den vergangenen Woche die ersten Photovoltaik-Elemente an der Fassade montiert, wie das verantwortliche Architekturb\u00fcro Sauerbruch &amp; Hutton best\u00e4tigte. Damit wird das nachhaltige Energiekonzept des Hochhauses erstmals auch von au\u00dfen sichtbar.<\/p>\n<p class=\"isSelectedEnd\">Der Gro\u00dfteil der Fassadenfl\u00e4chen soll sp\u00e4ter mit den integrierten Solarmodulen ausgestattet werden. Die Geb\u00e4udeh\u00fclle dient dadurch nicht nur der Gestaltung des Turms, sondern erzeugt gleichzeitig erneuerbare Energie.<\/p>\n<p><a href=\"https:\/\/www.europesays.com\/de\/wp-content\/uploads\/2026\/08\/berlin-alexanderplatz-hochhaus-covivio_copyright-entwicklungsstadt-3.jpg\"><img loading=\"lazy\" decoding=\"async\" aria-describedby=\"caption-attachment-104404\" class=\"lazyload wp-image-104404 size-full\" src=\"data:image\/svg+xml,%3Csvg%20xmlns%3D%27http%3A%2F%2Fwww.w3.org%2F2000%2Fsvg%27%20width%3D%271280%27%20height%3D%27720%27%20viewBox%3D%270%200%201280%20720%27%3E%3Crect%20width%3D%271280%27%20height%3D%27720%27%20fill-opacity%3D%220%22%2F%3E%3C%2Fsvg%3E\" data-orig-src=\"https:\/\/www.europesays.com\/de\/wp-content\/uploads\/2026\/08\/berlin-alexanderplatz-hochhaus-covivio_copyright-entwicklungsstadt-3.jpg\" alt=\"Panoramaaufnahme des Alexanderplatzes mit dem Park Inn und dem entstehenden Covivio-Hochhaus, dessen Rohbau bereits gro\u00dfe Teile der sp\u00e4teren H\u00f6he erreicht hat.\" width=\"1280\" height=\"720\"\/><\/a><\/p>\n<p id=\"caption-attachment-104404\" class=\"wp-caption-text\">Mit k\u00fcnftig rund 130 Metern H\u00f6he entwickelt sich der Covivio-Turm zu einem markanten Gegen\u00fcber des Park Inn am Alexanderplatz. \/ \u00a9 Foto: ENTWICKLUNGSSTADT<\/p>\n<p>Geb\u00e4udeintegrierte Photovoltaik ist ein Novum im deutschen Hochhausbau<\/p>\n<p class=\"isSelectedEnd\">F\u00fcr ein Hochhaus mit einer H\u00f6he von rund 130 Metern stellt diese Form der geb\u00e4udeintegrierten Photovoltaik bislang eine Besonderheit in Deutschland dar. Die Solarmodule ersetzen klassische Fassadenelemente und sind vollst\u00e4ndig in die Architektur integriert.<\/p>\n<p class=\"isSelectedEnd\">Das schafft zus\u00e4tzliche Fl\u00e4chen zur Energiegewinnung, ohne die Gestaltung des Geb\u00e4udes zu beeintr\u00e4chtigen. Vielmehr wird die Solartechnik selbst zu einem pr\u00e4genden Bestandteil der Architektur.<\/p>\n<p>Alexanderplatz: Der Covivio-Tower \u201e030BLN\u201c wird zum \u201eZwilling\u201c des Park Inn<\/p>\n<p class=\"isSelectedEnd\">Mit jedem weiteren Geschoss ver\u00e4ndert sich auch die Wirkung des Geb\u00e4udes im Stadtbild. Der Neubau ist inzwischen von zahlreichen Standorten Berlins gut zu erkennen und tritt immer st\u00e4rker als neuer Orientierungspunkt in Erscheinung.<\/p>\n<p class=\"isSelectedEnd\">Besonders auff\u00e4llig ist dabei das Verh\u00e4ltnis zum benachbarten Park Inn. Beide Hochh\u00e4user bilden zunehmend ein nahezu gleichwertiges Ensemble und verleihen dem Alexanderplatz eine neue vertikale Dimension.<\/p>\n<p><a href=\"https:\/\/www.europesays.com\/de\/wp-content\/uploads\/2026\/08\/berlin-alexanderplatz-hochhaus-covivio_copyright-entwicklungsstadt-4.jpg\"><img loading=\"lazy\" decoding=\"async\" aria-describedby=\"caption-attachment-104405\" class=\"lazyload wp-image-104405 size-full\" src=\"data:image\/svg+xml,%3Csvg%20xmlns%3D%27http%3A%2F%2Fwww.w3.org%2F2000%2Fsvg%27%20width%3D%271280%27%20height%3D%27720%27%20viewBox%3D%270%200%201280%20720%27%3E%3Crect%20width%3D%271280%27%20height%3D%27720%27%20fill-opacity%3D%220%22%2F%3E%3C%2Fsvg%3E\" data-orig-src=\"https:\/\/www.europesays.com\/de\/wp-content\/uploads\/2026\/08\/berlin-alexanderplatz-hochhaus-covivio_copyright-entwicklungsstadt-4.jpg\" alt=\"Nahaufnahme des Covivio-Hochhauses mit bereits montierten Fassadenelementen und den ersten integrierten Photovoltaik-Modulen vor dem Park Inn.\" width=\"1280\" height=\"720\"\/><\/a><\/p>\n<p id=\"caption-attachment-104405\" class=\"wp-caption-text\">An den unteren Geschossen werden bereits die ersten Fassadenelemente mit integrierter Photovoltaik montiert \u2013 ein Novum im deutschen Hochhausbau. \/ \u00a9 Foto: ENTWICKLUNGSSTADT<\/p>\n<p>Drei Hochh\u00e4user pr\u00e4gen schon heute den Alexanderplatz<\/p>\n<p class=\"isSelectedEnd\">Gemeinsam mit dem Berliner Fernsehturm bestimmen bereits heute drei markante Hochpunkte die Silhouette des Alexanderplatzes. Der Fernsehturm bleibt das unangefochtene Wahrzeichen, doch darunter entsteht Schritt f\u00fcr Schritt ein neues Hochhausensemble, dessen zweiter pr\u00e4gender Baustein das\u201e030BLN\u201c\u00a0 sein wird.<\/p>\n<p class=\"isSelectedEnd\">Schon heute l\u00e4sst sich erkennen, wie stark sich die Berliner Skyline in den kommenden Jahren ver\u00e4ndern wird. W\u00e4hrend weitere geplante Hochh\u00e4user am Alexanderplatz noch auf ihre Realisierung warten, schafft Covivio bereits sichtbare Fakten.<\/p>\n<p>Eines der wichtigsten Hochhausprojekte der Berliner Innenstadt<\/p>\n<p class=\"isSelectedEnd\">Mit dem Projekt \u201e030BLN\u201c realisiert Covivio eines der bedeutendsten Hochhausvorhaben im Zentrum Berlins. Vorgesehen sind moderne B\u00fcrofl\u00e4chen, Gastronomie sowie publikumsorientierte Nutzungen im Sockelbereich, die den Alexanderplatz zus\u00e4tzlich beleben sollen.<\/p>\n<p>Mit der nun sichtbar werdenden Solarfassade erh\u00e4lt der Turm erstmals seine architektonische Identit\u00e4t. Gleichzeitig zeigt das Projekt, dass sich anspruchsvolle Architektur, nachhaltige Energiegewinnung und innerst\u00e4dtischer Hochhausbau k\u00fcnftig miteinander verbinden lassen. Das hoch aufragende Projekt pr\u00e4gt schon w\u00e4hrend der Bauzeit die Skyline der Hauptstadt.<\/p>\n<p><a href=\"https:\/\/www.europesays.com\/de\/wp-content\/uploads\/2026\/08\/berlin-alexanderplatz-hochhaus-covivio_copyright-entwicklungsstadt-2.jpg\"><img loading=\"lazy\" decoding=\"async\" aria-describedby=\"caption-attachment-104403\" class=\"lazyload wp-image-104403 size-full\" src=\"data:image\/svg+xml,%3Csvg%20xmlns%3D%27http%3A%2F%2Fwww.w3.org%2F2000%2Fsvg%27%20width%3D%271280%27%20height%3D%27720%27%20viewBox%3D%270%200%201280%20720%27%3E%3Crect%20width%3D%271280%27%20height%3D%27720%27%20fill-opacity%3D%220%22%2F%3E%3C%2Fsvg%3E\" data-orig-src=\"https:\/\/www.europesays.com\/de\/wp-content\/uploads\/2026\/08\/berlin-alexanderplatz-hochhaus-covivio_copyright-entwicklungsstadt-2.jpg\" alt=\"Blick \u00fcber den Alexanderplatz auf das im Bau befindliche Covivio-Hochhaus \u201e030BLN\u201c, das zwischen umliegenden Geb\u00e4uden deutlich sichtbar in die H\u00f6he w\u00e4chst.\" width=\"1280\" height=\"720\"\/><\/a><\/p>\n<p id=\"caption-attachment-104403\" class=\"wp-caption-text\">Das Hochhausprojekt \u201e030BLN\u201c von Covivio w\u00e4chst am Alexanderplatz un\u00fcbersehbar in die H\u00f6he und pr\u00e4gt zunehmend das Berliner Stadtbild. \/ \u00a9 Foto: ENTWICKLUNGSSTADT<\/p>\n<p>Quellen: Sauerbruch &amp; Hutton, Immobilien Manager, Schindler Deutschland, Covivio<\/p>\n","protected":false},"excerpt":{"rendered":"Das Hochhausprojekt \u201e030BLN\u201c von Covivio w\u00e4chst sichtbar in die Berliner Skyline hinein. Nun wurden erstmals die innovativen Photovoltaik-Elemente&hellip;\n","protected":false},"author":2,"featured_media":1207835,"comment_status":"","ping_status":"","sticky":false,"template":"","format":"standard","meta":{"footnotes":"","_share_on_mastodon":"0"},"categories":[1825],"tags":[224198,2567,296,2732,2572,251634,29,30,2591],"class_list":["post-1207834","post","type-post","status-publish","format-standard","has-post-thumbnail","category-berlin","tag-alexanderplatz-berlin","tag-bauprojekte-berlin-mitte","tag-berlin","tag-berlin-hochhaus-projekte","tag-berlin-mitte","tag-covivio-hochhaus-alexanderplatz","tag-deutschland","tag-germany","tag-neubau-berlin-mitte"],"share_on_mastodon":{"url":"https:\/\/pubeurope.com\/@de\/117019674352369256","error":""},"_links":{"self":[{"href":"https:\/\/www.europesays.com\/de\/wp-json\/wp\/v2\/posts\/1207834","targetHints":{"allow":["GET"]}}],"collection":[{"href":"https:\/\/www.europesays.com\/de\/wp-json\/wp\/v2\/posts"}],"about":[{"href":"https:\/\/www.europesays.com\/de\/wp-json\/wp\/v2\/types\/post"}],"author":[{"embeddable":true,"href":"https:\/\/www.europesays.com\/de\/wp-json\/wp\/v2\/users\/2"}],"replies":[{"embeddable":true,"href":"https:\/\/www.europesays.com\/de\/wp-json\/wp\/v2\/comments?post=1207834"}],"version-history":[{"count":0,"href":"https:\/\/www.europesays.com\/de\/wp-json\/wp\/v2\/posts\/1207834\/revisions"}],"wp:featuredmedia":[{"embeddable":true,"href":"https:\/\/www.europesays.com\/de\/wp-json\/wp\/v2\/media\/1207835"}],"wp:attachment":[{"href":"https:\/\/www.europesays.com\/de\/wp-json\/wp\/v2\/media?parent=1207834"}],"wp:term":[{"taxonomy":"category","embeddable":true,"href":"https:\/\/www.europesays.com\/de\/wp-json\/wp\/v2\/categories?post=1207834"},{"taxonomy":"post_tag","embeddable":true,"href":"https:\/\/www.europesays.com\/de\/wp-json\/wp\/v2\/tags?post=1207834"}],"curies":[{"name":"wp","href":"https:\/\/api.w.org\/{rel}","templated":true}]}}