{"id":1208014,"date":"2026-08-01T11:52:16","date_gmt":"2026-08-01T11:52:16","guid":{"rendered":"https:\/\/www.europesays.com\/de\/1208014\/"},"modified":"2026-08-01T11:52:16","modified_gmt":"2026-08-01T11:52:16","slug":"magdeburg-halle-wirbel-um-hallervorden-bei-sven-schulze","status":"publish","type":"post","link":"https:\/\/www.europesays.com\/de\/1208014\/","title":{"rendered":"Magdeburg\/Halle | Wirbel um Hallervorden bei Sven Schulze"},"content":{"rendered":"<p>Magdeburg\/Halle (dpa) &#8211; Der Schauspieler Dieter \u00abDidi\u00bb Hallervorden sorgt mit einem Kabarettauftritt bei Wahlkampfveranstaltungen von Sachsen-Anhalts CDU-Spitzenkandidat Sven Schulze f\u00fcr Wirbel. Nach Veranstaltungen in Halle und Magdeburg in den vergangenen Tagen gehe es aber wie geplant n\u00e4chste Woche in Dessau und Naumburg weiter, sagte der Generalsekret\u00e4r des CDU-Landesverbands, Mario Karschunke, der Deutschen Presse-Agentur. Die Veranstaltungen seien sehr gut gebucht. F\u00fcr Dessau am Montag gebe es rund 600 Anmeldungen.<\/p>\n<p>Bei dem Gespr\u00e4chsformat mit dem Titel \u00abKultur braucht Freiheit\u00bb stehen der Schauspieler und der Ministerpr\u00e4sident gemeinsam mit einer Moderatorin auf der B\u00fchne. Es geht um den pers\u00f6nlichen Begriff von Freiheit, was eine lebendige Demokratie braucht und welche Rolle Kunst, Meinungsfreiheit und gesellschaftlicher Zusammenhalt spielen.<\/p>\n<p>Hallervorden bringt musikalische Beitr\u00e4ge mit und legt den Fokus stark auf Frieden. Die aktuelle Verteidigungs- und R\u00fcstungspolitik lehnt er dabei ab. Auch auf die von ihm bereits fr\u00fcher kritisierte Israel-Politik nimmt er Bezug: In einem Hintergrundvideo zu einer Gesangseinlage von ihm ist kurz ein Bild von einer Demonstration mit dem Schriftzug \u00abStoppt den V\u00f6lkermord in Gaza\u00bb zu sehen.<\/p>\n<p>CDU-Generalsekret\u00e4rin Franziska Hoppermann sagte dazu der \u00abBild\u00bb: \u00abF\u00fcr die CDU Deutschlands ganz klar: Es gibt keinen V\u00f6lkermord in Gaza, wir stehen an der Seite Israels und der Ukraine im Kampf gegen den Terror und Aggression.\u00bb Sie sagte weiter: \u00abWir stehen f\u00fcr Freiheit und wollen uns verteidigen k\u00f6nnen, damit wir es nicht m\u00fcssen. Daran wird sich nichts \u00e4ndern. Wir stehen zur Meinungs- und Kunstfreiheit, doch auch hier gibt es Grenzen &#8211; mindestens aber muss die Kunst mit deutlichem Widerspruch leben.\u00bb<\/p>\n<p>Schulze: \u00abIch m\u00f6chte auch Gegenrede haben\u00bb<\/p>\n<p>Sven Schulze hatte schon in der Magdeburger Veranstaltung am Mittwoch auf der B\u00fchne mit Blick auf sich selbst rhetorisch gefragt: \u00abKann der denn eine Veranstaltung machen, wo der Dieter Hallervorden denn so ein Lied singt? Ich sage ja, weil das ist eigentlich das, was ich mir vorstelle. Ich m\u00f6chte kein Land haben und kein Land regieren als Ministerpr\u00e4sident, wo ich das Gef\u00fchl habe, hoffentlich sprechen sie alle das, was ich sage. Sondern ich m\u00f6chte schon auch Gegenrede haben.\u00bb<\/p>\n<p>Der CDU-Landesverband erkl\u00e4rt: \u00abDie Veranstaltung war bewusst als Gespr\u00e4chsformat angelegt. Sie sollte zeigen, dass Menschen trotz unterschiedlicher Auffassungen respektvoll miteinander im Gespr\u00e4ch bleiben k\u00f6nnen.\u00bb Und: \u00abWir d\u00fcrfen das Streiten nicht verlernen \u2013 unterschiedliche Auffassungen m\u00fcssen nebeneinanderstehen k\u00f6nnen, ohne dass der Respekt f\u00fcreinander verloren geht.\u00bb Das bedeute nicht, dass sich Schulze oder die CDU Sachsen-Anhalt jede dort ge\u00e4u\u00dferte Meinung zu eigen machten.<\/p>\n","protected":false},"excerpt":{"rendered":"Magdeburg\/Halle (dpa) &#8211; Der Schauspieler Dieter \u00abDidi\u00bb Hallervorden sorgt mit einem Kabarettauftritt bei Wahlkampfveranstaltungen von Sachsen-Anhalts CDU-Spitzenkandidat Sven&hellip;\n","protected":false},"author":2,"featured_media":1208015,"comment_status":"","ping_status":"","sticky":false,"template":"","format":"standard","meta":{"footnotes":"","_share_on_mastodon":"0"},"categories":[1860],"tags":[242036,31,3364,29,548,663,3934,30,4062,17332,13,80,1985,2549,14,15,2403,17331,860,12,2534],"class_list":["post-1208014","post","type-post","status-publish","format-standard","has-post-thumbnail","category-halle-saale","tag-ltwlsa26","tag-cdu","tag-de","tag-deutschland","tag-eu","tag-europa","tag-europe","tag-germany","tag-halle","tag-halle-saale","tag-headlines","tag-kultur","tag-landtag","tag-leute","tag-nachrichten","tag-news","tag-partei","tag-saale","tag-sachsen-anhalt","tag-schlagzeilen","tag-wahl"],"share_on_mastodon":{"url":"https:\/\/pubeurope.com\/@de\/117020114610249380","error":""},"_links":{"self":[{"href":"https:\/\/www.europesays.com\/de\/wp-json\/wp\/v2\/posts\/1208014","targetHints":{"allow":["GET"]}}],"collection":[{"href":"https:\/\/www.europesays.com\/de\/wp-json\/wp\/v2\/posts"}],"about":[{"href":"https:\/\/www.europesays.com\/de\/wp-json\/wp\/v2\/types\/post"}],"author":[{"embeddable":true,"href":"https:\/\/www.europesays.com\/de\/wp-json\/wp\/v2\/users\/2"}],"replies":[{"embeddable":true,"href":"https:\/\/www.europesays.com\/de\/wp-json\/wp\/v2\/comments?post=1208014"}],"version-history":[{"count":0,"href":"https:\/\/www.europesays.com\/de\/wp-json\/wp\/v2\/posts\/1208014\/revisions"}],"wp:featuredmedia":[{"embeddable":true,"href":"https:\/\/www.europesays.com\/de\/wp-json\/wp\/v2\/media\/1208015"}],"wp:attachment":[{"href":"https:\/\/www.europesays.com\/de\/wp-json\/wp\/v2\/media?parent=1208014"}],"wp:term":[{"taxonomy":"category","embeddable":true,"href":"https:\/\/www.europesays.com\/de\/wp-json\/wp\/v2\/categories?post=1208014"},{"taxonomy":"post_tag","embeddable":true,"href":"https:\/\/www.europesays.com\/de\/wp-json\/wp\/v2\/tags?post=1208014"}],"curies":[{"name":"wp","href":"https:\/\/api.w.org\/{rel}","templated":true}]}}