{"id":1208069,"date":"2026-08-01T12:23:34","date_gmt":"2026-08-01T12:23:34","guid":{"rendered":"https:\/\/www.europesays.com\/de\/1208069\/"},"modified":"2026-08-01T12:23:34","modified_gmt":"2026-08-01T12:23:34","slug":"das-war-ein-grosser-fehler-guentzler-bedauert-kurzfristige-absage-als-verkehrsminister","status":"publish","type":"post","link":"https:\/\/www.europesays.com\/de\/1208069\/","title":{"rendered":"\u201eDas war ein gro\u00dfer Fehler\u201c: G\u00fcntzler bedauert kurzfristige Absage als Verkehrsminister"},"content":{"rendered":"<p class=\"tspADdy tspADdz\">Sein R\u00fcckzieher hatte den Kanzler in heftige Turbulenzen gest\u00fcrzt\u00a0\u2013 nun hat der CDU-Bundestagsabgeordnete Fritz G\u00fcntzler die Reaktion von Friedrich Merz auf seine kurzfristige Absage des Verkehrsministerpostens gelobt.<\/p>\n<p class=\"tspADdy\">Der CDU-Chef sei nicht w\u00fctend geworden, das Gespr\u00e4ch sei \u201e\u00e4u\u00dferst wertsch\u00e4tzend\u201c gewesen, sagte G\u00fcntzler dem Redaktionsnetzwerk Deutschland. Er habe dem Kanzler offen gesagt, dass er kein gutes Gef\u00fchl habe und der falsche Mann f\u00fcr das Amt w\u00e4re. \u201eEr hat sehr fair und sehr menschlich reagiert.\u201c<\/p>\n<p class=\"tspADdy\">Merz hatte im Zuge der Kabinettsumbildung vergangene Woche beschlossen, Verkehrsminister Patrick Schnieder zu entlassen und das Ministeramt dem Finanzfachmann G\u00fcntzler anzubieten. <a href=\"https:\/\/www.tagesspiegel.de\/politik\/ein-torwart-sollte-nicht-linksaussen-spielen-guntzler-lehnte-angebot-fur-verkehrsminister-posten-aus-fachlichen-grunden-ab-15878052.html?icid=in-text-link_15904968\" class=\"link link--internal\" data-gtm-class=\"article-text-link\" data-gtm-val=\"internal\" rel=\"nofollow noopener\" target=\"_blank\">Der sagte zun\u00e4chst zu, zog die Zusage aber wenige Stunden vor der geplanten Verk\u00fcndung der Personalie zur\u00fcck.<\/a> \u201eIch h\u00e4tte um Bedenkzeit bitten m\u00fcssen. Das war ein gro\u00dfer Fehler\u201c, sagte G\u00fcntzler weiter. \u201eNat\u00fcrlich habe ich den Kanzler mit meinem Vorgehen in Schwierigkeiten gebracht, und das bedaure ich sehr.\u201c<\/p>\n<blockquote class=\"tspAPfb\">\n<p>Nat\u00fcrlich habe ich den Kanzler mit meinem Vorgehen in Schwierigkeiten gebracht, und das bedaure ich sehr.<\/p>\n<\/blockquote>\n<p class=\"tspAPfc\"><strong>Fritz G\u00fcntzler<\/strong> (CDU)<\/p>\n<p class=\"tspADdy\">\u201eDie Situation hat mich einfach \u00fcberfordert\u201c, sagte G\u00fcntzler dem RND. \u201eIn dem Moment habe ich nicht richtig funktioniert.\u201c Dies \u00e4rgere ihn, \u201eweil es meinem Anspruch an mich selbst nicht gen\u00fcgt\u201c. Er betonte, er habe sich letztlich f\u00fcr den Posten nicht geeignet gef\u00fchlt. \u201eIch habe mit Verkehrspolitik noch nie etwas zu tun gehabt\u201c, sagte der 60-J\u00e4hrige. \u201eUnd es w\u00e4re f\u00fcr mich nicht vertretbar, dass ich sechs Monate lang nur vom Blatt ablese, was Mitarbeiter des Ministeriums mir aufschreiben, weil ich selbst keine Ahnung von den Themen habe.\u201c<\/p>\n<p>Mehr zu den Turbolenzen in der CDU<a href=\"https:\/\/www.tagesspiegel.de\/politik\/auch-in-der-eigenen-partei-brockelt-der-ruckhalt-umfrage-offenbart-unmut-uber-merz-umbau-der-regierung-15900183.html?icid=topic-list_15904968___\" data-gtm-class=\"article-mzt-link\" data-hydrate-fingerprint=\"09740a54944caac75fd2c0c63fd5c5df\" data-hydrate-props=\"{&amp;escapedquot;element&amp;escapedquot;:{&amp;escapedquot;type&amp;escapedquot;:&amp;escapedquot;relatedContent&amp;escapedquot;,&amp;escapedquot;fieldMap&amp;escapedquot;:{},&amp;escapedquot;relation&amp;escapedquot;:{&amp;escapedquot;fields&amp;escapedquot;:{&amp;escapedquot;isPaid&amp;escapedquot;:null},&amp;escapedquot;href&amp;escapedquot;:&amp;escapedquot;\/politik\/auch-in-der-eigenen-partei-brockelt-der-ruckhalt-umfrage-offenbart-unmut-uber-merz-umbau-der-regierung-15900183.html&amp;escapedquot;,&amp;escapedquot;teaserTitle&amp;escapedquot;:{&amp;escapedquot;kicker&amp;escapedquot;:&amp;escapedquot;Auch in der eigenen Partei br\u00f6ckelt der R\u00fcckhalt&amp;escapedquot;,&amp;escapedquot;headline&amp;escapedquot;:&amp;escapedquot;Umfrage offenbart Unmut \u00fcber Merz\u2019 Umbau der Regierung&amp;escapedquot;},&amp;escapedquot;id&amp;escapedquot;:&amp;escapedquot;15900183&amp;escapedquot;,&amp;escapedquot;type&amp;escapedquot;:&amp;escapedquot;story&amp;escapedquot;},&amp;escapedquot;isPartOfList&amp;escapedquot;:true,&amp;escapedquot;topicListType&amp;escapedquot;:&amp;escapedquot;topic-list&amp;escapedquot;},&amp;escapedquot;showArrow&amp;escapedquot;:true}\" data-hydrate-slots=\"{&#039;default&#039;:[]}\" class=\"tspBPkk tspBSl8\" rel=\"nofollow noopener\" target=\"_blank\">Auch in der eigenen Partei br\u00f6ckelt der R\u00fcckhalt Umfrage offenbart Unmut \u00fcber Merz\u2019 Umbau der Regierung <\/a><a href=\"https:\/\/www.tagesspiegel.de\/politik\/merz-kann-es-nicht-ein-kanzlerwechsel-gilt-in-der-cdu-als-moglich-15899945.html?icid=topic-list_15904968___\" data-gtm-class=\"article-mzt-link\" data-hydrate-fingerprint=\"09740a54944caac75fd2c0c63fd5c5df\" data-hydrate-props=\"{&amp;escapedquot;element&amp;escapedquot;:{&amp;escapedquot;type&amp;escapedquot;:&amp;escapedquot;relatedContent&amp;escapedquot;,&amp;escapedquot;fieldMap&amp;escapedquot;:{},&amp;escapedquot;relation&amp;escapedquot;:{&amp;escapedquot;fields&amp;escapedquot;:{&amp;escapedquot;isPaid&amp;escapedquot;:true},&amp;escapedquot;href&amp;escapedquot;:&amp;escapedquot;\/politik\/merz-kann-es-nicht-ein-kanzlerwechsel-gilt-in-der-cdu-als-moglich-15899945.html&amp;escapedquot;,&amp;escapedquot;teaserTitle&amp;escapedquot;:{&amp;escapedquot;kicker&amp;escapedquot;:&amp;escapedquot;\u201eMerz kann es nicht\u201c&amp;escapedquot;,&amp;escapedquot;headline&amp;escapedquot;:&amp;escapedquot;Ein Kanzlerwechsel gilt in der CDU als m\u00f6glich&amp;escapedquot;},&amp;escapedquot;id&amp;escapedquot;:&amp;escapedquot;15899945&amp;escapedquot;,&amp;escapedquot;type&amp;escapedquot;:&amp;escapedquot;story&amp;escapedquot;},&amp;escapedquot;isPartOfList&amp;escapedquot;:true,&amp;escapedquot;topicListType&amp;escapedquot;:&amp;escapedquot;topic-list&amp;escapedquot;},&amp;escapedquot;showArrow&amp;escapedquot;:true}\" data-hydrate-slots=\"{&#039;default&#039;:[]}\" class=\"tspBPkk tspBSl8\" rel=\"nofollow noopener\" target=\"_blank\">\u201eMerz kann es nicht\u201c Ein Kanzlerwechsel gilt in der CDU als m\u00f6glich <\/a><a href=\"https:\/\/www.tagesspiegel.de\/politik\/personalrochade-geht-weiter-merz-tauscht-abteilungsleiterin-im-kanzleramt-aus-15904368.html?icid=topic-list_15904968___\" data-gtm-class=\"article-mzt-link\" data-hydrate-fingerprint=\"09740a54944caac75fd2c0c63fd5c5df\" data-hydrate-props=\"{&amp;escapedquot;element&amp;escapedquot;:{&amp;escapedquot;type&amp;escapedquot;:&amp;escapedquot;relatedContent&amp;escapedquot;,&amp;escapedquot;fieldMap&amp;escapedquot;:{},&amp;escapedquot;relation&amp;escapedquot;:{&amp;escapedquot;fields&amp;escapedquot;:{&amp;escapedquot;isPaid&amp;escapedquot;:null},&amp;escapedquot;href&amp;escapedquot;:&amp;escapedquot;\/politik\/personalrochade-geht-weiter-merz-tauscht-abteilungsleiterin-im-kanzleramt-aus-15904368.html&amp;escapedquot;,&amp;escapedquot;teaserTitle&amp;escapedquot;:{&amp;escapedquot;kicker&amp;escapedquot;:&amp;escapedquot;Personalrochade geht weiter&amp;escapedquot;,&amp;escapedquot;headline&amp;escapedquot;:&amp;escapedquot;Merz tauscht Abteilungsleiterin im Kanzleramt aus&amp;escapedquot;},&amp;escapedquot;id&amp;escapedquot;:&amp;escapedquot;15904368&amp;escapedquot;,&amp;escapedquot;type&amp;escapedquot;:&amp;escapedquot;story&amp;escapedquot;},&amp;escapedquot;isPartOfList&amp;escapedquot;:true,&amp;escapedquot;topicListType&amp;escapedquot;:&amp;escapedquot;topic-list&amp;escapedquot;},&amp;escapedquot;showArrow&amp;escapedquot;:true}\" data-hydrate-slots=\"{&#039;default&#039;:[]}\" class=\"tspBPkk tspBSl8\" rel=\"nofollow noopener\" target=\"_blank\">Personalrochade geht weiter Merz tauscht Abteilungsleiterin im Kanzleramt aus <\/a><\/p>\n<p class=\"tspADdy\">Merz verzichtete aufgrund des R\u00fcckziehers G\u00fcntzlers zun\u00e4chst darauf, die geplante Entlassung Schnieders \u00f6ffentlich zu kommunizieren, obwohl der Plan bereits durchgesickert war. <a href=\"https:\/\/www.tagesspiegel.de\/politik\/schnieder-tritt-zuruck-cdu-politiker-bilger-soll-neuer-verkehrsminister-werden--merz-bedauert-umstande-des-amtswechsels-15883504.html?icid=in-text-link_15904968\" class=\"link link--internal\" data-gtm-class=\"article-text-link\" data-gtm-val=\"internal\" rel=\"nofollow noopener\" target=\"_blank\">Am Sonntag bat der Minister selbst um Entlassung, um den \u201eunw\u00fcrdigen Zustand\u201c zu beenden.<\/a> Aus der CDU gab es deutliche Kritik an Merz\u2019 Vorgehen.<\/p>\n<p class=\"tspADdy\">G\u00fcntzer berichtete, er habe am Rande der Unionsfraktionssitzung am Mittwoch kurz pers\u00f6nlich mit Merz gesprochen und sich noch einmal f\u00fcr seine Kehrtwende entschuldigt. \u201eEr hat vorgeschlagen, dass wir uns mal auf ein Bier treffen\u201c, so der Bundestagsabgeordnete. Nach dem pers\u00f6nlichen Austausch mit dem Kanzler sei er \u201eunheimlich erleichtert\u201c gewesen. (dpa\/AFP)<\/p>\n","protected":false},"excerpt":{"rendered":"Sein R\u00fcckzieher hatte den Kanzler in heftige Turbulenzen gest\u00fcrzt\u00a0\u2013 nun hat der CDU-Bundestagsabgeordnete Fritz G\u00fcntzler die Reaktion von&hellip;\n","protected":false},"author":2,"featured_media":1208070,"comment_status":"","ping_status":"","sticky":false,"template":"","format":"standard","meta":{"footnotes":"","_share_on_mastodon":"0"},"categories":[5],"tags":[331,332,31,3364,29,775,30,13,14,15,74903,12],"class_list":["post-1208069","post","type-post","status-publish","format-standard","has-post-thumbnail","category-nachrichten","tag-aktuelle-nachrichten","tag-aktuelle-news","tag-cdu","tag-de","tag-deutschland","tag-friedrich-merz","tag-germany","tag-headlines","tag-nachrichten","tag-news","tag-patrick-schnieder","tag-schlagzeilen"],"share_on_mastodon":{"url":"https:\/\/pubeurope.com\/@de\/117020236576788505","error":""},"_links":{"self":[{"href":"https:\/\/www.europesays.com\/de\/wp-json\/wp\/v2\/posts\/1208069","targetHints":{"allow":["GET"]}}],"collection":[{"href":"https:\/\/www.europesays.com\/de\/wp-json\/wp\/v2\/posts"}],"about":[{"href":"https:\/\/www.europesays.com\/de\/wp-json\/wp\/v2\/types\/post"}],"author":[{"embeddable":true,"href":"https:\/\/www.europesays.com\/de\/wp-json\/wp\/v2\/users\/2"}],"replies":[{"embeddable":true,"href":"https:\/\/www.europesays.com\/de\/wp-json\/wp\/v2\/comments?post=1208069"}],"version-history":[{"count":0,"href":"https:\/\/www.europesays.com\/de\/wp-json\/wp\/v2\/posts\/1208069\/revisions"}],"wp:featuredmedia":[{"embeddable":true,"href":"https:\/\/www.europesays.com\/de\/wp-json\/wp\/v2\/media\/1208070"}],"wp:attachment":[{"href":"https:\/\/www.europesays.com\/de\/wp-json\/wp\/v2\/media?parent=1208069"}],"wp:term":[{"taxonomy":"category","embeddable":true,"href":"https:\/\/www.europesays.com\/de\/wp-json\/wp\/v2\/categories?post=1208069"},{"taxonomy":"post_tag","embeddable":true,"href":"https:\/\/www.europesays.com\/de\/wp-json\/wp\/v2\/tags?post=1208069"}],"curies":[{"name":"wp","href":"https:\/\/api.w.org\/{rel}","templated":true}]}}