{"id":1208283,"date":"2026-08-01T14:34:19","date_gmt":"2026-08-01T14:34:19","guid":{"rendered":"https:\/\/www.europesays.com\/de\/1208283\/"},"modified":"2026-08-01T14:34:19","modified_gmt":"2026-08-01T14:34:19","slug":"fussball-im-dauerregen-dynamo-dresden-macht-union-berlin-nass-sport","status":"publish","type":"post","link":"https:\/\/www.europesays.com\/de\/1208283\/","title":{"rendered":"Fu\u00dfball: Im Dauerregen! Dynamo Dresden macht Union Berlin nass | Sport"},"content":{"rendered":"<p><a class=\"skip-content skip-content--link\" href=\"#in-content-skip-link-target-v-0-0\">TTS-Player \u00fcberspringen\u21b5<\/a><a id=\"in-content-skip-link-target-v-0-0\" class=\"skip-content--target-link-hidden skip-content skip-content--target-link\" href=\"#in-content-skip-link-target-v-0-0\">Artikel weiterlesen<\/a><\/p>\n<p data-21134c99=\"0-2443\"><b>Generalprobe gegl\u00fcckt! Zweitligist Dynamo Dresden schl\u00e4gt eine Woche vorm Saisonstart Bundesligist Union Berlin mit 2:1.<\/b><\/p>\n<p data-21134c99=\"0-2443\">Im Vergleich zum <a href=\"https:\/\/www.bild.de\/sport\/fussball\/dynamo-dresden-erste-pleite-daempfer-bei-doppel-test-gegen-cottbus-6a6485d9413df7c047eea4bc\" class=\"text-link\" rel=\"nofollow noopener\" target=\"_blank\">XXL-Test vor einer Woche gegen Cottbus<\/a> gibt\u00b4s nur eine einzige \u00c4nderung in der Start-Elf: Kaan Inanoglu erh\u00e4lt auf der rechten Bahn den Vorzug vor Jakob Lemmer. Damit scheinen die Pl\u00e4tze f\u00fcr die Anfangs-Formation zum Liga-Start kommenden Sonntag beim 1. FC N\u00fcrnberg mehr oder weniger vergeben zu sein.<\/p>\n<p data-21134c99=\"0-2443\">Den Ton gibt allerdings erstmal Union an. Obwohl die Berliner erst in drei Wochen in die Bundesliga-Saison starten, haben sie deutlich mehr Ballbesitz, lassen die SGD kaum zur Entfaltung kommen. <\/p>\n<p>Mehr zum Thema<\/p>\n<p data-21134c99=\"0-2443\">Fast folgerichtig die F\u00fchrung f\u00fcr die G\u00e4ste: Nach einer Flanke von rechts k\u00f6pft Tom Rothe am langen Pfosten ein (19.). Sein Gegenspieler Jonas Sterner dabei zu passiv. Allerdings schl\u00e4gt <a href=\"https:\/\/www.bild.de\/sport\/fussball\/dynamo-dresden\/startseite-dynamo-46789412.bild.html\" class=\"text-link\" rel=\"nofollow noopener\" target=\"_blank\">Dynamo Dresden<\/a> postwendend zur\u00fcck. \u00dcber Inanoglu und Sterner landet der Ball bei Niklas Hauptmann, der Neu-Kapit\u00e4n vollstreckt sehenswert (22.).<\/p>\n<p data-21134c99=\"0-2443\">Dabei bleibt\u00b4s bis zum Pausenpfiff, obwohl Union deutlich mehr vom Spiel hat. \u201eDas ist ein sehr guter H\u00e4rtetest gegen eine sehr physische Mannschaft. Da m\u00fcssen wir uns wehren, machen das aber bis jetzt sehr ordentlich\u201c, meinte Sportchef S\u00f6ren Gonther in der Halbzeitpause im MDR. <\/p>\n<p><img decoding=\"async\" width=\"992\" height=\"558\" alt=\"Torj\u00e4ger Vincent Vermeij (l.) ballt nach seinem Treffer die Siegerfaust\" loading=\"lazy\" src=\"https:\/\/www.europesays.com\/de\/wp-content\/uploads\/2026\/08\/d1bbda8b65c645478dae171e9c5bba3c,8bf1dd43.jpeg\"   class=\"landscape\"\/><\/p>\n<p class=\"fig__caption__text\">Torj\u00e4ger Vincent Vermeij (l.) ballt nach seinem Treffer die Siegerfaust<\/p>\n<p>Foto: Renner\/City-Press<\/p>\n<p data-21134c99=\"0-2443\">Ulf Kirsten sah\u00b4s zumindest etwas kritischer. \u201eWir haben uns zu sehr hinten reindr\u00e4ngen lassen, hatten bis auf eine Phase nach dem Ausgleich kaum Ballbesitz und vor allem viele Standards zugelassen\u201c, fand Dynamos Sturm-Legende. \u201eUnion hat sehr k\u00f6rperbetont gespielt und den Ball gut laufen lassen. Das ist halt Bundesliga.\u201c<\/p>\n<p>Vermeij k\u00f6pft zum 2:1<\/p>\n<p data-21134c99=\"0-2443\">Nach dem Seitenwechsel r\u00fcckt Elias Bethke f\u00fcr <a href=\"https:\/\/www.bild.de\/sport\/fussball\/2-bundesliga-torwart-entscheidung-bei-dynamo-dresden-gefallen-6a6dd91714a05012ea302526\" class=\"text-link\" rel=\"nofollow noopener\" target=\"_blank\">Tim Schreiber ins Tor<\/a>, der im ersten Durchgang mit zwei guten Reflexen zu \u00fcberzeugen wusste. Und diesmal der Zweitligist mit dem besseren Start. Nach einer Rossipal-Ecke nickt Vincent Vermeij zum 2:1 ein (52.). Da wurde es den Dynamo-Fans unter den 25.000 Zuschauern bei nur 19 Grad und Dauerregen warm ums Herz.<\/p>\n<p data-21134c99=\"0-2443\">Es folgte eine wahre Wechsel-Arie, beide Teams tauschten Mitte der zweiten Halbzeit nahezu ihr komplettes Personal. Bei Union kommt u.a. Ex-Dynamo Dmytro Bohdanov. Im Zuge seines Wechsels vor einem Jahr wurde die Partie ins Abl\u00f6se-Paket eingebaut. Ein Klassenunterschied ist danach nicht mehr zu sehen. Das Spiel bis zum Schluss ausgeglichen, sogar mit den besseren Chancen f\u00fcr Dresden. Fazit: Das Team von Trainer Thomas Stamm scheint f\u00fcr die neue Zweitliga-Saison ger\u00fcstet.<\/p>\n","protected":false},"excerpt":{"rendered":"TTS-Player \u00fcberspringen\u21b5Artikel weiterlesen Generalprobe gegl\u00fcckt! Zweitligist Dynamo Dresden schl\u00e4gt eine Woche vorm Saisonstart Bundesligist Union Berlin mit 2:1.&hellip;\n","protected":false},"author":2,"featured_media":1208284,"comment_status":"","ping_status":"","sticky":false,"template":"","format":"standard","meta":{"footnotes":"","_share_on_mastodon":"0"},"categories":[1825],"tags":[621,296,299,29,3766,347,30,6963,3460,11460,76011],"class_list":["post-1208283","post","type-post","status-publish","format-standard","has-post-thumbnail","category-berlin","tag-2-bundesliga","tag-berlin","tag-bundesliga","tag-deutschland","tag-dynamo-dresden","tag-fussball","tag-germany","tag-sieg","tag-sport-leuchtturm-leipzig","tag-testspiel","tag-vermeij-vincent"],"share_on_mastodon":{"url":"https:\/\/pubeurope.com\/@de\/117020753167215992","error":""},"_links":{"self":[{"href":"https:\/\/www.europesays.com\/de\/wp-json\/wp\/v2\/posts\/1208283","targetHints":{"allow":["GET"]}}],"collection":[{"href":"https:\/\/www.europesays.com\/de\/wp-json\/wp\/v2\/posts"}],"about":[{"href":"https:\/\/www.europesays.com\/de\/wp-json\/wp\/v2\/types\/post"}],"author":[{"embeddable":true,"href":"https:\/\/www.europesays.com\/de\/wp-json\/wp\/v2\/users\/2"}],"replies":[{"embeddable":true,"href":"https:\/\/www.europesays.com\/de\/wp-json\/wp\/v2\/comments?post=1208283"}],"version-history":[{"count":0,"href":"https:\/\/www.europesays.com\/de\/wp-json\/wp\/v2\/posts\/1208283\/revisions"}],"wp:featuredmedia":[{"embeddable":true,"href":"https:\/\/www.europesays.com\/de\/wp-json\/wp\/v2\/media\/1208284"}],"wp:attachment":[{"href":"https:\/\/www.europesays.com\/de\/wp-json\/wp\/v2\/media?parent=1208283"}],"wp:term":[{"taxonomy":"category","embeddable":true,"href":"https:\/\/www.europesays.com\/de\/wp-json\/wp\/v2\/categories?post=1208283"},{"taxonomy":"post_tag","embeddable":true,"href":"https:\/\/www.europesays.com\/de\/wp-json\/wp\/v2\/tags?post=1208283"}],"curies":[{"name":"wp","href":"https:\/\/api.w.org\/{rel}","templated":true}]}}