{"id":1208486,"date":"2026-08-01T16:35:04","date_gmt":"2026-08-01T16:35:04","guid":{"rendered":"https:\/\/www.europesays.com\/de\/1208486\/"},"modified":"2026-08-01T16:35:04","modified_gmt":"2026-08-01T16:35:04","slug":"muenster-freisprechungsfeier-der-gaertnerinnen-gabot-de","status":"publish","type":"post","link":"https:\/\/www.europesays.com\/de\/1208486\/","title":{"rendered":"M\u00fcnster: Freisprechungsfeier der G\u00e4rtner*innen | Gabot.de"},"content":{"rendered":"<p class=\"bold\">Mit der feierlichen Freisprechung im Bildungszentrum Gartenbau in M\u00fcnster endete f\u00fcr 46 angehende Landschaftsg\u00e4rtner*innen ein wichtiger Abschnitt ihrer Ausbildung. Gemeinsam mit ihren Familien, Ausbilder*innen sowie zahlreichen G\u00e4sten feierten die Absolvent*innen ihren erfolgreichen Berufsabschluss und den Beginn eines neuen Kapitels in ihrem beruflichen Werdegang.\n\t\t\t\t\t<\/p>\n<p>\t\t\t\tAnzeige<\/p>\n<p>    <a href=\"#\" target=\"_blank\"><img decoding=\"async\" src=\"https:\/\/www.europesays.com\/de\/wp-content\/uploads\/2026\/08\/avw.gif\" border=\"0\" alt=\"\"\/><\/a><\/p>\n<p>Zur Freisprechungsfeier begr\u00fc\u00dften Gerrit Ahrens, Michael Reiffenschneider und Gregor Breidenstein als Vertreter des Verbandes Garten-, Landschafts- und Sportplatzbau NRW e. V. (VGL NRW) die neuen Fachkr\u00e4fte. Sie gratulierten den Absolvent*innen herzlich und w\u00fcrdigten das <strong>Engagement<\/strong>, die <strong>Ausdauer <\/strong>und das <strong>handwerkliche K\u00f6nnen<\/strong>, das sie w\u00e4hrend ihrer <strong>Ausbildungszeit <\/strong>unter Beweis gestellt haben. Gleichzeitig betonten sie die hervorragenden Zukunftsperspektiven des Garten- und Landschaftsbaus, der mit seinen vielf\u00e4ltigen Aufgaben einen wichtigen Beitrag zu Klimaanpassung, Biodiversit\u00e4t und einer lebenswerten Gestaltung von St\u00e4dten und Gemeinden leistet.<\/p>\n<p>F\u00fcr ihre herausragenden Pr\u00fcfungsleistungen wurden die drei besten Absolvent*innen besonders ausgezeichnet:<\/p>\n<p><strong>1. Platz:\u00a0<\/strong>Constantin Dormann<br \/>Josef Schulte im Hof, M\u00fcnster<br \/>Abschlussnote: 1,66<\/p>\n<p><strong>2. Platz:\u00a0<\/strong>Moritz Kattentidt<br \/>Ahrens, M\u00fcnster<br \/>Abschlussnote: 1,69<\/p>\n<p><strong>3. Platz:\u00a0<\/strong>Tom Herbort<br \/>L\u00f6sings Gartenflora, Altenberge<br \/>Abschlussnote: 1,72<\/p>\n<p>Mit ihrem erfolgreichen Ausbildungsabschluss stehen den neuen Landschaftsg\u00e4rtner*innen vielf\u00e4ltige berufliche Perspektiven offen. Ob bei der Gestaltung klimaresilienter Freir\u00e4ume, der Entwicklung nachhaltiger Gr\u00fcnkonzepte oder der Pflege \u00f6ffentlicher und privater Au\u00dfenanlagen \u2013 sie tragen k\u00fcnftig ma\u00dfgeblich dazu bei, unsere Umwelt lebenswerter und zukunftsf\u00e4higer zu gestalten.<\/p>\n","protected":false},"excerpt":{"rendered":"Mit der feierlichen Freisprechung im Bildungszentrum Gartenbau in M\u00fcnster endete f\u00fcr 46 angehende Landschaftsg\u00e4rtner*innen ein wichtiger Abschnitt ihrer&hellip;\n","protected":false},"author":2,"featured_media":1208487,"comment_status":"","ping_status":"","sticky":false,"template":"","format":"standard","meta":{"footnotes":"","_share_on_mastodon":"0"},"categories":[1843],"tags":[3364,282,29,84184,251717,30,284,8970,1209],"class_list":["post-1208486","post","type-post","status-publish","format-standard","has-post-thumbnail","category-muenster","tag-de","tag-der","tag-deutschland","tag-freisprechungsfeier","tag-gaertnerinnen","tag-germany","tag-in","tag-muenster","tag-nordrhein-westfalen"],"share_on_mastodon":{"url":"","error":""},"_links":{"self":[{"href":"https:\/\/www.europesays.com\/de\/wp-json\/wp\/v2\/posts\/1208486","targetHints":{"allow":["GET"]}}],"collection":[{"href":"https:\/\/www.europesays.com\/de\/wp-json\/wp\/v2\/posts"}],"about":[{"href":"https:\/\/www.europesays.com\/de\/wp-json\/wp\/v2\/types\/post"}],"author":[{"embeddable":true,"href":"https:\/\/www.europesays.com\/de\/wp-json\/wp\/v2\/users\/2"}],"replies":[{"embeddable":true,"href":"https:\/\/www.europesays.com\/de\/wp-json\/wp\/v2\/comments?post=1208486"}],"version-history":[{"count":0,"href":"https:\/\/www.europesays.com\/de\/wp-json\/wp\/v2\/posts\/1208486\/revisions"}],"wp:featuredmedia":[{"embeddable":true,"href":"https:\/\/www.europesays.com\/de\/wp-json\/wp\/v2\/media\/1208487"}],"wp:attachment":[{"href":"https:\/\/www.europesays.com\/de\/wp-json\/wp\/v2\/media?parent=1208486"}],"wp:term":[{"taxonomy":"category","embeddable":true,"href":"https:\/\/www.europesays.com\/de\/wp-json\/wp\/v2\/categories?post=1208486"},{"taxonomy":"post_tag","embeddable":true,"href":"https:\/\/www.europesays.com\/de\/wp-json\/wp\/v2\/tags?post=1208486"}],"curies":[{"name":"wp","href":"https:\/\/api.w.org\/{rel}","templated":true}]}}