{"id":1208516,"date":"2026-08-01T16:53:28","date_gmt":"2026-08-01T16:53:28","guid":{"rendered":"https:\/\/www.europesays.com\/de\/1208516\/"},"modified":"2026-08-01T16:53:28","modified_gmt":"2026-08-01T16:53:28","slug":"generation-deutschland-verletzter-bei-afd-demo-in-schwerin","status":"publish","type":"post","link":"https:\/\/www.europesays.com\/de\/1208516\/","title":{"rendered":"Generation Deutschland: Verletzter bei AfD-Demo in Schwerin"},"content":{"rendered":"<p>Generation Deutschland <\/p>\n<p>Verletzter bei Demo von AfD-Jugendorganisation<\/p>\n<p>Aktualisiert am 01.08.2026 &#8211; 18:24 UhrLesedauer: 1 Min.<\/p>\n<p><a href=\"#focus-0\" class=\"transition-colors block text-current relative\" data-sctrack=\"FocusGalleryImage.Reference\"><img fetchpriority=\"high\" data-testid=\"Opener.Image\"   loading=\"eager\" src=\"https:\/\/www.europesays.com\/de\/wp-content\/uploads\/2026\/08\/teilnehmer-einer-demonstration-der-afd-jugendorganisation-generation-deutschland-halten-deutschlandf.jpeg\" alt=\"urn:newsml:dpa.com:20090101:260801-935-1517192\" title=\"urn:newsml:dpa.com:20090101:260801-935-1517192\" width=\"800\" height=\"450\" class=\"bg-[url:var(--lqipURL)] bg-cover bg-center flex h-full w-full max-w-full\" style=\"--lqipURL:url('https:\/\/images.t-online.de\/2026\/08\/-J1IvD7W7nK0\/0x65:800x450\/fit-in\/150x0\/filters:blur(25)\/teilnehmer-einer-demonstration-der-afd-jugendorganisation-generation-deutschland-halten-deutschlandfahnen-in-die-luft.jpg')\" decoding=\"async\"\/><img loading=\"lazy\" src=\"https:\/\/www.t-online.de\/s\/paper\/_next\/static\/media\/zoom-in.f7dae02f.svg\" alt=\"Vergr\u00f6\u00dfern des Bildes\" title=\"Vergr\u00f6\u00dfern des Bildes\" class=\"block h-[calc(var(--height)_\/_16_*_1rem)] w-[calc(var(--width)_\/_16_*_1rem)] max-w-none absolute right-8 bottom-8 rounded-4 bg-snow p-8\" style=\"--width:32;--height:32\" decoding=\"async\"\/><\/a><\/p>\n<p>Teilnehmer einer Demonstration der AfD-Jugendorganisation Generation Deutschland halten Deutschlandfahnen in die Luft. (Quelle: Philip Dulian\/dpa)<\/p>\n<p class=\"font-bold text-18 leading-17 user-text-lg:text-22 user-text-xl:text-24\">In Schwerin prallen junge Anh\u00e4nger der AfD mit Gegendemonstranten zusammen. Dabei wird auch ein Landesvorsitzender der Generation Deutschland verletzt.<\/p>\n<p class=\"text-18 leading-17 user-text-lg:text-22 user-text-xl:text-24\">Am Rande einer Demonstration der AfD-Jugendorganisation Generation Deutschland in <a href=\"https:\/\/www.t-online.de\/themen\/schwerin\/\" class=\"transition-colors cursor-pointer no-underline md:hover:text-magenta md:focus:text-magenta border-b border-solid border-current text-salemsfur md:hover:border-magenta\" data-tracking=\"{&quot;action&quot;:&quot;click&quot;,&quot;category&quot;:&quot;intextLink&quot;,&quot;label&quot;:&quot;\/themen\/schwerin\/&quot;}\" data-sctrack=\"BodyAnchor\" rel=\"nofollow noopener\" target=\"_blank\">Schwerin<\/a> ist ein Mann bei einer Auseinandersetzung verletzt worden. Es handele sich um den Landesvorsitzenden der Generation Deutschland in <a href=\"https:\/\/hamburg.t-online.de\/region\/hamburg\/\" class=\"transition-colors cursor-pointer no-underline md:hover:text-magenta md:focus:text-magenta border-b border-solid border-current text-salemsfur md:hover:border-magenta\" data-tracking=\"{&quot;action&quot;:&quot;click&quot;,&quot;category&quot;:&quot;intextLink&quot;,&quot;label&quot;:&quot;https:\/\/hamburg.t-online.de\/region\/hamburg\/&quot;}\" data-sctrack=\"BodyAnchor\" rel=\"nofollow noopener\" target=\"_blank\">Hamburg<\/a>, Michael Schumann, sagte eine Polizeisprecherin. Zuvor hatte das Magazin &#8222;Nius&#8220; \u00fcber die Identit\u00e4t des Verletzten berichtet.<\/p>\n<p class=\"text-18 leading-17 user-text-lg:text-22 user-text-xl:text-24\">Gut 400 Teilnehmer waren laut Polizei am Nachmittag zu einer Kundgebung mit dem Titel &#8222;Tag der Deutschen Jugend&#8220; ins Stadtzentrum von Schwerin gekommen. Knapp 500 Gegendemonstranten waren ebenfalls vor Ort. Sie versuchten, mit lautstarken Rufch\u00f6ren die Kundgebung der AfD-Jugendorganisation zu \u00fcbert\u00f6nen. Z\u00e4une hielten beide Lager voneinander getrennt.<\/p>\n<p class=\"text-18 leading-17 user-text-lg:text-22 user-text-xl:text-24\">Anschlie\u00dfend fand ein Aufzug der Jungen Generation durch Schwerin statt. Gegner versuchten, ihn mit Sitzblockaden zu behindern. Daraufhin wurde der Streckenverlauf ge\u00e4ndert.<\/p>\n<p class=\"text-18 leading-17 user-text-lg:text-22 user-text-xl:text-24\">Die Polizei ist mit einem Gro\u00dfaufgebot im Schweriner Stadtzentrum pr\u00e4sent. Neben Beamten aus Mecklenburg-Vorpommern waren auch Einsatzkr\u00e4fte aus Sachsen und Nordrhein-Westfalen am Alten Garten zu sehen.<\/p>\n","protected":false},"excerpt":{"rendered":"Generation Deutschland Verletzter bei Demo von AfD-Jugendorganisation Aktualisiert am 01.08.2026 &#8211; 18:24 UhrLesedauer: 1 Min. Teilnehmer einer Demonstration&hellip;\n","protected":false},"author":2,"featured_media":1208517,"comment_status":"","ping_status":"","sticky":false,"template":"","format":"standard","meta":{"footnotes":"","_share_on_mastodon":"0"},"categories":[2],"tags":[326,186,331,3924,332,3922,3364,507,29,26980,30,692,13,251723,14,3923,15,3921,121,12,14844],"class_list":["post-1208516","post","type-post","status-publish","format-standard","has-post-thumbnail","category-deutschland","tag-326","tag-afd","tag-aktuelle-nachrichten","tag-aktuelle-nachrichten-aus-deutschland","tag-aktuelle-news","tag-aktuelle-news-aus-deutschland","tag-de","tag-demonstration","tag-deutschland","tag-deutschlandfahne","tag-germany","tag-hamburg","tag-headlines","tag-michael-schumann","tag-nachrichten","tag-nachrichten-aus-deutschland","tag-news","tag-news-aus-deutschland","tag-polizei","tag-schlagzeilen","tag-schwerin"],"share_on_mastodon":{"url":"https:\/\/pubeurope.com\/@de\/117021299799959134","error":""},"_links":{"self":[{"href":"https:\/\/www.europesays.com\/de\/wp-json\/wp\/v2\/posts\/1208516","targetHints":{"allow":["GET"]}}],"collection":[{"href":"https:\/\/www.europesays.com\/de\/wp-json\/wp\/v2\/posts"}],"about":[{"href":"https:\/\/www.europesays.com\/de\/wp-json\/wp\/v2\/types\/post"}],"author":[{"embeddable":true,"href":"https:\/\/www.europesays.com\/de\/wp-json\/wp\/v2\/users\/2"}],"replies":[{"embeddable":true,"href":"https:\/\/www.europesays.com\/de\/wp-json\/wp\/v2\/comments?post=1208516"}],"version-history":[{"count":0,"href":"https:\/\/www.europesays.com\/de\/wp-json\/wp\/v2\/posts\/1208516\/revisions"}],"wp:featuredmedia":[{"embeddable":true,"href":"https:\/\/www.europesays.com\/de\/wp-json\/wp\/v2\/media\/1208517"}],"wp:attachment":[{"href":"https:\/\/www.europesays.com\/de\/wp-json\/wp\/v2\/media?parent=1208516"}],"wp:term":[{"taxonomy":"category","embeddable":true,"href":"https:\/\/www.europesays.com\/de\/wp-json\/wp\/v2\/categories?post=1208516"},{"taxonomy":"post_tag","embeddable":true,"href":"https:\/\/www.europesays.com\/de\/wp-json\/wp\/v2\/tags?post=1208516"}],"curies":[{"name":"wp","href":"https:\/\/api.w.org\/{rel}","templated":true}]}}