{"id":1208577,"date":"2026-08-01T17:33:12","date_gmt":"2026-08-01T17:33:12","guid":{"rendered":"https:\/\/www.europesays.com\/de\/1208577\/"},"modified":"2026-08-01T17:33:12","modified_gmt":"2026-08-01T17:33:12","slug":"queerfeindliche-gewalt-polizei-dokumentiert-31-straftaten-am-csd-wochenende-in-berlin","status":"publish","type":"post","link":"https:\/\/www.europesays.com\/de\/1208577\/","title":{"rendered":"Queerfeindliche Gewalt: Polizei dokumentiert 31 Straftaten am CSD-Wochenende in Berlin"},"content":{"rendered":"<p class=\"paragraph article__item\">Die <a class=\"rtr-entity\" href=\"https:\/\/www.zeit.de\/thema\/polizei\" rel=\"nofollow noopener\" target=\"_blank\">Polizei<\/a> Berlin hat im Zusammenhang mit dem Christopher Street Day (CSD) am vergangenen Wochenende insgesamt 31 Straftaten erfasst. Darunter sind acht Beleidigungen, sieben F\u00e4lle sexueller Bel\u00e4stigung, sieben K\u00f6rperverletzungen, drei gef\u00e4hrliche K\u00f6rperverletzungen, zwei t\u00e4tliche Angriffe auf Vollstreckungsbeamte, ein r\u00e4uberischer Diebstahl sowie eine Vergewaltigung einer widerstandsunf\u00e4higen Person, wie aus einer Antwort der Polizei auf eine Anfrage der ZEIT hervorgeht.\n<\/p>\n<p class=\"paragraph article__item\">Im Versammlungszeitraum leitete die Polizei 39 Strafermittlungsverfahren ein und ermittelte bislang 29 Tatverd\u00e4chtige. Bei 63 Personen wurden freiheitsbeschr\u00e4nkende Ma\u00dfnahmen ergriffen, eine Person kam wegen eines Versto\u00dfes gegen das Berliner Versammlungsfreiheitsgesetz in Gewahrsam. Insgesamt ist im Vergleich zu den Vorjahren demnach kein Anstieg der erfassten <a class=\"rtr-entity\" href=\"https:\/\/www.zeit.de\/thema\/straftat\" rel=\"nofollow noopener\" target=\"_blank\">Straftaten<\/a> zu verzeichnen.\n<\/p>\n<p>            Sch\u00fcsse mit Softairwaffe            <\/p>\n<p class=\"paragraph article__item\">Im Ortsteil Sch\u00f6neberg etwa <a href=\"https:\/\/www.zeit.de\/news\/2026-07\/25\/schuesse-mit-softairwaffe-auf-csd-teilnehmende\" target=\"_blank\" rel=\"nofollow noopener\">schoss am Nachmittag des CSD<\/a> jemand aus einer Wohnung mit einer Softairwaffe auf vier Teilnehmende und zwei Polizeikr\u00e4fte, die dabei leicht verletzt wurden. Ein Tatverd\u00e4chtiger konnte nach Angaben der Polizei nicht ermittelt werden. Eine Softairwaffe ist eine Nachbildung einer echten Schusswaffe. Sie verschie\u00dft meist kleine Rundkugeln, etwa aus Kunststoff, \u00fcber ein Druckluftsystem und wird vor allem im Airsoft genutzt, einem relativ neuen Schie\u00dfsport.\n<\/p>\n<p class=\"paragraph article__item\">Bei einer Gegenkundgebung zum <a class=\"rtr-entity\" href=\"https:\/\/www.zeit.de\/thema\/christopher-street-day\" rel=\"nofollow noopener\" target=\"_blank\">CSD<\/a> wurden Angaben der Polizei zufolge Personen der als rechtsextrem geltenden Gruppierung \u00bbDeutsche<br \/>\n Patrioten Voran\u00ab festgestellt und \u00fcberpr\u00fcft. Die Anmelderin kam in<br \/>\nGewahrsam, weil <a href=\"https:\/\/www.berliner-zeitung.de\/article\/haltung-ist-hot-berlin-feiert-den-groessten-csd-seiner-geschichte-am-abend-singt-sarah-connor-10232810\" target=\"_blank\" rel=\"nofollow noopener\">sie eine Elektroimpulswaffe mitf\u00fchrte<\/a>; zudem leitete die<br \/>\n Polizei Berlin weitere Strafermittlungen wegen des Mitf\u00fchrens verbotener Gegenst\u00e4nde sowie verbotener Symbole ein.\n<\/p>\n<p class=\"paragraph article__item\">Nicht enthalten in diesen Zahlen sind die Straftaten im Zusammenhang mit dem islamistischen Anschlag im Gro\u00dfen Tiergarten, bei dem ein 21-J\u00e4hriger mit einem Kleinbus gezielt in Menschen fuhr und anschlie\u00dfend mit einer Machete auf sie einstach. Dabei wurde eine Frau get\u00f6tet, 31 Menschen wurden verletzt. <a href=\"https:\/\/www.t-online.de\/nachrichten\/panorama\/gesellschaft\/id_101365264\/nach-csd-anschlag-gedenkstaette-in-berlin-durch-feuer-beschaedigt.html\" target=\"_blank\" rel=\"nofollow noopener\">Medienberichten zufolge<\/a>, die sich auf die Polizei beriefen, ist der im Nachgang am Tiergarten errichtete Gedenkort f\u00fcr die Opfer durch Brandstiftung besch\u00e4digt worden.\n<\/p>\n<p>            \u00dcbergriffe aus verschiedenen Milieus            <\/p>\n<p class=\"paragraph article__item\">Auch die Berliner Register z\u00e4hlten im Vorfeld und <a href=\"https:\/\/berliner-register.de\/vorfall\/afa20791-c15f-4cb9-9735-6197dc2de45c\/\" target=\"_blank\" rel=\"nofollow noopener\">Umfeld des CSD<\/a> mindestens 17 queerfeindliche Vorf\u00e4lle, darunter sechs <a href=\"https:\/\/berliner-register.de\/vorfall\/4d0a1efc-d69a-42bd-a28d-c9d13afe637c\/\" target=\"_blank\" rel=\"nofollow noopener\">k\u00f6rperliche \u00dcbergriffe<\/a> und <a href=\"https:\/\/berliner-register.de\/vorfall\/da474a6b-e571-45e0-b721-63e1b51c7f67\/\" target=\"_blank\" rel=\"nofollow noopener\">sieben Beleidigungen<\/a>. Die Register sind vom Land <a class=\"rtr-entity\" href=\"https:\/\/www.zeit.de\/thema\/berlin\" rel=\"nofollow noopener\" target=\"_blank\">Berlin<\/a> gef\u00f6rderte, in allen zw\u00f6lf Bezirken angesiedelte Meldestellen, die rassistische, antisemitische, <a href=\"https:\/\/berliner-register.de\/vorfall\/15c3e476-f924-41ad-a3df-8fd1cf3e86f0\/\" target=\"_blank\" rel=\"nofollow noopener\">queerfeindliche<\/a> und andere <a href=\"https:\/\/berliner-register.de\/vorfall\/f483a16c-82fa-4546-8746-4e6006d8ebe7\/\" target=\"_blank\" rel=\"nofollow noopener\">diskriminierende Vorf\u00e4lle<\/a> erfassen \u2013 auch dann, wenn sie nicht strafbar sind oder nicht angezeigt werden. Unabh\u00e4ngig \u00fcberpr\u00fcfen lassen sich die Angaben daher nicht in allen F\u00e4llen.\n<\/p>\n<p>\n                                        Newsletter<br \/>\n                                        Was jetzt, im Osten?<\/p>\n<p class=\"newsletter-signup__text\">Anl\u00e4sslich der bevorstehenden Landtagswahlen erhalten Sie ab dem 15. Juli w\u00f6chentlich Nachrichten und Stimmungsbilder zum Wahlkampf sowie zum Alltagsleben und zur Kultur im Osten der Republik.<\/p>\n<p class=\"newsletter-signup__datapolicy\" hidden=\"\">\n            Mit Ihrer Registrierung nehmen Sie die <a href=\"https:\/\/datenschutz.zeit.de\/zon#Newsletter\" target=\"_blank\" rel=\"nofollow noopener\">Datenschutzerkl\u00e4rung<\/a> zur Kenntnis.\n        <\/p>\n<p>    Vielen Dank! Wir haben Ihnen eine E-Mail geschickt.<\/p>\n<p>Pr\u00fcfen Sie Ihr Postfach und best\u00e4tigen Sie das Newsletter-Abonnement.<\/p>\n<p class=\"paragraph article__item\">Nicht alle Vorf\u00e4lle seien bei der Polizei angezeigt worden, schreibt die<br \/>\n Koordinatorin der Berliner Register, Lea L\u00f6lh\u00f6ffel, auf Anfrage der<br \/>\nZEIT. Sie sieht Hinweise auf eine gezielte Strategie: \u00bbWenn queere<br \/>\nMenschen f\u00fcr ihre Sichtbarkeit demonstrieren, erfahren sie starke<br \/>\nGegenwehr.\u00ab Queerfeindlichkeit sei \u00bbdas Bindeglied zwischen<br \/>\nverschiedenen extrem rechten und fundamentalistischen Milieus\u00ab.\n<\/p>\n<p>LGBTQI+<\/p>\n<p>            Queerfeindlichkeit        <\/p>\n<p>                <a href=\"https:\/\/www.zeit.de\/familie\/2026-07\/anschlag-csd-berlin-queerfeinlichkeit-homophobie-gewalt\" data-ct-label=\"Anschlag auf CSD: Die Realit\u00e4t ist kompliziert. Wir sollten uns ihr stellen\" data-uuid=\"66766fa3-9d94-4957-9207-9d0ca4306a41\" rel=\"nofollow noopener\" target=\"_blank\"><\/p>\n<p>        Z+ (abopflichtiger Inhalt);<\/p>\n<p>    Anschlag auf CSD:<br \/>\n                        Die Realit\u00e4t ist kompliziert. Wir sollten uns ihr stellen<\/p>\n<p>                <\/a><\/p>\n<p>                <a href=\"https:\/\/www.zeit.de\/2026\/33\/queeres-leben-deutschland-homophobie-gewalt-rechtsextremismus-islamismus\" data-ct-label=\"Queeres Leben in Deutschland: So frei und so gef\u00e4hrdet\" data-uuid=\"90cced05-3f15-4436-a944-2d38965b30d1\" rel=\"nofollow noopener\" target=\"_blank\"><\/p>\n<p>        Z+ (abopflichtiger Inhalt);<\/p>\n<p>    Queeres Leben in Deutschland:<br \/>\n                        So frei und so gef\u00e4hrdet<\/p>\n<p>                <\/a><\/p>\n<p>                <a href=\"https:\/\/www.zeit.de\/zeit-magazin\/leben\/2026-07\/csd-berlin-anschlag-queere-community-protokoll-fs\" data-ct-label=\"CSD Berlin: \u00bbDie Pride wird sich nicht mehr anf\u00fchlen wie vor dem Anschlag\u00ab\" data-uuid=\"f46604e6-e199-4d6b-90b3-c709dff1bb50\" rel=\"nofollow noopener\" target=\"_blank\"><\/p>\n<p>        Z+ (abopflichtiger Inhalt);<\/p>\n<p>    CSD Berlin:<br \/>\n                        \u00bbDie Pride wird sich nicht mehr anf\u00fchlen wie vor dem Anschlag\u00ab<\/p>\n<p>                <\/a><\/p>\n","protected":false},"excerpt":{"rendered":"Die Polizei Berlin hat im Zusammenhang mit dem Christopher Street Day (CSD) am vergangenen Wochenende insgesamt 31 Straftaten&hellip;\n","protected":false},"author":2,"featured_media":1208578,"comment_status":"","ping_status":"","sticky":false,"template":"","format":"standard","meta":{"footnotes":"","_share_on_mastodon":"0"},"categories":[1825],"tags":[296,30485,29,30,682,16,121,251727,17644,8247,14453,1921,2021],"class_list":["post-1208577","post","type-post","status-publish","format-standard","has-post-thumbnail","category-berlin","tag-berlin","tag-christopher-street-day","tag-deutschland","tag-germany","tag-koerperverletzung","tag-politik","tag-polizei","tag-queerfeindliche-gewalt","tag-schoeneberg","tag-sexuelle-belaestigung","tag-straftat","tag-vergewaltigung","tag-zeit"],"share_on_mastodon":{"url":"https:\/\/pubeurope.com\/@de\/117021455486345502","error":""},"_links":{"self":[{"href":"https:\/\/www.europesays.com\/de\/wp-json\/wp\/v2\/posts\/1208577","targetHints":{"allow":["GET"]}}],"collection":[{"href":"https:\/\/www.europesays.com\/de\/wp-json\/wp\/v2\/posts"}],"about":[{"href":"https:\/\/www.europesays.com\/de\/wp-json\/wp\/v2\/types\/post"}],"author":[{"embeddable":true,"href":"https:\/\/www.europesays.com\/de\/wp-json\/wp\/v2\/users\/2"}],"replies":[{"embeddable":true,"href":"https:\/\/www.europesays.com\/de\/wp-json\/wp\/v2\/comments?post=1208577"}],"version-history":[{"count":0,"href":"https:\/\/www.europesays.com\/de\/wp-json\/wp\/v2\/posts\/1208577\/revisions"}],"wp:featuredmedia":[{"embeddable":true,"href":"https:\/\/www.europesays.com\/de\/wp-json\/wp\/v2\/media\/1208578"}],"wp:attachment":[{"href":"https:\/\/www.europesays.com\/de\/wp-json\/wp\/v2\/media?parent=1208577"}],"wp:term":[{"taxonomy":"category","embeddable":true,"href":"https:\/\/www.europesays.com\/de\/wp-json\/wp\/v2\/categories?post=1208577"},{"taxonomy":"post_tag","embeddable":true,"href":"https:\/\/www.europesays.com\/de\/wp-json\/wp\/v2\/tags?post=1208577"}],"curies":[{"name":"wp","href":"https:\/\/api.w.org\/{rel}","templated":true}]}}