{"id":1208617,"date":"2026-08-01T17:57:15","date_gmt":"2026-08-01T17:57:15","guid":{"rendered":"https:\/\/www.europesays.com\/de\/1208617\/"},"modified":"2026-08-01T17:57:15","modified_gmt":"2026-08-01T17:57:15","slug":"pol-hro-polizeieinsatz-anlaesslich-der-spielbegegnung-zwischen-dem-f-c-hansa-rostock","status":"publish","type":"post","link":"https:\/\/www.europesays.com\/de\/1208617\/","title":{"rendered":"POL-HRO: Polizeieinsatz anl\u00e4sslich der Spielbegegnung zwischen dem F.C. Hansa Rostock &#8230;"},"content":{"rendered":"<p class=\"date\">01.08.2026 \u2013 19:35<\/p>\n<p class=\"customer\">\n                        <a class=\"story-customer\" title=\"weiter zum newsroom von Polizeipr\u00e4sidium Rostock\" href=\"https:\/\/www.presseportal.de\/blaulicht\/nr\/108746\" rel=\"nofollow noopener\" target=\"_blank\">Polizeipr\u00e4sidium Rostock<\/a>\n                    <\/p>\n<p><a data-category=\"citylink-story-view\" data-action=\"click\" data-label=\"Citylink in Meldungsansicht\" class=\"story-city event-trigger\" href=\"https:\/\/www.presseportal.de\/regional\/Rostock\" title=\"News aus Rostock \" rel=\"nofollow noopener\" target=\"_blank\">Rostock<\/a> (ots)<\/p>\n<p>Am Samstag, dem 01.08.2026, hat im Rostocker Ostseestadion das Fu\u00dfballtestspiel zwischen dem F.C. Hansa Rostock und Borussia M\u00f6nchengladbach stattgefunden. Das Spiel war im Vorfeld als Problemspiel eingestuft worden. Das Spiel besuchten 20.000 Zuschauer, darunter ca. 1000 G\u00e4stefans. Kurz vor Spielbeginn kam es im Ostseestadion auf der Osttrib\u00fcne zu einem medizinischen Notfall, in dessen Folge die Partie 45 Minuten sp\u00e4ter angepfiffen wurde. Im weiteren Verlauf kam es zu keinen nennenswerten Zwischenf\u00e4llen. Die Fertigung der Pressemitteilung erfolgte auf Basis der um 18:00 Uhr vorliegenden Erkenntnisse.<\/p>\n<p>Sascha Puchala<\/p>\n<p>Polizeif\u00fchrer vom Dienst<\/p>\n<p class=\"contact-headline\">R\u00fcckfragen bitte an:<\/p>\n<p class=\"contact-text\">Einsatzleitstelle Polizeipr\u00e4sidium Rostock<\/p>\n<p>R\u00fcckfragen au\u00dferhalb der B\u00fcrozeiten und am Wochenende:<\/p>\n<p>Polizeipr\u00e4sidium Rostock<br \/>Einsatzleitstelle\/Polizeif\u00fchrer vom Dienst<br \/>Telefon: 038208 888-2110<br \/>E-Mail: <a href=\"https:\/\/www.presseportal.de\/blaulicht\/pm\/108746\/mailto:elst-pp.rostock@polmv.de\" class=\"uri-mailto\" rel=\"nofollow noopener\" target=\"_blank\">elst-pp.rostock@polmv.de<\/a><\/p>\n<p>R\u00fcckfragen zu B\u00fcrozeiten:<\/p>\n<p>Polizeipr\u00e4sidium Rostock<br \/>Newsroom<br \/>Telefon: 038208 888-2040<br \/>E-Mail: <a href=\"https:\/\/www.presseportal.de\/blaulicht\/pm\/108746\/mailto:pressestelle-pp.rostock@polizei.mv-regierung.de\" class=\"uri-mailto\" rel=\"nofollow noopener\" target=\"_blank\">pressestelle-pp.rostock@polizei.mv-regierung.de<\/a><\/p>\n<p class=\"originator\">Original-Content von: Polizeipr\u00e4sidium Rostock, \u00fcbermittelt durch news aktuell<\/p>\n","protected":false},"excerpt":{"rendered":"01.08.2026 \u2013 19:35 Polizeipr\u00e4sidium Rostock Rostock (ots) Am Samstag, dem 01.08.2026, hat im Rostocker Ostseestadion das Fu\u00dfballtestspiel zwischen&hellip;\n","protected":false},"author":2,"featured_media":1184682,"comment_status":"","ping_status":"","sticky":false,"template":"","format":"standard","meta":{"footnotes":"","_share_on_mastodon":"0"},"categories":[1849],"tags":[3364,29,548,663,3934,30,13,177,4455,1352,14,15,1209,121,178,180,179,181,12],"class_list":["post-1208617","post","type-post","status-publish","format-standard","has-post-thumbnail","category-moenchengladbach","tag-de","tag-deutschland","tag-eu","tag-europa","tag-europe","tag-germany","tag-headlines","tag-kriminalitt","tag-moenchengladbach","tag-mv","tag-nachrichten","tag-news","tag-nordrhein-westfalen","tag-polizei","tag-presse","tag-pressemeldung","tag-pressemitteilung","tag-pressemitteilungen","tag-schlagzeilen"],"share_on_mastodon":{"url":"https:\/\/pubeurope.com\/@de\/117021549962178974","error":""},"_links":{"self":[{"href":"https:\/\/www.europesays.com\/de\/wp-json\/wp\/v2\/posts\/1208617","targetHints":{"allow":["GET"]}}],"collection":[{"href":"https:\/\/www.europesays.com\/de\/wp-json\/wp\/v2\/posts"}],"about":[{"href":"https:\/\/www.europesays.com\/de\/wp-json\/wp\/v2\/types\/post"}],"author":[{"embeddable":true,"href":"https:\/\/www.europesays.com\/de\/wp-json\/wp\/v2\/users\/2"}],"replies":[{"embeddable":true,"href":"https:\/\/www.europesays.com\/de\/wp-json\/wp\/v2\/comments?post=1208617"}],"version-history":[{"count":0,"href":"https:\/\/www.europesays.com\/de\/wp-json\/wp\/v2\/posts\/1208617\/revisions"}],"wp:featuredmedia":[{"embeddable":true,"href":"https:\/\/www.europesays.com\/de\/wp-json\/wp\/v2\/media\/1184682"}],"wp:attachment":[{"href":"https:\/\/www.europesays.com\/de\/wp-json\/wp\/v2\/media?parent=1208617"}],"wp:term":[{"taxonomy":"category","embeddable":true,"href":"https:\/\/www.europesays.com\/de\/wp-json\/wp\/v2\/categories?post=1208617"},{"taxonomy":"post_tag","embeddable":true,"href":"https:\/\/www.europesays.com\/de\/wp-json\/wp\/v2\/tags?post=1208617"}],"curies":[{"name":"wp","href":"https:\/\/api.w.org\/{rel}","templated":true}]}}