{"id":1208671,"date":"2026-08-01T18:37:18","date_gmt":"2026-08-01T18:37:18","guid":{"rendered":"https:\/\/www.europesays.com\/de\/1208671\/"},"modified":"2026-08-01T18:37:18","modified_gmt":"2026-08-01T18:37:18","slug":"ein-verruecktes-44-in-hannover-und-klare-auswaertssiege","status":"publish","type":"post","link":"https:\/\/www.europesays.com\/de\/1208671\/","title":{"rendered":"Ein verr\u00fccktes 4:4 in Hannover und klare Ausw\u00e4rtssiege"},"content":{"rendered":"<p>Regionalliga Nord: Die \u00dcbersicht aller Partien des 1. Spieltags<\/p>\n<p>von red \u00b7 Heute, 17:28 Uhr \u00b7 0 Leser<\/p>\n<p><img fetchpriority=\"high\" decoding=\"async\" loading=\"eager\" src=\"https:\/\/www.europesays.com\/de\/wp-content\/uploads\/2026\/08\/960x640.jpeg\" alt=\"\" title=\"\" width=\"960\" height=\"640\" class=\"sc-wadapo-3 klmthQ\"\/> \u2013 Foto: Imago Images<\/p>\n<p>Am 1. Spieltag der Regionalliga Nord sind vier weitere Partien heute ausgetragen worden. W\u00e4hrend Hannover 96 II und FSV Sch\u00f6ningen mit Ausw\u00e4rtssiegen erfolgreich in die Saison starteten, trennten sich HSC Hannover und BSV Kickers Emden in einem torreichen Spiel unentschieden. Auch das Duell zwischen VfB L\u00fcbeck und SC Weiche Flensburg 08 endete ohne Sieger.<\/p>\n<p class=\"PDq2pG_selectionAnchorContainer\" data-start=\"987\" data-end=\"1404\">Zum Auftakt der neuen Spielzeit hat VfB Oldenburg ein deutliches Ausrufezeichen gesetzt. Beim Ausw\u00e4rtsspiel beim SV Werder Bremen II feierte die Mannschaft einen 3:0-Erfolg. Nach einer torlosen ersten Halbzeit sorgte Mats Facklam in der 53. Minute f\u00fcr die F\u00fchrung des VfB Oldenburg. In der 73. Minute erh\u00f6hte Marc Schr\u00f6der auf 2:0. Den Schlusspunkt setzte erneut Mats Facklam, der in der 89. Minute einen Foulelfmeter zum 3:0-Endstand verwandelte.<\/p>\n<p>Der SV Drochtersen\/Assel erwischte einen gelungenen Start in die neue Saison. Vor heimischer Kulisse setzte sich die Mannschaft mit 2:1 gegen 1. FC Ph\u00f6nix L\u00fcbeck durch. Zun\u00e4chst brachte Julian Markvoort den 1. FC Ph\u00f6nix L\u00fcbeck in der 41. Minute mit 1:0 in F\u00fchrung. Nach dem Seitenwechsel gelang Christopher Schepp in der 58. Minute der Ausgleich. Nur acht Minuten sp\u00e4ter drehte Christopher Schepp die Partie mit seinem zweiten Treffer des Tages und erzielte in der 66. Minute den 2:1-Endstand.<\/p>\n<p>&#8212;<\/p>\n<p>Dramatik pur erlebten die 450 Zuschauer in Hannover bei einem wahrhaften Fu\u00dfballkrimi, der in einem denkw\u00fcrdigen Unentschieden m\u00fcndete. Den ersten Treffer der Begegnung erzielte Luc Ihorst, der in der f\u00fcnften Minute durch einen Foulelfmeter das 0:1 besorgte. Die Hausherren antworteten durch Finn Hoffmann in der 16. Minute mit dem 1:1. Das 2:1 erzielte Nick Bode in der 39. Minute. Nach dem Seitenwechsel baute Lukas Dominke die F\u00fchrung in der 57. Minute auf 3:1 aus, bevor Paul Wegner in der 63. Minute das 4:1 markierte. Die G\u00e4ste bewiesen daraufhin eine enorme Moral: Zun\u00e4chst verk\u00fcrzte Luc Ihorst in der 70. Minute auf 4:2 und traf in der 85. Minute auch zum 4:3. Den viel umjubelten Schlusspunkt setzte Theo Schr\u00f6der, der in der dritten Minute der Nachspielzeit (90.+3) das 4:4 erzielte.<\/p>\n<p>&#8212;<\/p>\n<p>Vor 2463 Zuschauern lieferten sich die Kontrahenten einen intensiven und hart umk\u00e4mpften Schlagabtausch, an dessen Ende eine Punkteteilung stand. Das 1:0 fiel in der 28. Minute durch Selim Ajkic. Der Ausgleich zum 1:1-Endstand gelang Kevin Ntika Bondombe in der zweiten Minute der Nachspielzeit der ersten Halbzeit (45.+2). Die zweite H\u00e4lfte war von hoher Emotionalit\u00e4t gepr\u00e4gt, bei der die Gastgeber einen empfindlichen R\u00fcckschlag hinnehmen mussten: In der 60. Minute musste Maximilian Sch\u00fctt vom VfB L\u00fcbeck nach einer Gelb-Roten Karte das Spielfeld verlassen. Trotz der numerischen Unterzahl retteten die Hausherren das Remis \u00fcber die Zeit. <\/p>\n<p>&#8212;<\/p>\n<p>Die Hausherren erlebten eine bittere Heimniederlage, w\u00e4hrend die G\u00e4ste einen abgekl\u00e4rten und umjubelten Ausw\u00e4rtssieg feierten. Das 0:1 erzielte Ayhan Cankor in der 17. Minute. F\u00fcr den 0:2-Endstand sorgte Tom-Luca Winter in der 80. Minute. Zuvor hatten sich die G\u00e4ste selbst geschw\u00e4cht, als Julian Weigel vom FSV Sch\u00f6ningen in der 68. Minute mit einer Roten Karte des Platzes verwiesen wurde. Die Heimmannschaft konnte aus dieser \u00dcberzahl jedoch kein Kapital schlagen. <\/p>\n<p>&#8212;<\/p>\n<p>Einen makellosen Auftritt legte die Zweitvertretung hin und f\u00fcgte den Gastgebern eine schmerzhafte und deutliche Niederlage zu. Den Torreigen er\u00f6ffnete Julius Meusel in der 41. Minute mit dem Treffer zum 0:1. In der 54. Minute baute Rafael Martins Marques die F\u00fchrung auf 0:2 aus. Die Hoffnungen der Heimmannschaft auf eine Wende erhielten einen herben D\u00e4mpfer, als Mussa Tasmin in der 63. Minute die Gelb-Rote Karte sah. Die numerische \u00dcberlegenheit nutzten die G\u00e4ste im direkten Anschluss eiskalt aus, als Florent Aliqki in der 83. Minute den Treffer zum 0:3-Endstand markierte. <\/p>\n<p>&#8212;<\/p>\n<p>F\u00fcr den FC Eintracht Norderstedt beginnt die Saison mit einer Begegnung gegen den neu aufgestiegenen SV Atlas Delm.. Norderstedt beendete die vergangene Spielzeit auf Rang 15 und sammelte 30 Punkte. Sieben Siege, neun Unentschieden und 18 Niederlagen sowie 51:79 Tore zeigen, wie schwer der Weg durch die Saison war.<\/p>\n<p>Der Gegner aus Delmenhorst kommt neu in die Regionalliga Nord und besitzt deshalb keine Bilanz aus der vergangenen Regionalliga-Saison. Das macht die Kr\u00e4fteverh\u00e4ltnisse schwerer greifbar, nicht aber die Bedeutung der Partie. Norderstedt trifft zum Auftakt auf einen Neuling und kann sich auf die Erfahrung der vergangenen Spielzeit st\u00fctzen. Delmenhorst erh\u00e4lt dagegen sofort eine erste Antwort auf die Frage, wie gro\u00df der Schritt in die neue Spielklasse tats\u00e4chlich ist.<\/p>\n<p>&#8212;<\/p>\n<p>F\u00fcr Todesfelde beginnt mit dem ersten Spieltag ein neues Kapitel. Der Aufsteiger trifft auf FC St. Pauli II, der die vergangene Saison auf Rang 16 abschloss. Die Hamburger holten 25 Punkte aus vier Siegen, 13 Unentschieden und 17 Niederlagen. Das Torverh\u00e4ltnis von 38:72 dokumentierte vor allem die Schwierigkeiten, aus zahlreichen engen Begegnungen Siege zu machen.<\/p>\n<p>Todesfelde bringt keine Regionalliga-Bilanz aus der Vorsaison mit und betritt die Spielklasse entsprechend ohne statistischen Vergleichswert. Dennoch besitzt das Auftaktduell eine klare Spannung: Der Neuling will die Energie des Aufstiegs nutzen, w\u00e4hrend St. Pauli II eine Saison hinter sich lassen muss, in der nur vier Erfolge gelangen. F\u00fcr beide Mannschaften er\u00f6ffnet sich die M\u00f6glichkeit, die neue Runde mit einem Ergebnis zu beginnen, das sofort Zuversicht schafft.<\/p>\n<p>&#8212;<\/p>\n<p> Fr., 21.08.2026, 20:00 Uhr <\/p>\n<p>Die zweite Mannschaft des Hamburger SV erwartet den Neuling Eimsb\u00fctteler TV erst am 21. August.<\/p>\n<p>__________________________________________________________________________________________________<\/p>\n<p>Die Mission von FuPa.net: Wir sind das Mitmachportal VON Amateurfu\u00dfballern F\u00dcR Amateurfu\u00dfballer.<\/p>\n<p>Jetzt anmelden &amp; Vereinsverwalter werden: <a href=\"https:\/\/www.fupa.net\/auth\/login\" rel=\"nofollow noopener\" target=\"_blank\">https:\/\/www.fupa.net\/auth\/login<\/a><\/p>\n<p>_________________________________________________________________________________________________<\/p>\n","protected":false},"excerpt":{"rendered":"Regionalliga Nord: Die \u00dcbersicht aller Partien des 1. Spieltags von red \u00b7 Heute, 17:28 Uhr \u00b7 0 Leser&hellip;\n","protected":false},"author":2,"featured_media":1208672,"comment_status":"","ping_status":"","sticky":false,"template":"","format":"standard","meta":{"footnotes":"","_share_on_mastodon":"0"},"categories":[1836],"tags":[70174,54763,86853,3364,29,165896,86854,459,99219,30,3150,46,2366,40761,1411,15384,15383,86852,97777,86855,109401,2365,40325,86851],"class_list":["post-1208671","post","type-post","status-publish","format-standard","has-post-thumbnail","category-hannover","tag-1-fc-phoenix-luebeck","tag-bremer-sv","tag-bsv-kickers-emden","tag-de","tag-deutschland","tag-eimsbuetteler-tv","tag-fc-eintracht-norderstedt","tag-fc-st-pauli","tag-fsv-schoeningen","tag-germany","tag-hamburger-sv","tag-hannover","tag-hannover-96","tag-hsc-hannover","tag-niedersachsen","tag-regionalliga-nord","tag-sc-weiche-flensburg-08","tag-ssv-jeddeloh","tag-sv-atlas-delmenhorst","tag-sv-drochtersen-assel","tag-sv-todesfelde","tag-sv-werder-bremen","tag-vfb-luebeck","tag-vfb-oldenburg"],"share_on_mastodon":{"url":"https:\/\/pubeurope.com\/@de\/117021708892901690","error":""},"_links":{"self":[{"href":"https:\/\/www.europesays.com\/de\/wp-json\/wp\/v2\/posts\/1208671","targetHints":{"allow":["GET"]}}],"collection":[{"href":"https:\/\/www.europesays.com\/de\/wp-json\/wp\/v2\/posts"}],"about":[{"href":"https:\/\/www.europesays.com\/de\/wp-json\/wp\/v2\/types\/post"}],"author":[{"embeddable":true,"href":"https:\/\/www.europesays.com\/de\/wp-json\/wp\/v2\/users\/2"}],"replies":[{"embeddable":true,"href":"https:\/\/www.europesays.com\/de\/wp-json\/wp\/v2\/comments?post=1208671"}],"version-history":[{"count":0,"href":"https:\/\/www.europesays.com\/de\/wp-json\/wp\/v2\/posts\/1208671\/revisions"}],"wp:featuredmedia":[{"embeddable":true,"href":"https:\/\/www.europesays.com\/de\/wp-json\/wp\/v2\/media\/1208672"}],"wp:attachment":[{"href":"https:\/\/www.europesays.com\/de\/wp-json\/wp\/v2\/media?parent=1208671"}],"wp:term":[{"taxonomy":"category","embeddable":true,"href":"https:\/\/www.europesays.com\/de\/wp-json\/wp\/v2\/categories?post=1208671"},{"taxonomy":"post_tag","embeddable":true,"href":"https:\/\/www.europesays.com\/de\/wp-json\/wp\/v2\/tags?post=1208671"}],"curies":[{"name":"wp","href":"https:\/\/api.w.org\/{rel}","templated":true}]}}