{"id":1208797,"date":"2026-08-01T20:04:14","date_gmt":"2026-08-01T20:04:14","guid":{"rendered":"https:\/\/www.europesays.com\/de\/1208797\/"},"modified":"2026-08-01T20:04:14","modified_gmt":"2026-08-01T20:04:14","slug":"generation-deutschland-funktionaer-der-generation-deutschland-bei-demo-in-schwerin-verletzt","status":"publish","type":"post","link":"https:\/\/www.europesays.com\/de\/1208797\/","title":{"rendered":"Generation Deutschland : Funktion\u00e4r der Generation Deutschland bei Demo in Schwerin verletzt"},"content":{"rendered":"<p>\n                        Die AfD-Jugendorganisation Generation Deutschland hatte in Schwerin zu einem \u00bbTag der Deutschen Jugend\u00ab aufgerufen. Eine Person wurde verletzt.\n                    <\/p>\n<p>                Schlie\u00dfen<br \/>\n                Artikelzusammenfassung<\/p>\n<p>In Schwerin kippte der \u00bbTag der Deutschen Jugend\u00ab vom rechten Demo-Setting in eine handfeste Eskalation. Am Rand der Kundgebung der AfD-Jugendorganisation Generation Deutschland wurde nach Polizeiangaben Michael Schumann, der Hamburger Landeschef der Gruppe, bei einer Auseinandersetzung verletzt, wobei die von der AfD Hamburg in den Raum gestellte Antifa-T\u00e4terschaft bislang unbest\u00e4tigt bleibt \u2013 ein klassischer Fall von schneller Zuschreibung, d\u00fcnner Faktenlage. W\u00e4hrend rund 400 AfD-Anh\u00e4nger im Stadtzentrum aufliefen, versuchten knapp 500 Gegendemonstranten mit Sprechch\u00f6ren, sp\u00e4ter auch mit Sitzblockaden, den Auftritt akustisch und logistisch zu crashen; Z\u00e4une und ein massives Polizeiaufgebot hielten die Lager zun\u00e4chst auseinander. Schumann soll auf dem Weg vom Auto zum Treffpunkt attackiert und anschlie\u00dfend im Rettungswagen behandelt worden sein, doch \u00fcber die Verletzungsschwere und einen m\u00f6glichen Kliniktransport herrscht weiter Nebel, w\u00e4hrend gegen drei Personen wegen des Verdachts der K\u00f6rperverletzung ermittelt wird. Der sp\u00e4tere Aufzug der Jugendorganisation musste wegen der Blockaden umgeleitet werden, und so zeigt der Nachmittag in Schwerin einmal mehr, wie sich Stra\u00dfenprotest, politische Inszenierung und Sicherheitsapparat zu einem unerquicklich vertrauten Deutschland-Podcast aus Parolen, Absperrgittern und Lagebildern verdichten.<\/p>\n<p>                Diese Zusammenfassung wurde mithilfe von K\u00fcnstlicher Intelligenz erstellt. Vereinzelt kann es dabei zu Fehlern kommen.<\/p>\n<p class=\"summy__feedback-paragraph\">Fanden Sie die Zusammenfassung hilfreich? <\/p>\n<p>                        Gef\u00e4llt mir<\/p>\n<p>                        Gef\u00e4llt mir<\/p>\n<p>                        Gef\u00e4llt mir nicht<\/p>\n<p>                        Gef\u00e4llt mir nicht<\/p>\n<p>                        Send<\/p>\n<p>        Sie k\u00f6nnen sich Artikel der ZEIT in der Google-Suche nun bevorzugt anzeigen lassen.<\/p>\n<p>        <a class=\"zps-widget__icon\" href=\"https:\/\/www.google.com\/preferences\/source?q=zeit.de\" data-ct-label=\"Google Preferred Source Onboarding Widget Icon\" id=\"zps-link-icon-activate\" aria-label=\"ZEIT als bevorzugte Quelle bei Google aktivieren\" target=\"_blank\" rel=\"nofollow noopener\"><\/p>\n<p>        <\/a><\/p>\n<p>            <img decoding=\"async\" class=\"article__media-item\" src=\"https:\/\/www.europesays.com\/de\/wp-content\/uploads\/2026\/08\/1785614654_109_wide__1000x562.jpeg\" alt=\"Generation Deutschland AfD Jugendorganisation Schwerin Michael Schumann\"\/><\/p>\n<p>                    Demo-Teilnehmer der AfD-Jugendorganisation Generation Deutschland ziehen durch die Schweriner Innenstadt.<br \/>\n            \u00a9\u00a0Philip Dulian\/\u200bpicture alliance\/\u200bdpa<\/p>\n<p class=\"paragraph article__item\">Am Rande einer Demonstration der <a href=\"https:\/\/www.instagram.com\/p\/DYnLYqtKruq\/\" target=\"_blank\" rel=\"nofollow noopener\">AfD-Jugendorganisation Generation Deutschland<\/a> in <a class=\"rtr-entity\" href=\"https:\/\/www.zeit.de\/thema\/schwerin\" rel=\"nofollow noopener\" target=\"_blank\">Schwerin<\/a> ist ein Mann bei einer Auseinandersetzung verletzt worden. Nach Angaben der Polizei handelt es sich bei dem Verletzten um den Hamburger Landesvorsitzenden der Organisation, Michael Schumann. Laut <a href=\"https:\/\/www.welt.de\/politik\/deutschland\/article6a6e26aaef632fe6ede67f15\/schwerin-vorsitzender-von-afd-jugendorganisation-bei-demo-offenbar-angegriffen-und-verletzt.html?source=puerto-reco-2_ABC-V50.5.B_schlagzeilen\" target=\"_blank\" rel=\"nofollow noopener\">Medienberichten bezichtigt die AfD Hamburg die Antifa des \u00dcbergriffs<\/a>. Das hat die Polizei jedoch bisher nicht best\u00e4tigt.\n<\/p>\n<p class=\"paragraph article__item\">Am Nachmittag waren rund 400 Teilnehmer laut Polizei zu einer <a class=\"rtr-entity\" href=\"https:\/\/www.zeit.de\/thema\/demonstration\" rel=\"nofollow noopener\" target=\"_blank\">Kundgebung<\/a> mit dem Titel \u00bbTag der Deutschen Jugend\u00ab ins Stadtzentrum von Schwerin gekommen. Mit <a href=\"https:\/\/www.instagram.com\/rostock.nazifrei\/p\/DZVcutWomaY\/\" target=\"_blank\" rel=\"nofollow noopener\"> lautstarken Rufch\u00f6ren versuchten gleichzeitig knapp 500 Gegendemonstranten die Kundgebung<\/a> der AfD-Jugendorganisation zu \u00fcbert\u00f6nen. Z\u00e4une hielten beide Lager voneinander getrennt.\n<\/p>\n<p class=\"paragraph article__item\">Nach Informationen der ZEIT befand sich Schumann auf<br \/>\ndem Weg vom Auto zum Treffpunkt der Kundgebung, als er angegriffen wurde. Er<br \/>\nwurde vor Ort in einem Rettungswagen versorgt. Die Schwere seiner Verletzungen ist unklar. Genauso, ob er in ein Klinikum gebracht wurde, teilte die Polizei mit.\u00a0Nach Angaben der Polizei wird gegen drei Personen wegen<br \/>\ndes Verdachts der K\u00f6rperverletzung ermittelt.\n<\/p>\n<p>            Gegendemonstrationen mit Sitzblockaden            <\/p>\n<p class=\"paragraph article__item\">Im Anschluss an die Kundgebung fand zudem ein Aufzug der Jugendorganisation durch Schwerin statt. Diesen versuchten die <a href=\"https:\/\/www.zeit.de\/campus\/2026\/02\/polit-influencer-marcant-rechtsextremismus-afd-youtube\" target=\"_blank\" rel=\"nofollow noopener\">Gegendemonstranten<\/a><br \/>\nzeitweise mit Sitzblockaden zu behindern. Daraufhin wurde der Streckenverlauf<br \/>\nge\u00e4ndert.\n<\/p>\n<p class=\"paragraph article__item\">Die Polizei war mit einem Gro\u00dfaufgebot im Schweriner<br \/>\nStadtzentrum im Einsatz. Neben Beamten aus Mecklenburg-Vorpommern waren auch<br \/>\nEinsatzkr\u00e4fte aus Sachsen und Nordrhein-Westfalen vor Ort.\n<\/p>\n<p>Mehr zum Thema <\/p>\n<p>            Generation Deutschland        <\/p>\n<p>                <a href=\"https:\/\/www.zeit.de\/politik\/deutschland\/2026-04\/jean-pascal-hohm-afd-generation-deutschland-landtag-brandenburg\" data-ct-label=\"Jean-Pascal Hohm: Angreifer von rechts\" data-uuid=\"9552ec47-c2cb-4810-88ad-a3950b17d2de\" rel=\"nofollow noopener\" target=\"_blank\"><\/p>\n<p>        Z+ (abopflichtiger Inhalt);<\/p>\n<p>    Jean-Pascal Hohm:<br \/>\n                        Angreifer von rechts<\/p>\n<p>                <\/a><\/p>\n<p>                <a href=\"https:\/\/www.zeit.de\/politik\/deutschland\/2026-03\/kevin-dorow-afd-parteiausschluss-bundesvorstand-protest\" data-ct-label=\"Generation Deutschland: Eingeknickt\" data-uuid=\"b3914644-0d49-4b49-9eed-cd3bd7b24a8d\" rel=\"nofollow noopener\" target=\"_blank\"><\/p>\n<p>        Z+ (abopflichtiger Inhalt);<\/p>\n<p>    Generation Deutschland:<br \/>\n                        Eingeknickt<\/p>\n<p>                <\/a><\/p>\n<p>                <a href=\"https:\/\/www.zeit.de\/politik\/deutschland\/2025-11\/afd-generation-deutschland-jugendorganisation-giessen-gruendung-jean-pascal-hohm-neue-radikalitaet\" data-ct-label=\"Generation Deutschland: Am ganz rechten Rand\" data-uuid=\"8f362b03-7503-4568-a4ad-3f1bb7060d50\" rel=\"nofollow noopener\" target=\"_blank\"><\/p>\n<p>        Z+ (abopflichtiger Inhalt);<\/p>\n<p>    Generation Deutschland:<br \/>\n                        Am ganz rechten Rand<\/p>\n<p>                <\/a><\/p>\n<p>                            <script async src=\"\/\/www.instagram.com\/embed.js\"><\/script><\/p>\n","protected":false},"excerpt":{"rendered":"Die AfD-Jugendorganisation Generation Deutschland hatte in Schwerin zu einem \u00bbTag der Deutschen Jugend\u00ab aufgerufen. Eine Person wurde verletzt.&hellip;\n","protected":false},"author":2,"featured_media":1208798,"comment_status":"","ping_status":"","sticky":false,"template":"","format":"standard","meta":{"footnotes":"","_share_on_mastodon":"0"},"categories":[2],"tags":[331,3924,332,3922,150,3364,507,29,124938,30,1724,13,14,3923,15,3921,12,14844],"class_list":["post-1208797","post","type-post","status-publish","format-standard","has-post-thumbnail","category-deutschland","tag-aktuelle-nachrichten","tag-aktuelle-nachrichten-aus-deutschland","tag-aktuelle-news","tag-aktuelle-news-aus-deutschland","tag-alternative-fuer-deutschland","tag-de","tag-demonstration","tag-deutschland","tag-generation-deutschland","tag-germany","tag-gesellschaft","tag-headlines","tag-nachrichten","tag-nachrichten-aus-deutschland","tag-news","tag-news-aus-deutschland","tag-schlagzeilen","tag-schwerin"],"share_on_mastodon":{"url":"","error":""},"_links":{"self":[{"href":"https:\/\/www.europesays.com\/de\/wp-json\/wp\/v2\/posts\/1208797","targetHints":{"allow":["GET"]}}],"collection":[{"href":"https:\/\/www.europesays.com\/de\/wp-json\/wp\/v2\/posts"}],"about":[{"href":"https:\/\/www.europesays.com\/de\/wp-json\/wp\/v2\/types\/post"}],"author":[{"embeddable":true,"href":"https:\/\/www.europesays.com\/de\/wp-json\/wp\/v2\/users\/2"}],"replies":[{"embeddable":true,"href":"https:\/\/www.europesays.com\/de\/wp-json\/wp\/v2\/comments?post=1208797"}],"version-history":[{"count":0,"href":"https:\/\/www.europesays.com\/de\/wp-json\/wp\/v2\/posts\/1208797\/revisions"}],"wp:featuredmedia":[{"embeddable":true,"href":"https:\/\/www.europesays.com\/de\/wp-json\/wp\/v2\/media\/1208798"}],"wp:attachment":[{"href":"https:\/\/www.europesays.com\/de\/wp-json\/wp\/v2\/media?parent=1208797"}],"wp:term":[{"taxonomy":"category","embeddable":true,"href":"https:\/\/www.europesays.com\/de\/wp-json\/wp\/v2\/categories?post=1208797"},{"taxonomy":"post_tag","embeddable":true,"href":"https:\/\/www.europesays.com\/de\/wp-json\/wp\/v2\/tags?post=1208797"}],"curies":[{"name":"wp","href":"https:\/\/api.w.org\/{rel}","templated":true}]}}