{"id":1208823,"date":"2026-08-01T20:26:22","date_gmt":"2026-08-01T20:26:22","guid":{"rendered":"https:\/\/www.europesays.com\/de\/1208823\/"},"modified":"2026-08-01T20:26:22","modified_gmt":"2026-08-01T20:26:22","slug":"kommt-el-mala-bvb-boss-ricken-kuendigt-weitere-transfers-an","status":"publish","type":"post","link":"https:\/\/www.europesays.com\/de\/1208823\/","title":{"rendered":"Kommt El Mala? BVB-Boss Ricken k\u00fcndigt weitere Transfers an"},"content":{"rendered":"<p>\tKommt El Mala? BVB-Boss Ricken k\u00fcndigt weitere Transfers an<\/p>\n<p>\t\t\t\t\t\t<a href=\"https:\/\/www.sport.de\/fussball\/deutschland-bundesliga\/magazin\/\" rel=\"nofollow noopener\" target=\"_blank\"><img decoding=\"async\" onerror=\"this.style.display='none'\" src=\"https:\/\/www.europesays.com\/de\/wp-content\/uploads\/2025\/04\/12.png\" alt=\"Bundesliga\" title=\"Bundesliga\"\/>Bundesliga<\/a><\/p>\n<p>Artikel teilen<\/p>\n<p>\n\t\tDeutschland\u00a0Bundesliga\u00a0 News\n\t<\/p>\n<p>\t\t\t\t\t\t\t\t\t\t\t\t\t\t\t\t<img decoding=\"async\" src=\"https:\/\/www.europesays.com\/de\/wp-content\/uploads\/2026\/08\/vgzm.1820049-ne17025889.gif\" height=\"1\" width=\"1\" loading=\"eager\"\/>\t\t<\/p>\n<p>* Wir arbeiten in diesem Beitrag mit Affiliate-Links. Wenn Sie \u00fcber diese Links ein Produkt kaufen, erhalten wir vom Anbieter eine Provision. F\u00fcr Sie entstehen dabei keine Mehrkosten. Wo und wann Sie ein Produkt kaufen, bleibt nat\u00fcrlich Ihnen \u00fcberlassen.<\/p>\n","protected":false},"excerpt":{"rendered":"Kommt El Mala? BVB-Boss Ricken k\u00fcndigt weitere Transfers an Bundesliga Artikel teilen Deutschland\u00a0Bundesliga\u00a0 News * Wir arbeiten in&hellip;\n","protected":false},"author":2,"featured_media":1208824,"comment_status":"","ping_status":"","sticky":false,"template":"","format":"standard","meta":{"footnotes":"","_share_on_mastodon":"0"},"categories":[1833],"tags":[888,299,3364,29,217,347,30,27276,1209,863,887,4443],"class_list":["post-1208823","post","type-post","status-publish","format-standard","has-post-thumbnail","category-dortmund","tag-borussia-dortmund","tag-bundesliga","tag-de","tag-deutschland","tag-dortmund","tag-fussball","tag-germany","tag-lars-ricken","tag-nordrhein-westfalen","tag-sport-allgemein","tag-top-fussball","tag-transfers-und-geruechte"],"share_on_mastodon":{"url":"https:\/\/pubeurope.com\/@de\/117022138550420503","error":""},"_links":{"self":[{"href":"https:\/\/www.europesays.com\/de\/wp-json\/wp\/v2\/posts\/1208823","targetHints":{"allow":["GET"]}}],"collection":[{"href":"https:\/\/www.europesays.com\/de\/wp-json\/wp\/v2\/posts"}],"about":[{"href":"https:\/\/www.europesays.com\/de\/wp-json\/wp\/v2\/types\/post"}],"author":[{"embeddable":true,"href":"https:\/\/www.europesays.com\/de\/wp-json\/wp\/v2\/users\/2"}],"replies":[{"embeddable":true,"href":"https:\/\/www.europesays.com\/de\/wp-json\/wp\/v2\/comments?post=1208823"}],"version-history":[{"count":0,"href":"https:\/\/www.europesays.com\/de\/wp-json\/wp\/v2\/posts\/1208823\/revisions"}],"wp:featuredmedia":[{"embeddable":true,"href":"https:\/\/www.europesays.com\/de\/wp-json\/wp\/v2\/media\/1208824"}],"wp:attachment":[{"href":"https:\/\/www.europesays.com\/de\/wp-json\/wp\/v2\/media?parent=1208823"}],"wp:term":[{"taxonomy":"category","embeddable":true,"href":"https:\/\/www.europesays.com\/de\/wp-json\/wp\/v2\/categories?post=1208823"},{"taxonomy":"post_tag","embeddable":true,"href":"https:\/\/www.europesays.com\/de\/wp-json\/wp\/v2\/tags?post=1208823"}],"curies":[{"name":"wp","href":"https:\/\/api.w.org\/{rel}","templated":true}]}}